{"id":14302,"date":"2024-02-25T23:31:18","date_gmt":"2024-02-25T22:31:18","guid":{"rendered":"https:\/\/impronte.eu\/news\/?p=14302"},"modified":"2024-02-25T23:35:00","modified_gmt":"2024-02-25T22:35:00","slug":"saremo-da-lui-giudicati-per-la-carita-che-avremo-esercitato","status":"publish","type":"post","link":"https:\/\/impronte.eu\/news\/saremo-da-lui-giudicati-per-la-carita-che-avremo-esercitato\/","title":{"rendered":"Saremo da Lui giudicati per la carit\u00e0 che avremo esercitato"},"content":{"rendered":"<div class=\"wp-block-image\">\n<figure class=\"aligncenter is-resized\"><img decoding=\"async\" src=\"https:\/\/lh7-us.googleusercontent.com\/Y0w9hqQLpaBnhvnPHGDpKefgCtRcAZYyFY-Ts7e5VAOjHsyOfn9vz4CxbU4qU_PHHvGaeMk60UIrc588Ys6aw6liHeshSoEbmQJB7lyCV53P2aSSCZrRraRidsjUuO3pfItLxG5EAnrFR8lMFcKo0g\" alt=\"\" style=\"width:565px;height:auto\"\/><\/figure>\n<\/div>\n\n\n<p>(<em>Matteo<\/em>&nbsp;25, 44-45) \u00abSignore, quando ti abbiamo visto affamato o assetato o straniero o nudo o malato o in carcere, e non ti abbiamo servito?\u00bb. Ges\u00f9, nella veste inusuale e severa di giudice dell\u2019umanit\u00e0 risponde: <strong>\u00abTutto quello che non avete fatto a uno solo di questi pi\u00f9 piccoli, non l\u2019avete fatto a me\u00bb.<\/strong>&nbsp;<\/p>\n\n\n\n<p><strong>Il Beato Federico Ozanam diceva<\/strong>: la carit\u00e0 fu compromessa da coloro che la praticarono male, dalla filantropia, pi\u00f9 prodiga di discorsi che di sacrifici, dalla beneficenza sdegnosa, dallo zelo indiscreto. Sta a noi sradicare questi vizi che rendono l\u2019elemosina umiliante al povero e sterile davanti a Dio\u00bb (Rapporto all\u2019Assemblea Generale, Parigi, 2 agosto 1848 &#8211;&nbsp;<em>Bulletin de la Soci\u00e9t\u00e9 de S. Vincent de Paul<\/em>, vol.&nbsp;i, pag. 39).<\/p>\n\n\n\n<p>\u00abQuando doniamo ai poveri le cose indispensabili non facciamo loro delle elargizioni personali, ma rendiamo loro ci\u00f2 che \u00e8 loro. Pi\u00f9 che compiere un atto di carit\u00e0, adempiamo un dovere di giustizia\u00bb (San Gregorio Magno,&nbsp;<em>Regula Pastoralis&nbsp;<\/em>3, 21).<\/p>\n\n\n\n<p>il&nbsp;<strong>Beato Federico Ozanam&nbsp;<\/strong>scriveva in una lettera del 1835<\/p>\n\n\n\n<div class=\"wp-block-media-text is-stacked-on-mobile\" style=\"grid-template-columns:46% auto\"><figure class=\"wp-block-media-text__media\"><img loading=\"lazy\" decoding=\"async\" width=\"175\" height=\"168\" src=\"https:\/\/impronte.eu\/news\/wp-content\/uploads\/2024\/02\/ozanam.png\" alt=\"\" class=\"wp-image-14303 size-full\"\/><\/figure><div class=\"wp-block-media-text__content\">\n<p class=\"has-text-align-left\"><em>Ricercare <br>\u2013 Le cause della miseria<\/em><br><em>\u2013 Dell\u2019assistenza che umilia e di quella che onora<\/em><\/p>\n\n\n\n<p><em>\u2013 Dell\u2019elemosina che non deve mai umiliare<\/em><\/p>\n\n\n\n<p><em>Chi fa assistenza, tratter\u00e0 il povero con rispetto, non solo come un eguale, ma come un superiore, <\/em><\/p>\n\n\n\n<div style=\"height:12px\" aria-hidden=\"true\" class=\"wp-block-spacer\"><\/div>\n<\/div><\/div>\n\n\n\n<div style=\"height:14px\" aria-hidden=\"true\" class=\"wp-block-spacer\"><\/div>\n\n\n\n<p><em>perch\u00e9 sopporta ci\u00f2 che noi forse, non sopporteremmo, perch\u00e9 \u00e8 fra noi come un inviato di Dio per mettere alla prova la nostra giustizia e la nostra carit\u00e0.<\/em><\/p>\n\n\n\n<p><strong><em>Scriveva Ozanam:<\/em><\/strong><br><em>\u00abL\u2019elemosina \u00e8 la retribuzione dei servigi che non hanno prezzo\u2026 L\u2019elemosina non obbliga solo chi riceve, obbliga anche chi dona, perch\u00e9 come si fa a ripagare la gioia di una povera madre o la stretta di mano di un uomo che ha ritrovato il lavoro?\u201d. Forse la gioia pi\u00f9 grande per chi opera la carit\u00e0 \u00e8 ricevere la carit\u00e0 di un sorriso\u00bb.&nbsp;&nbsp;&nbsp;&nbsp;&nbsp;&nbsp;&nbsp;&nbsp;&nbsp;&nbsp;<\/em><\/p>\n\n\n\n<p>Ricordando per\u00f2 che la giustizia non pu\u00f2 essere senza carit\u00e0.<\/p>\n\n\n\n<p>Ozanam, pu\u00f2 essere definito il precursore della&nbsp;<strong><em>dottrina sociale della Chiesa<\/em><\/strong>, come lo ha definito&nbsp;<strong><em>Giovanni Paolo II<\/em><\/strong>&nbsp;nell\u2019omelia a Notre-Dame nel 1997.<\/p>\n\n\n\n<p>E noi oggi concretamente cosa stiamo facendo ed in che modo stiamo guardando avanti?<\/p>\n\n\n\n<p>Le parole del Beato Federico Ozanam dobbiamo cercare di trasformarle in fatti concreti ed accessibili per riportare, con la carit\u00e0, giustizia ove era dolore e sofferenza. Ricordando che la giustizia non pu\u00f2 essere senza carit\u00e0. La giustizia sociale, ricordiamoci, la troviamo gi\u00e0 scritta nel vangelo.&nbsp;<\/p>\n\n\n\n<p><strong>Dalla somma teologica di San Tommaso D&#8217;Aquino<\/strong>\u2026<\/p>\n\n\n\n<div class=\"wp-block-media-text is-stacked-on-mobile is-vertically-aligned-top\" style=\"grid-template-columns:24% auto\"><figure class=\"wp-block-media-text__media\"><img loading=\"lazy\" decoding=\"async\" width=\"119\" height=\"184\" src=\"https:\/\/impronte.eu\/news\/wp-content\/uploads\/2024\/02\/santommasodaquino.png\" alt=\"\" class=\"wp-image-14304 size-full\"\/><\/figure><div class=\"wp-block-media-text__content\">\n<p>\u201dla vera virt\u00f9 in assoluto \u00e8 quella che ordina al bene principale dell\u2019uomo (\u2026.). E cos\u00ec non ci pu\u00f2 essere nessuna vera vir\u00f9 senza carit\u00e0. se invece si considera la virtu in rapporto ad un fine particolare, allora si pu\u00f2 parlare di virtu anche senza la carit\u00e0, inquanto essa \u00e8 ordinata ad un fine particolare. Se per\u00f2 questo bene particolare \u00e8 un bene non vero, ma apparente, allora la virt\u00f9 ad esso correlata non sar\u00e0 vera virt\u00f9, ma una falsa immagine (\u2026).<\/p>\n<\/div><\/div>\n\n\n\n<p>Se invece questo bene particolare \u00e8 un bene vero (\u2026) allora si avr\u00e0 vera virt\u00f9, ma imperfetta (\u2026).Ed in base a ci\u00f2, assolutamente parlando, non ci pu\u00f2 essere vera virt\u00f9 senza carita\u201d.<\/p>\n\n\n\n<p>La carit\u00e0 da la forma a tutte le altre virt\u00f9, in tal senso si dice che essa \u00e8 la forma delle altre virt\u00f9.<\/p>\n","protected":false},"excerpt":{"rendered":"<p>(Matteo&nbsp;25, 44-45) \u00abSignore, quando ti abbiamo visto affamato o assetato o straniero o nudo o malato o in carcere, e non ti abbiamo servito?\u00bb. Ges\u00f9, nella veste inusuale e severa di giudice dell\u2019umanit\u00e0 risponde: \u00abTutto quello che non avete fatto a uno solo di questi pi\u00f9 piccoli, non l\u2019avete fatto a me\u00bb.&nbsp; Il Beato Federico&#8230;<\/p>\n","protected":false},"author":9,"featured_media":0,"comment_status":"open","ping_status":"open","sticky":false,"template":"","format":"standard","meta":{"footnotes":""},"categories":[63,72],"tags":[],"class_list":["post-14302","post","type-post","status-publish","format-standard","hentry","category-cultura","category-fede"],"_links":{"self":[{"href":"https:\/\/impronte.eu\/news\/wp-json\/wp\/v2\/posts\/14302","targetHints":{"allow":["GET"]}}],"collection":[{"href":"https:\/\/impronte.eu\/news\/wp-json\/wp\/v2\/posts"}],"about":[{"href":"https:\/\/impronte.eu\/news\/wp-json\/wp\/v2\/types\/post"}],"author":[{"embeddable":true,"href":"https:\/\/impronte.eu\/news\/wp-json\/wp\/v2\/users\/9"}],"replies":[{"embeddable":true,"href":"https:\/\/impronte.eu\/news\/wp-json\/wp\/v2\/comments?post=14302"}],"version-history":[{"count":5,"href":"https:\/\/impronte.eu\/news\/wp-json\/wp\/v2\/posts\/14302\/revisions"}],"predecessor-version":[{"id":14310,"href":"https:\/\/impronte.eu\/news\/wp-json\/wp\/v2\/posts\/14302\/revisions\/14310"}],"wp:attachment":[{"href":"https:\/\/impronte.eu\/news\/wp-json\/wp\/v2\/media?parent=14302"}],"wp:term":[{"taxonomy":"category","embeddable":true,"href":"https:\/\/impronte.eu\/news\/wp-json\/wp\/v2\/categories?post=14302"},{"taxonomy":"post_tag","embeddable":true,"href":"https:\/\/impronte.eu\/news\/wp-json\/wp\/v2\/tags?post=14302"}],"curies":[{"name":"wp","href":"https:\/\/api.w.org\/{rel}","templated":true}]}}