{"id":14524,"date":"2024-03-26T16:06:51","date_gmt":"2024-03-26T15:06:51","guid":{"rendered":"https:\/\/impronte.eu\/news\/?p=14524"},"modified":"2024-03-26T16:07:26","modified_gmt":"2024-03-26T15:07:26","slug":"la-storia-del-museo-della-lettera-damore-un-sogno-lungo-due-vite-prima-puntata","status":"publish","type":"post","link":"https:\/\/impronte.eu\/news\/la-storia-del-museo-della-lettera-damore-un-sogno-lungo-due-vite-prima-puntata\/","title":{"rendered":"La storia del Museo della lettera d\u2019amore: un sogno lungo due vite \u2013 prima puntata"},"content":{"rendered":"\n<p>La creazione del Museo della Lettera d\u2019Amore (MLA) \u00e8 una di quelle vicende che hanno a che fare pi\u00f9 con la materia dei sogni che con la realt\u00e0. Un incontro casuale sulla circumvesuviana, il trenino che collega Napoli a Sorrento, un abruzzese 34enne in vacanza conosce una ragazza pompeiana dai lunghissimi capelli rossi e in minigonna che torna a casa. I due intrattengono una lunga corrispondenza epistolare. Grazie alle lettere, l\u2019amicizia si trasforma in un sentimento delicato d\u2019amore e poi nella fiamma della passione. In una delle missive, lui disegna un enorme palazzo che ha sognato, nel quale avrebbero vissuto insieme; pi\u00f9 tardi scopriranno che quello era il Palazzo Valignani, in cui sarebbe stato ospitato il Museo! Si sposano. Gestiscono una casa editrice. Pensano di promuovere un concorso letterario e, ricordando il loro scambio epistolare, danno vita al premio lettera d\u2019amore, oggi alla XXIV edizione.\u00a0<\/p>\n\n\n\n<p><img loading=\"lazy\" decoding=\"async\" width=\"316\" height=\"421\" src=\"https:\/\/lh7-us.googleusercontent.com\/RzNTAIW88FZn91l-nSZjAOpjwgsKbx1zFFFBxCI4z0GvbkHq9UTWOKJz4Q9FcOvKv4HBFwy0_DKj3VB9IJefs1rS933wOirySnkWpMQR0uZxzKPxVRlGuexkgZG-HTM0dAestDHPBL_1PznC0A1uIA\" alt=\"1706723543950\"><\/p>\n\n\n\n<p>Alla prima edizione furono mille e cinquecento i testi partecipanti, provenienti da tutti i continenti, e intorno al migliaio nelle successive. Che sorpresa aprirle! Ne scaturivano profumi di pane fragrante, di cioccolato, di gelsomino, all\u2019interno si trovavano biglie, matitine, foto, liste della spesa, forse per distrazione o per fretta di imbucarle\u2026 Si apriva ogni volta un piccolo mondo, una finestra sulla vita e sulle emozioni di sconosciuti, immaginavano le storie di quelle scrittrici o di quegli scrittori spesso improvvisati, presi dall\u2019impeto di confessare i propri intimi sentimenti\u2026 Conservavano non solo le lettere, ma anche le buste, e, siccome la sede dell\u2019associazione culturale organizzatrice era presso la loro casa, pian piano le stanze si riempirono\u2026 Ne accumularono pile perfino sotto il letto: nel 2009 il sisma dell\u2019Aquila nel pieno della notte svegli\u00f2 anche loro, e in quei momenti concitati di paura, pensarono di mettersi in salvo rifugiandosi sotto il letto, ma non poterono, perch\u00e9 era occupato dalle lettere\u2026 Disperati, la mattina dopo presero la decisione di disfarsi dei pacchi.&nbsp;<\/p>\n\n\n\n<p>-Che cosa ne facciamo?<\/p>\n\n\n\n<p>Viene in mente loro di farne un museo. Si presentarono dal Sindaco di Torrevecchia Teatina, l\u2019Avvocato Katja Baboro, che accolse la loro proposta con un sorriso! Fu proprio lei, insieme con poche altre persone, tra cui Leo Santangelo, a rimboccarsi le maniche e a creare l\u2019installazione nella sala pi\u00f9 grande, in cui le lettere, tenute da un filo, scendono dal soffitto ad altezza dello sguardo e, quando la sala \u00e8 aperta, oscillano, come se volessero riprendere il loro cammino verso nuovi destinatari.<\/p>\n\n\n\n<p>Il sogno continua, perch\u00e9 il Museo si arricchisce.<\/p>\n\n\n\n<p>Tra le tante donazioni, quella delle lettere e delle testimonianze che migliaia e migliaia di fedeli da tutte le parti del mondo e in tutte le lingue trascrissero su fogli e carte di fortuna e che furono deposte accanto al feretro nel giorno della cerimonia funebre del Papa Giovanni Paolo II, San Karol! Gli scritti furono conservati dai Papaboys per conto del Vaticano e oggi sono esposte in tre sale dedicate a San Karol nel Museo. La pi\u00f9 bella lettera tra queste \u00e8 quella di un pentito di mafia che in quel giorno si convert\u00ec alla fede, rigettando la sua vita di efferatezze.&nbsp;<\/p>\n\n\n\n<p>A Torrevecchia Teatina si susseguono la Televisione polacca, quella tedesca, quella libanese, TV 2000. La notizia fa il giro del mondo\u2026<\/p>\n","protected":false},"excerpt":{"rendered":"<p>La creazione del Museo della Lettera d\u2019Amore (MLA) \u00e8 una di quelle vicende che hanno a che fare pi\u00f9 con la materia dei sogni che con la realt\u00e0. Un incontro casuale sulla circumvesuviana, il trenino che collega Napoli a Sorrento, un abruzzese 34enne in vacanza conosce una ragazza pompeiana dai lunghissimi capelli rossi e in&#8230;<\/p>\n","protected":false},"author":16,"featured_media":0,"comment_status":"open","ping_status":"open","sticky":false,"template":"","format":"standard","meta":{"footnotes":""},"categories":[1],"tags":[],"class_list":["post-14524","post","type-post","status-publish","format-standard","hentry","category-uncategorized"],"_links":{"self":[{"href":"https:\/\/impronte.eu\/news\/wp-json\/wp\/v2\/posts\/14524","targetHints":{"allow":["GET"]}}],"collection":[{"href":"https:\/\/impronte.eu\/news\/wp-json\/wp\/v2\/posts"}],"about":[{"href":"https:\/\/impronte.eu\/news\/wp-json\/wp\/v2\/types\/post"}],"author":[{"embeddable":true,"href":"https:\/\/impronte.eu\/news\/wp-json\/wp\/v2\/users\/16"}],"replies":[{"embeddable":true,"href":"https:\/\/impronte.eu\/news\/wp-json\/wp\/v2\/comments?post=14524"}],"version-history":[{"count":2,"href":"https:\/\/impronte.eu\/news\/wp-json\/wp\/v2\/posts\/14524\/revisions"}],"predecessor-version":[{"id":14526,"href":"https:\/\/impronte.eu\/news\/wp-json\/wp\/v2\/posts\/14524\/revisions\/14526"}],"wp:attachment":[{"href":"https:\/\/impronte.eu\/news\/wp-json\/wp\/v2\/media?parent=14524"}],"wp:term":[{"taxonomy":"category","embeddable":true,"href":"https:\/\/impronte.eu\/news\/wp-json\/wp\/v2\/categories?post=14524"},{"taxonomy":"post_tag","embeddable":true,"href":"https:\/\/impronte.eu\/news\/wp-json\/wp\/v2\/tags?post=14524"}],"curies":[{"name":"wp","href":"https:\/\/api.w.org\/{rel}","templated":true}]}}