{"id":14527,"date":"2024-03-26T16:15:25","date_gmt":"2024-03-26T15:15:25","guid":{"rendered":"https:\/\/impronte.eu\/news\/?p=14527"},"modified":"2024-03-26T16:15:26","modified_gmt":"2024-03-26T15:15:26","slug":"danza-in-fiera-2024-un-trionfo-di-movimento-creativita-e-eccellenza-nella-danza","status":"publish","type":"post","link":"https:\/\/impronte.eu\/news\/danza-in-fiera-2024-un-trionfo-di-movimento-creativita-e-eccellenza-nella-danza\/","title":{"rendered":"Danza In Fiera 2024: Un Trionfo di Movimento, Creativit\u00e0 e Eccellenza nella Danza"},"content":{"rendered":"\n<p><em>Dal 2006 DanzaInFiera rappresenta un appuntamento fisso per tutti gli operatori e i professionisti del settore danza, ballerini, scuole, aziende, ecc\u2026 nonch\u00e9 punto d\u2019incontro per i pi\u00f9 variegati stili di danza.<\/em><\/p>\n\n\n\n<p><\/p>\n\n\n\n<div class=\"wp-block-media-text is-stacked-on-mobile\"><figure class=\"wp-block-media-text__media\"><img loading=\"lazy\" decoding=\"async\" width=\"724\" height=\"1024\" src=\"https:\/\/impronte.eu\/news\/wp-content\/uploads\/2024\/03\/gottardi-26mar24-1-724x1024.png\" alt=\"\" class=\"wp-image-14528 size-full\" srcset=\"https:\/\/impronte.eu\/news\/wp-content\/uploads\/2024\/03\/gottardi-26mar24-1-724x1024.png 724w, https:\/\/impronte.eu\/news\/wp-content\/uploads\/2024\/03\/gottardi-26mar24-1-212x300.png 212w, https:\/\/impronte.eu\/news\/wp-content\/uploads\/2024\/03\/gottardi-26mar24-1-768x1087.png 768w, https:\/\/impronte.eu\/news\/wp-content\/uploads\/2024\/03\/gottardi-26mar24-1-580x821.png 580w, https:\/\/impronte.eu\/news\/wp-content\/uploads\/2024\/03\/gottardi-26mar24-1-860x1217.png 860w, https:\/\/impronte.eu\/news\/wp-content\/uploads\/2024\/03\/gottardi-26mar24-1.png 1000w\" sizes=\"auto, (max-width: 724px) 100vw, 724px\" \/><\/figure><div class=\"wp-block-media-text__content\">\n<p>Quest\u2019anno \u00e8 stata Firenze, il cuore culturale della Toscana, che ha accolto con entusiasmo e fervore il rinomato evento di <strong>DanzaInFiera<\/strong>, tenutosi dal 23 al 25 febbraio 2024.\u00a0<br>Questo festival, che ha ormai guadagnato fama a livello internazionale, ha sottolineato l&#8217;importanza della danza nella sua variet\u00e0 e ha ospitato alcuni dei nomi pi\u00f9 importanti nel mondo della coreografia e dell&#8217;arte della danza. Il <strong>Centro Congressi di Firenze<\/strong> \u00e8 cos\u00ec diventato il palcoscenico perfetto per celebrare l&#8217;arte del movimento, attirando appassionati di danza, professionisti del settore e curiosi provenienti da tutto il mondo, <\/p>\n<\/div><\/div>\n\n\n\n<p>offrendo un\u2019atmosfera incantevole, una piattaforma per esibizioni straordinarie, workshop interattivi, e la possibilit\u00e0 di entrare in contatto con le ultime tendenze nel mondo della danza.<\/p>\n\n\n\n<p>Nei 3 giorni dell\u2019evento, dedicato soprattutto ai giovani, si sono riversate, nella <strong>Fortezza da Basso di Firenze<\/strong>, oltre 18 mila persone e DanzaInFiera non ha deluso le aspettative, offrendo un mix eclettico di stili e discipline. I partecipanti hanno potuto godere di spettacoli mozzafiato ed esposizioni di abiti di scena incredibili. I workshop guidati da coreografi di fama mondiale hanno permesso agli appassionati di affinare le proprie abilit\u00e0 e di apprendere nuove tecniche. Il Centro Congressi si \u00e8 cos\u00ec trasformato in un luogo magico dove la musica, il movimento e l&#8217;arte si sono fusi in una sinfonia di emozioni.<\/p>\n\n\n\n<p>L\u2019essenza di DanzaInFiera non \u00e8 solo quella di rappresentare un grandioso festival annuale, ma soprattutto quello di creare un&#8217;esperienza che abbracci tutte le sfaccettature della danza. Da stili classici a quelli pi\u00f9 contemporanei, il festival ha celebrato la diversit\u00e0, offrendo una piattaforma inclusiva per ballerini emergenti e artisti consolidati.<\/p>\n\n\n\n<p>Il programma di DanzaInFiera 2024 \u00e8 stato un tour de force di eventi imperdibili, dalle straordinarie esibizioni serali, che hanno catturato l&#8217;essenza della danza in tutte le sue forme, ai workshop mattutini che hanno permesso ai partecipanti di apprendere direttamente da grandi maestri: ogni momento \u00e8 stato un&#8217;opportunit\u00e0 per approfondire la comprensione della danza e per scoprire nuove prospettive.<\/p>\n\n\n\n<p>Vi sono stati anche dei momenti salienti, in cui figure di spicco del mondo della danza hanno condiviso parte della loro arte e del loro percorso artistico con il pubblico presente. Tra i partecipanti pi\u00f9 illustri, la leggendaria ballerina e coreografa <strong>Sylvie Guillem<\/strong>, che ha catturato l&#8217;attenzione di tutti i presenti con la sua maestria tecnica e la sua presenza magnetica e il coreografo contemporaneo <strong>Akram Khan<\/strong>, che ha lasciato il segno con la sua visione innovativa della danza, portando un tocco di modernit\u00e0 e audacia all&#8217;evento.<\/p>\n\n\n\n<p>La presenza di queste figure iconiche non solo ha aggiunto prestigio all&#8217;evento ma ha anche offerto un&#8217;opportunit\u00e0 unica per gli appassionati di apprendere dalle menti pi\u00f9 brillanti del settore.&nbsp;<\/p>\n\n\n\n<p>Importantissimi sono stati anche i momenti dedicati alla formazione e all\u2019aggiornamento professionale. Eccellenti maestri come <strong>Anna Maria Prina<\/strong>, <strong>Franco De Vita<\/strong> e <strong>Raymond Luckens<\/strong> hanno guidato sessioni educative rivolte ai docenti, ribadendo l\u2019importanza dell\u2019apprendimento continuo nel campo della danza.&nbsp;<\/p>\n\n\n\n<p>Con una variegata gamma di eventi, workshop e audizioni, Danzainfiera 2024 ha dimostrato di essere molto pi\u00f9 di una semplice fiera commerciale, diventando invece una piattaforma dinamica per la crescita personale e professionale, un luogo dove la passione per la danza si traduce in opportunit\u00e0 concrete per aspiranti ballerini, insegnanti e professionisti del settore.<\/p>\n\n\n\n<p>Il momento clou dell&#8217;evento \u00e8 stato &#8220;<strong>The Gala<\/strong>&#8220;, che ha visto esibirsi celebri \u00e9toile e talenti emergenti in una serata caratterizzata da alta tecnica ed emozione. Tra gli artisti acclamati, <strong>Daniil Simkin<\/strong> e <strong>Nicoletta Manni<\/strong> con <strong>Timofej Adrijashenko<\/strong>, i <strong>Fresh\u2019N\u2019 Clean, Luisa Ieluzzi<\/strong> e <strong>Danilo Notaro<\/strong>, <strong>Erika Zuza<\/strong> e <strong>Yari Paolone<\/strong>, oltre al gruppo di 16 ballerini dell\u2019<strong>Aterballetto<\/strong>. La serata ha rappresentato una celebrazione di stili diversi, in linea con lo spirito inclusivo e formativo della manifestazione.<\/p>\n\n\n\n<p>Tra gli highlight, la presentazione del libro di <strong>Nicoletta Manni<\/strong>, che ha suscitato grande entusiasmo tra i fan, e gli incontri con stelle della danza come <strong>Giuseppe Picone<\/strong> e <strong>Ramon Agnelli<\/strong>. L&#8217;<strong>Accademia Teatro alla Scala <\/strong>e l&#8217;<strong>Aula Moma Studios <\/strong>hanno attratto un&#8217;attenzione notevole, cos\u00ec come le audizioni per le produzioni teatrali del <strong>Teatro Sistina<\/strong>, dimostrando l&#8217;alta qualit\u00e0 e il vasto interesse per la formazione e il talento.&nbsp;<\/p>\n\n\n\n<p>La manifestazione ha registrato numeri da record: pi\u00f9 di 9.500 ballerini hanno calcato i palchi e le aule, rispondendo all&#8217;invito dello slogan &#8220;<strong>All Beats to Dance<\/strong>&#8220;. Con 480 buyer e oltre 100 giornalisti presenti, l&#8217;evento ha dimostrato una significativa crescita e un rinnovato interesse internazionale. La presenza di 322 docenti e 55 istituzioni nazionali e internazionali, insieme a 608 scuole e migliaia di giovani talenti, ha reso Danzainfiera un vero e proprio incubatore per i futuri protagonisti della scena danzante.&nbsp;<\/p>\n\n\n\n<p>Sono questi i numeri di una manifestazione destinata a rivestire un ruolo sempre pi\u00f9 cruciale nel panorama della danza a livello globale. Innanzitutto, fornisce una piattaforma ineguagliabile per i talenti emergenti, permettendo loro di mettersi in evidenza di fronte a un pubblico internazionale e di stabilire connessioni fondamentali nel settore.&nbsp;<\/p>\n\n\n\n<p>Inoltre, l&#8217;evento svolge un ruolo chiave nell&#8217;innovazione coreografica, presentando nuove tendenze e stili che influenzeranno il futuro della danza. I workshop e le masterclass offrono un&#8217;opportunit\u00e0 unica per gli appassionati di approfondire la propria conoscenza e migliorare le proprie capacit\u00e0.&nbsp;<\/p>\n\n\n\n<p>DanzaInFiera \u00e8 insomma un catalizzatore per la crescita e la promozione della danza come forma d&#8217;arte, dimostrando che la sua importanza va ben oltre il palco, ma risiede proprio nel fatto di presentarsi come crocevia fondamentale per la comunit\u00e0 della danza, creando un ambiente in cui artisti, insegnanti, e appassionati possono condividere il loro interesse e contribuire alla crescita continua di questa disciplina.<\/p>\n\n\n\n<p>In conclusione, DanzaInFiera 2024 \u00e8 stato davvero un successo straordinario. \u00c8 stato un trionfo di movimento, creativit\u00e0 ed eccellenza nella danza: l&#8217;evento ha dimostrato che la danza \u00e8 una lingua universale, che pu\u00f2 connettere culture, generazioni e talenti in un abbraccio armonioso, contribuendo cos\u00ec a plasmare il futuro della danza.<\/p>\n","protected":false},"excerpt":{"rendered":"<p>Dal 2006 DanzaInFiera rappresenta un appuntamento fisso per tutti gli operatori e i professionisti del settore danza, ballerini, scuole, aziende, ecc\u2026 nonch\u00e9 punto d\u2019incontro per i pi\u00f9 variegati stili di danza. Quest\u2019anno \u00e8 stata Firenze, il cuore culturale della Toscana, che ha accolto con entusiasmo e fervore il rinomato evento di DanzaInFiera, tenutosi dal 23&#8230;<\/p>\n","protected":false},"author":8,"featured_media":0,"comment_status":"open","ping_status":"open","sticky":false,"template":"","format":"standard","meta":{"footnotes":""},"categories":[63,69,68],"tags":[],"class_list":["post-14527","post","type-post","status-publish","format-standard","hentry","category-cultura","category-fashion","category-teatro"],"_links":{"self":[{"href":"https:\/\/impronte.eu\/news\/wp-json\/wp\/v2\/posts\/14527","targetHints":{"allow":["GET"]}}],"collection":[{"href":"https:\/\/impronte.eu\/news\/wp-json\/wp\/v2\/posts"}],"about":[{"href":"https:\/\/impronte.eu\/news\/wp-json\/wp\/v2\/types\/post"}],"author":[{"embeddable":true,"href":"https:\/\/impronte.eu\/news\/wp-json\/wp\/v2\/users\/8"}],"replies":[{"embeddable":true,"href":"https:\/\/impronte.eu\/news\/wp-json\/wp\/v2\/comments?post=14527"}],"version-history":[{"count":1,"href":"https:\/\/impronte.eu\/news\/wp-json\/wp\/v2\/posts\/14527\/revisions"}],"predecessor-version":[{"id":14529,"href":"https:\/\/impronte.eu\/news\/wp-json\/wp\/v2\/posts\/14527\/revisions\/14529"}],"wp:attachment":[{"href":"https:\/\/impronte.eu\/news\/wp-json\/wp\/v2\/media?parent=14527"}],"wp:term":[{"taxonomy":"category","embeddable":true,"href":"https:\/\/impronte.eu\/news\/wp-json\/wp\/v2\/categories?post=14527"},{"taxonomy":"post_tag","embeddable":true,"href":"https:\/\/impronte.eu\/news\/wp-json\/wp\/v2\/tags?post=14527"}],"curies":[{"name":"wp","href":"https:\/\/api.w.org\/{rel}","templated":true}]}}