{"id":14533,"date":"2024-03-26T16:28:44","date_gmt":"2024-03-26T15:28:44","guid":{"rendered":"https:\/\/impronte.eu\/news\/?p=14533"},"modified":"2024-03-26T16:32:53","modified_gmt":"2024-03-26T15:32:53","slug":"donne-progetto-oltre-linfinito-per-chi-non-si-arrende-mai","status":"publish","type":"post","link":"https:\/\/impronte.eu\/news\/donne-progetto-oltre-linfinito-per-chi-non-si-arrende-mai\/","title":{"rendered":"Donne: progetto oltre l\u2019infinito per chi non si arrende mai."},"content":{"rendered":"\n<div class=\"wp-block-media-text is-stacked-on-mobile\"><figure class=\"wp-block-media-text__media\"><img loading=\"lazy\" decoding=\"async\" width=\"731\" height=\"1024\" src=\"https:\/\/impronte.eu\/news\/wp-content\/uploads\/2024\/03\/mberardi-26mar24-731x1024.jpeg\" alt=\"\" class=\"wp-image-14534 size-full\" srcset=\"https:\/\/impronte.eu\/news\/wp-content\/uploads\/2024\/03\/mberardi-26mar24-731x1024.jpeg 731w, https:\/\/impronte.eu\/news\/wp-content\/uploads\/2024\/03\/mberardi-26mar24-214x300.jpeg 214w, https:\/\/impronte.eu\/news\/wp-content\/uploads\/2024\/03\/mberardi-26mar24-768x1075.jpeg 768w, https:\/\/impronte.eu\/news\/wp-content\/uploads\/2024\/03\/mberardi-26mar24-580x812.jpeg 580w, https:\/\/impronte.eu\/news\/wp-content\/uploads\/2024\/03\/mberardi-26mar24-860x1204.jpeg 860w, https:\/\/impronte.eu\/news\/wp-content\/uploads\/2024\/03\/mberardi-26mar24.jpeg 1080w\" sizes=\"auto, (max-width: 731px) 100vw, 731px\" \/><\/figure><div class=\"wp-block-media-text__content\">\n<p>Ogni giorno vi sono donne che oltre che continuare a combattere ancora per la parit\u00e0 dei diritti devono fare i conti con barriere culturali pi\u00f9 pesanti, quelle della disabilit\u00e0.&nbsp;<\/p>\n\n\n\n<p>Francesca Cesarini 16 anni campionessa paraolimpica di Pole dance, \u00e8 nata senza due avanbracci e una gamba, ma questo non ha mai costituito un limite allo svolgimento di tutte le sue attivit\u00e0. Con grande determinazione e rigorosa disciplina ha raggiunto svariati obbiettivi, l\u2019ultimo \u00e8 quello di diventare medico. Il suo motto \u00e8 \u201cnessuno mi potr\u00e0 mai fermare \u201c.\u00a0<\/p>\n\n\n\n<div style=\"height:21px\" aria-hidden=\"true\" class=\"wp-block-spacer\"><\/div>\n<\/div><\/div>\n\n\n\n<div style=\"height:20px\" aria-hidden=\"true\" class=\"wp-block-spacer\"><\/div>\n\n\n\n<p>Persone con disabilit\u00e0 e le loro famiglie combattono per accedere ad aspetti della vita che per la maggior parte dei cittadini, dal sesso all\u2019uso dei trasporti pubblici,  alle barriere architettoniche riflettono quelle pi\u00f9 pesanti che sono quelle culturali. A questo riguardo una strada pi\u00f9 in salita devono percorrere le donne disabili che gi\u00e0 combattono con la parit\u00e0 di genere ma che con il loro esempio e determinazione lasciano un segno indelebile della storia cambiandola.<\/p>\n\n\n\n<p>Partendo dall\u2019antichit\u00e0 troviamo Sarah Biffin miniaturista inglese focomelica dalla nascita, che alla fine del 700 seppe costruirsi una vita ed un lavoro facendo emergere il suo talento. Dopo la sua morte finalmente verr\u00e0 apprezzata come donna e come artista, capace ancora di ispirare alle donne disabili la necessit\u00e0 di perseverare per una reale inclusione. Nella sua epoca le barriere culturali erano praticamente insormontabili ed essere donna in una societ\u00e0 dominata dal potere maschile, per giunta di origini umili e con disabilit\u00e0 congenita, equivaleva ad una condanna di stenti e a volte di morte poi che spesso venivano lasciati morire di inedia per non causare \u201cproblemi\u201d alle persone che vivevano loro accanto. Biffin disegna paesaggi e miniature con\u201d la bocca\u201d.<\/p>\n\n\n\n<p>Nel 1808 ad una fiera il destino le fece incontrare George Douglas, conte di Morton che folgorato dalla sua bravura le commission\u00f2 un ritratto diventando il suo mecenate e ne affid\u00f2 la formazione all\u2019acquarellista reale William Marshall Craig. Dopo tanto studio Sarah venne ammessa alla Royal Accademy of Arts, sotto la Regina Vittoria infrangendo la regola che vietava alle donne l\u2019ingresso nella scuola. Nel 1821 ricevette la medaglia d\u2019argento dell\u2019Accademia Reale come miniaturista. Nonostante la fama crescente veniva sempre trattata come una caricatura, oggetto di scherno. Non fu mai fatto all\u2019epoca riferimento alle sue conquiste, anzi in alcune opere letterarie fu presa in giro.<\/p>\n\n\n\n<p>Sarah non si cur\u00f2 mai di ci\u00f2, n\u00e9 si offese e and\u00f2 avanti sempre sicura di se.<\/p>\n\n\n\n<p>Tutto ci\u00f2 si chiama multi discriminazione ed \u00e8 la combinazione tra disuguaglianze di genere e barriere, un mix che rende le donne con disabilit\u00e0 pi\u00f9 discriminate rispetto a chiunque altro.<\/p>\n\n\n\n<p>Frida Kahlo, \u201cun mito\u201d, pittrice messicana dallo spirito indipendente e passionale, fu vittima di un incidente, disabile per la poliomielite trascende qualsiasi definizione. La potenza del suo ingegno e della sua forte personalit\u00e0 \u00e8 ancora oggi un\u2019eredit\u00e0 imprescindibile per l\u2019arte contemporanea e per l\u2019umanit\u00e0 in genere.&nbsp;&nbsp;<\/p>\n\n\n\n<p>Celebre e rappresentativa \u00e8 la sua frase \u201cSe solo i nostri occhi vedessero le anime invece che i corpi quanto sarebbe diversa la nostra idea di bellezza\u201d. La sua pittura porta in se il messaggio del dolore, infatti la sua arte sar\u00e0 sempre condizionata dalle molteplici sofferenze fisiche e morali vissute.<\/p>\n\n\n\n<p>Non fu comunque solo la sofferenza ad ispirarla ma sostenne ed espresse fortemente i suoi ideali politici e l\u2019attaccamento alla propria patria. Come dice Frida Kahlo a tutte le donne: \u201cNon come chi vince sempre ma come chi non si arrende mai\u201d.&nbsp;<\/p>\n\n\n\n<p>Anno 2021 Amanda Gorman ha l\u2019incarico di Inaugural Poet of 2021 per la cerimonia d\u2019insediamento del Presidente degli Stati Uniti Joe Biden entrando nella storia come la pi\u00f9 giovane poetessa. E\u2019 una donna disabile che ha un disturbo dell\u2019elaborazione uditiva e di linguaggio che non le permette una facile articolazione del discorso, ha dichiarato al Los Angeles Time che la sua disabilit\u00e0 non \u00e8 una debolezza bens\u00ec proprio questa l\u2019ha resa un\u2019artista.<\/p>\n\n\n\n<p>Sofia Righetti, atleta, modella e musicista, anche lei ha trasformato la sua disabilit\u00e0 in opportunit\u00e0. Nata a Verona nel 1988 a cinque mesi subisce un delicato intervento al cuore per una cardiopatia congenita. L\u2019operazione non riesce e si verifica un\u2019irreversibile danno midollare che le causa la perdita delle gambe.<\/p>\n\n\n\n<p>Dopo i 12 anni decide di utilizzare la sedia a rotelle che definir\u00e0 \u201cil giorno pi\u00f9 bello della sua vita\u201d perch\u00e9 poteva esprimere se stessa al 100 %. Si laurea in filosofia della medicina e la sua tesi specialistica affronta il tema delle persone con disabilit\u00e0. E\u2019 una donna determinata nel seguire i suoi obbiettivi personali, suona la chitarra elettrica e inizia la sua carriera di fotomodella per diversi fotografi.<\/p>\n\n\n\n<p>La sua passione per la musica la porter\u00e0 a girare il mondo con la sua band i \u201c Vodka four Breakfast \u201d. Ma lei ha anche la passione per lo sport e diventa campionessa di sci alpino a livello agonistico.<\/p>\n\n\n\n<p>Nota anche per l\u2019amore per gli animali, che la fa scegliere di essere vegana. Sempre attiva per la tutela dei loro diritti, \u00e8 stata spesso ospite nei programmi di Licia Col\u00f2.<\/p>\n\n\n\n<p>Lauren Tervel Ridloff anche lei disabile, classe 1978 di Chicago \u00e8 diventata famosa per essere stata scelta nel cast del film \u201cEternals\u201d. Il suo obbiettivo era diventare attrice per bambini. La sua notoriet\u00e0 \u00e8 esplosa quando ha vestito i panni di Sarah nel dramma teatrale \u201cFigli di un dio minore\u201d che gli \u00e8 avvalso per ottenere vari riconoscimenti.<\/p>\n\n\n\n<p><em>Riforma dello sport<\/em><\/p>\n\n\n\n<p>Il 2022 \u00e8 l\u2019anno di svolta per il mondo sportivo italiano che \u00e8 entrato nella Costituzione e protegge disabili e minori.<\/p>\n\n\n\n<p>Prima della riforma la presenza degli atleti paraolimpici nei gruppi sportivi e corpi civili statali non era regolamentata n\u00e9 sotto il profilo economico n\u00e9 sotto quello legale.<\/p>\n\n\n\n<p>Ora la legge tutela i disabili e anche le donne nello sport garantendo pari opportunit\u00e0 anche agli animali coinvolti in attivit\u00e0 sportive.<\/p>\n\n\n\n<p>Grazie alla legge, il Coni sar\u00e0 obbligato a promuovere la parit\u00e0 di genere, favorendo l\u2019inserimento delle donne anche disabili in ruoli di gestione e responsabilit\u00e0.<\/p>\n\n\n\n<p>Martina Caironi, campionessa paraolimpica di Tokyo 2020 \u00e8 un modello per tante ragazze amputate e fa parte del Consiglio Paraolimpico Internazionale, come la normodotata Federica Pellegrini. \u201cLa disabilit\u00e0 mi ha fatto conoscere parti nuove di me\u201d &#8211; dir\u00e0 di s\u00e9 stessa in varie interviste- \u201ce mi ha fatto comprendere che si possono superare i limiti con passione, determinazione e volont\u00e0. Per vincere nella vita bisogna sempre riformularsi\u201d.&nbsp;<\/p>\n","protected":false},"excerpt":{"rendered":"<p>Persone con disabilit\u00e0 e le loro famiglie combattono per accedere ad aspetti della vita che per la maggior parte dei cittadini, dal sesso all\u2019uso dei trasporti pubblici, alle barriere architettoniche riflettono quelle pi\u00f9 pesanti che sono quelle culturali. A questo riguardo una strada pi\u00f9 in salita devono percorrere le donne disabili che gi\u00e0 combattono con&#8230;<\/p>\n","protected":false},"author":4,"featured_media":0,"comment_status":"open","ping_status":"open","sticky":false,"template":"","format":"standard","meta":{"footnotes":""},"categories":[63],"tags":[],"class_list":["post-14533","post","type-post","status-publish","format-standard","hentry","category-cultura"],"_links":{"self":[{"href":"https:\/\/impronte.eu\/news\/wp-json\/wp\/v2\/posts\/14533","targetHints":{"allow":["GET"]}}],"collection":[{"href":"https:\/\/impronte.eu\/news\/wp-json\/wp\/v2\/posts"}],"about":[{"href":"https:\/\/impronte.eu\/news\/wp-json\/wp\/v2\/types\/post"}],"author":[{"embeddable":true,"href":"https:\/\/impronte.eu\/news\/wp-json\/wp\/v2\/users\/4"}],"replies":[{"embeddable":true,"href":"https:\/\/impronte.eu\/news\/wp-json\/wp\/v2\/comments?post=14533"}],"version-history":[{"count":6,"href":"https:\/\/impronte.eu\/news\/wp-json\/wp\/v2\/posts\/14533\/revisions"}],"predecessor-version":[{"id":14543,"href":"https:\/\/impronte.eu\/news\/wp-json\/wp\/v2\/posts\/14533\/revisions\/14543"}],"wp:attachment":[{"href":"https:\/\/impronte.eu\/news\/wp-json\/wp\/v2\/media?parent=14533"}],"wp:term":[{"taxonomy":"category","embeddable":true,"href":"https:\/\/impronte.eu\/news\/wp-json\/wp\/v2\/categories?post=14533"},{"taxonomy":"post_tag","embeddable":true,"href":"https:\/\/impronte.eu\/news\/wp-json\/wp\/v2\/tags?post=14533"}],"curies":[{"name":"wp","href":"https:\/\/api.w.org\/{rel}","templated":true}]}}