{"id":14600,"date":"2024-04-15T12:09:00","date_gmt":"2024-04-15T11:09:00","guid":{"rendered":"https:\/\/impronte.eu\/news\/?p=14600"},"modified":"2024-04-15T12:09:00","modified_gmt":"2024-04-15T11:09:00","slug":"la-sinfonia-della-coesistenza","status":"publish","type":"post","link":"https:\/\/impronte.eu\/news\/la-sinfonia-della-coesistenza\/","title":{"rendered":"La Sinfonia della Coesistenza"},"content":{"rendered":"\n<p><strong>Riflessioni sul Legame Uomo-Animale<\/strong><\/p>\n\n\n\n<p><strong>\u201cGuarda negli occhi un cane e prova ad affermare che non ha un\u2019anima\u201d, scriveva Victor Hugo.<\/strong><\/p>\n\n\n\n<p><strong>\u201cFin dalla pi\u00f9 tenera et\u00e0, ho rifiutato di mangiar carne e verr\u00e0 il giorno in cui uomini come me guarderanno all\u2019uccisione degli animali nello stesso modo in cui oggi si guarda all\u2019uccisione degli uomini.\u201d Questo, invece, era il pensiero di Leonardo Da Vinci.<\/strong><\/p>\n\n\n\n<p><strong>Innovatori del loro tempo, geni, letterati, filosofi, luminari e rivoluzionari di varie epoche, stimati al punto da entrare negli annali della storia come stelle che illuminano il nostro cammino ancora oggi con il loro esempio, hanno espresso questo tipo di idee ed opinioni in difesa e a salvaguardia degli animali, elogiandone le qualit\u00e0 e soffermandosi sulla loro bellezza ed essenza piuttosto che sulla presunta superiorit\u00e0 intellettuale che loro, pi\u00f9 di molti altri, avrebbero potuto reclamare.<\/strong><\/p>\n\n\n<div class=\"wp-block-image\">\n<figure class=\"aligncenter size-large\"><img loading=\"lazy\" decoding=\"async\" width=\"1024\" height=\"555\" src=\"https:\/\/impronte.eu\/news\/wp-content\/uploads\/2024\/04\/eleonora-guarda-il-toro-1-1024x555.jpg\" alt=\"\" class=\"wp-image-14605\" srcset=\"https:\/\/impronte.eu\/news\/wp-content\/uploads\/2024\/04\/eleonora-guarda-il-toro-1-1024x555.jpg 1024w, https:\/\/impronte.eu\/news\/wp-content\/uploads\/2024\/04\/eleonora-guarda-il-toro-1-300x163.jpg 300w, https:\/\/impronte.eu\/news\/wp-content\/uploads\/2024\/04\/eleonora-guarda-il-toro-1-768x416.jpg 768w, https:\/\/impronte.eu\/news\/wp-content\/uploads\/2024\/04\/eleonora-guarda-il-toro-1-1536x833.jpg 1536w, https:\/\/impronte.eu\/news\/wp-content\/uploads\/2024\/04\/eleonora-guarda-il-toro-1-580x315.jpg 580w, https:\/\/impronte.eu\/news\/wp-content\/uploads\/2024\/04\/eleonora-guarda-il-toro-1-860x466.jpg 860w, https:\/\/impronte.eu\/news\/wp-content\/uploads\/2024\/04\/eleonora-guarda-il-toro-1-1160x629.jpg 1160w, https:\/\/impronte.eu\/news\/wp-content\/uploads\/2024\/04\/eleonora-guarda-il-toro-1-1320x716.jpg 1320w, https:\/\/impronte.eu\/news\/wp-content\/uploads\/2024\/04\/eleonora-guarda-il-toro-1.jpg 1892w\" sizes=\"auto, (max-width: 1024px) 100vw, 1024px\" \/><\/figure>\n<\/div>\n\n\n<div style=\"height:25px\" aria-hidden=\"true\" class=\"wp-block-spacer\"><\/div>\n\n\n\n<p><strong>&nbsp;Ad oggi, per\u00f2, sebbene siano stati fatti dei passi avanti verso la sensibilizzazione e il contatto con la natura e gli animali, la strada da fare sembra essere ancora molto lunga.<\/strong><\/p>\n\n\n\n<p><strong>Il primo fattore da considerare, a tal proposito, \u00e8 proprio il rapporto che l\u2019uomo ha instaurato con la natura. Nell&#8217;era della digitalizzazione pi\u00f9 che mai, infatti, la natura sembra venire considerata come un qualcosa di esterno nel quale, al massimo, rifugiarsi e che prescinde ed \u00e8 distaccato dall\u2019uomo e non di certo intrinseco ad esso. La ricerca stessa della natura come luogo nel quale evadere \u00e8, in realt\u00e0, a ben pensarci, un paradosso, considerando il fatto che sono state le sovrastrutture, -mentali e fisiche-, ad aver creato un distacco da una natura in cui l\u2019uomo \u00e8 nato e continua a crescere. Insomma, della natura l\u2019uomo ha sempre fatto parte ed \u00e8 stata proprio la natura culla e madre dell\u2019evoluzione della specie fino ai giorni nostri.<\/strong><\/p>\n\n\n<div class=\"wp-block-image\">\n<figure class=\"aligncenter size-large\"><img loading=\"lazy\" decoding=\"async\" width=\"1024\" height=\"768\" src=\"https:\/\/impronte.eu\/news\/wp-content\/uploads\/2024\/04\/foto-2-1024x768.jpg\" alt=\"\" class=\"wp-image-14606\" srcset=\"https:\/\/impronte.eu\/news\/wp-content\/uploads\/2024\/04\/foto-2-1024x768.jpg 1024w, https:\/\/impronte.eu\/news\/wp-content\/uploads\/2024\/04\/foto-2-300x225.jpg 300w, https:\/\/impronte.eu\/news\/wp-content\/uploads\/2024\/04\/foto-2-768x576.jpg 768w, https:\/\/impronte.eu\/news\/wp-content\/uploads\/2024\/04\/foto-2-1536x1152.jpg 1536w, https:\/\/impronte.eu\/news\/wp-content\/uploads\/2024\/04\/foto-2-580x435.jpg 580w, https:\/\/impronte.eu\/news\/wp-content\/uploads\/2024\/04\/foto-2-860x645.jpg 860w, https:\/\/impronte.eu\/news\/wp-content\/uploads\/2024\/04\/foto-2-1160x870.jpg 1160w, https:\/\/impronte.eu\/news\/wp-content\/uploads\/2024\/04\/foto-2-1320x990.jpg 1320w, https:\/\/impronte.eu\/news\/wp-content\/uploads\/2024\/04\/foto-2.jpg 1600w\" sizes=\"auto, (max-width: 1024px) 100vw, 1024px\" \/><\/figure>\n<\/div>\n\n\n<div style=\"height:25px\" aria-hidden=\"true\" class=\"wp-block-spacer\"><\/div>\n\n\n\n<p><strong>Eppure, si \u00e8 creata di fatto nel pensiero una dicotomia \u201cuomo-natura\u201d che, nella storia dell\u2019umanit\u00e0, non esiste. Noi siamo, a tutti gli effetti, parte della natura che ci ospita e che \u00e8 intrinseca a noi, eppure la vediamo come una cosa lontana, fatta di terre incontaminate a cui, a volte, volgere lo sguardo con malinconia, altre volte da ripudiare perch\u00e9 cos\u00ec primitiva ed incontrollata.<\/strong><\/p>\n\n\n\n<p><strong>L\u2019abbiamo deturpata al punto da non riconoscerla pi\u00f9, sepolta sotto strati di cemento ed edifici nei quali lavorare, studiare, abitare.<\/strong><\/p>\n\n\n\n<p><strong>&nbsp;Ma non respirare, per quello serve ancora trovare uno spazio incontaminato.<\/strong><\/p>\n\n\n\n<p><strong>Vien da s\u00e9 che, cos\u00ec come la natura \u00e8 stata sottoposta a questa volont\u00e0 tutta umana di venir piegata alle necessit\u00e0 e comodit\u00e0 dell\u2019uomo, la stessa cosa \u00e8 successa con gli animali, considerati troppo spesso pi\u00f9 come prodotti ad uso e consumo della specie umana che come vite private del loro sacrosanto e primordiale diritto alla vita stessa. Va anche detto che esistono molteplici realt\u00e0 e che, se da una parte c\u2019\u00e8 un sopruso della natura e degli animali, dall\u2019altra c\u2019\u00e8 una realt\u00e0 costituita da chi, con la natura e con gli animali, vorrebbe ricreare un rapporto di civile convivenza, reintegrando, dando giusta dignit\u00e0, ricreando equilibri e riportando in questo mondo cementificato, soprattutto nei cuori, un po\u2019 di naturale bellezza.<\/strong><\/p>\n\n\n\n<p><strong>A tal proposito esistono varie iniziative che permettono proprio questo tipo di approccio al mondo animale, aiutando a creare legami che spesso diventano profondi e indissolubili. A partire dall\u2019impiego dei cani nelle forze dell\u2019ordine fino ad arrivare alla pet therapy, passando per gli animali da compagnia, le fattorie didattiche e addirittura i cuccioli impiegati nello yoga! Insomma, diverse le iniziative intraprese, tante quelle in via di sviluppo, tantissime quelle da poter ancora iniziare. Ma vediamole pi\u00f9 da vicino.<\/strong><\/p>\n\n\n\n<p><strong>Cosa fareste se aveste un olfatto capace di arrivare ad identificare un odore a pi\u00f9 di un chilometro di distanza? O se, con un\u2019annusata, foste capaci di identificare l\u2019inizio di una malattia, addirittura un tumore in fase precoce? Sembra fantascienza e, in effetti, per noi umani lo \u00e8, ma per alcuni animali, ad esempio i cani, \u00e8 scienza pura.&nbsp;<\/strong><\/p>\n\n\n<div class=\"wp-block-image\">\n<figure class=\"aligncenter size-large\"><img loading=\"lazy\" decoding=\"async\" width=\"1024\" height=\"768\" src=\"https:\/\/impronte.eu\/news\/wp-content\/uploads\/2024\/04\/foto-3-1024x768.jpg\" alt=\"\" class=\"wp-image-14607\" srcset=\"https:\/\/impronte.eu\/news\/wp-content\/uploads\/2024\/04\/foto-3-1024x768.jpg 1024w, https:\/\/impronte.eu\/news\/wp-content\/uploads\/2024\/04\/foto-3-300x225.jpg 300w, https:\/\/impronte.eu\/news\/wp-content\/uploads\/2024\/04\/foto-3-768x576.jpg 768w, https:\/\/impronte.eu\/news\/wp-content\/uploads\/2024\/04\/foto-3-580x435.jpg 580w, https:\/\/impronte.eu\/news\/wp-content\/uploads\/2024\/04\/foto-3-860x645.jpg 860w, https:\/\/impronte.eu\/news\/wp-content\/uploads\/2024\/04\/foto-3-1160x870.jpg 1160w, https:\/\/impronte.eu\/news\/wp-content\/uploads\/2024\/04\/foto-3-1320x990.jpg 1320w, https:\/\/impronte.eu\/news\/wp-content\/uploads\/2024\/04\/foto-3.jpg 1437w\" sizes=\"auto, (max-width: 1024px) 100vw, 1024px\" \/><\/figure>\n<\/div>\n\n\n<div style=\"height:25px\" aria-hidden=\"true\" class=\"wp-block-spacer\"><\/div>\n\n\n\n<p><strong>Le capacit\u00e0 olfattive dei cani, a ben vedere, sono un vero e proprio superpotere ed \u00e8 per questo motivo che da tempo vengono addestrati per la ricerca di persone, droghe ed esplosivi arrivando a guadagnarsi, in alcuni casi, persino medaglie d\u2019onore.<\/strong><\/p>\n\n\n\n<p><strong>Non c\u2019\u00e8 dunque da stupirsi se gran parte dei supereroi riprendono i propri poteri da specifiche capacit\u00e0 gi\u00e0 presenti nel mondo animale. C\u2019\u00e8, piuttosto, da stupirsi quando si pensa al regno animale come ad un sottoprodotto di quello umano. In nome della ragione ci siamo elevati sopra ogni altra creatura vivente che abita questo pianeta e, grazie alla ragione, abbiamo creato la lingua che ci permette di comunicare tra di noi. Di conseguenza, crediamo impossibile poter comunicare con specie diverse dalla nostra. Li reputiamo inferiori, pensiamo che non sappiano comunicare, quando la verit\u00e0 \u00e8 che gli animali non solo sanno comunicare, ma hanno, esattamente come noi, tutto un loro linguaggio per poterlo fare e sta a noi, esseri dal superiore intelletto, imparare a capirlo e decodificarlo. Se solo guardassimo al potenziale che si cela dietro ad ogni singolo essere vivente e imparassimo a collaborare con esso, riusciremmo ad arrivare laddove, noi soli, non possiamo. Immaginate per un secondo di comprendere il linguaggio animale, per esempio, e di riuscire a capire, grazie ad esso, se una persona cela dentro di s\u00e9 una malattia non ancora identificabile con il solo ausilio della medicina. Quante vite in pi\u00f9, solo potenzialmente, si potrebbe arrivare a salvare? Sembra un\u2019utopia, ma \u00e8 una possibilit\u00e0 che si potrebbe rendere concreta se solo si riuscisse ad andare oltre al mondo antropocentrico nel quale ancora viviamo. <\/strong><\/p>\n\n\n<div class=\"wp-block-image\">\n<figure class=\"aligncenter size-full\"><img loading=\"lazy\" decoding=\"async\" width=\"739\" height=\"980\" src=\"https:\/\/impronte.eu\/news\/wp-content\/uploads\/2024\/04\/foto-4.jpg\" alt=\"\" class=\"wp-image-14608\" srcset=\"https:\/\/impronte.eu\/news\/wp-content\/uploads\/2024\/04\/foto-4.jpg 739w, https:\/\/impronte.eu\/news\/wp-content\/uploads\/2024\/04\/foto-4-226x300.jpg 226w, https:\/\/impronte.eu\/news\/wp-content\/uploads\/2024\/04\/foto-4-580x769.jpg 580w\" sizes=\"auto, (max-width: 739px) 100vw, 739px\" \/><\/figure>\n<\/div>\n\n\n<div style=\"height:25px\" aria-hidden=\"true\" class=\"wp-block-spacer\"><\/div>\n\n\n\n<p><strong>E se alcuni animali, con il loro aiuto, potrebbero migliorare le condizioni di salute fisica delle persone riconoscendo una malattia per tempo, gi\u00e0 \u00e8 noto da tempo il benessere psicofisico che sono in grado di apportare nella vita delle persone ogni giorno. Da qui nasce la pet therapy. Grazie all\u2019impiego di animali, la pet therapy mira a migliorare le condizioni di salute fisica e psicologica di persone affette da disturbi della sfera cognitiva, comportamentale, fisica, ma anche di individui sani o con specifici traumi. Viene utilizzata in svariati ambiti proprio perch\u00e9, se diverse sono le forme di malessere delle quali l\u2019uomo pu\u00f2 essere affetto, svariati sono i benefici che si possono trarre dall\u2019affiancamento e dall\u2019integrazione di queste meravigliose creature nel nostro mondo, se solo proviamo a dare loro la dignit\u00e0 che meritano. In definitiva, se \u00e8 vero che possiamo essere superiori agli animali nell\u2019intelletto, \u00e8 altres\u00ec vero che questa intelligenza si trasforma in superbia quando viene usata come scusa per la prevaricazione. Se sfruttata adeguatamente, invece, pu\u00f2 divenire risorsa per apprendere, studiare, mettersi in comunicazione con forme di intelligenza diverse dalla nostra, fino ad arrivare a non ragionare pi\u00f9 secondo schemi piramidali ma orizzontali, tendendo mani e zampe che, reciprocamente, sono in grado di dare e ricevere molto pi\u00f9 di quanto possa fare il solo intelletto, privato del sentimento<\/strong><\/p>\n","protected":false},"excerpt":{"rendered":"<p>Riflessioni sul Legame Uomo-Animale \u201cGuarda negli occhi un cane e prova ad affermare che non ha un\u2019anima\u201d, scriveva Victor Hugo. \u201cFin dalla pi\u00f9 tenera et\u00e0, ho rifiutato di mangiar carne e verr\u00e0 il giorno in cui uomini come me guarderanno all\u2019uccisione degli animali nello stesso modo in cui oggi si guarda all\u2019uccisione degli uomini.\u201d Questo,&#8230;<\/p>\n","protected":false},"author":31,"featured_media":0,"comment_status":"open","ping_status":"open","sticky":false,"template":"","format":"standard","meta":{"footnotes":""},"categories":[66,63],"tags":[],"class_list":["post-14600","post","type-post","status-publish","format-standard","hentry","category-animali","category-cultura"],"_links":{"self":[{"href":"https:\/\/impronte.eu\/news\/wp-json\/wp\/v2\/posts\/14600","targetHints":{"allow":["GET"]}}],"collection":[{"href":"https:\/\/impronte.eu\/news\/wp-json\/wp\/v2\/posts"}],"about":[{"href":"https:\/\/impronte.eu\/news\/wp-json\/wp\/v2\/types\/post"}],"author":[{"embeddable":true,"href":"https:\/\/impronte.eu\/news\/wp-json\/wp\/v2\/users\/31"}],"replies":[{"embeddable":true,"href":"https:\/\/impronte.eu\/news\/wp-json\/wp\/v2\/comments?post=14600"}],"version-history":[{"count":1,"href":"https:\/\/impronte.eu\/news\/wp-json\/wp\/v2\/posts\/14600\/revisions"}],"predecessor-version":[{"id":14609,"href":"https:\/\/impronte.eu\/news\/wp-json\/wp\/v2\/posts\/14600\/revisions\/14609"}],"wp:attachment":[{"href":"https:\/\/impronte.eu\/news\/wp-json\/wp\/v2\/media?parent=14600"}],"wp:term":[{"taxonomy":"category","embeddable":true,"href":"https:\/\/impronte.eu\/news\/wp-json\/wp\/v2\/categories?post=14600"},{"taxonomy":"post_tag","embeddable":true,"href":"https:\/\/impronte.eu\/news\/wp-json\/wp\/v2\/tags?post=14600"}],"curies":[{"name":"wp","href":"https:\/\/api.w.org\/{rel}","templated":true}]}}