{"id":14610,"date":"2024-04-15T12:48:47","date_gmt":"2024-04-15T11:48:47","guid":{"rendered":"https:\/\/impronte.eu\/news\/?p=14610"},"modified":"2024-04-15T12:48:48","modified_gmt":"2024-04-15T11:48:48","slug":"e-fu-il-giorno-e-fu-la-notte","status":"publish","type":"post","link":"https:\/\/impronte.eu\/news\/e-fu-il-giorno-e-fu-la-notte\/","title":{"rendered":"E fu il giorno e fu la notte"},"content":{"rendered":"\n<p>E fu il giorno e fu la notte ed il tempo pass\u00f2 lasciando dietro di noi una scia, la nostra storia.<\/p>\n\n\n\n<p>Forse troppo spesso dimentichiamo che le nostre azioni costruiscono la nostra storia.<\/p>\n\n\n\n<p>Le nostre azioni lasciano un segno indelebile dietro di noi, che ci identificher\u00e0 nel presente e parler\u00e0 di noi nel futuro anche quando non ci saremo pi\u00f9.<\/p>\n\n\n\n<p>Credo che tutti noi vorremmo lasciare un ricordo per avere in esso \u201cl\u2019immortalit\u00e0\u201d.<\/p>\n\n\n\n<p>Dovremmo forse ricordare che il comportamento improbo, la sudditanza al danaro, al potere, alla violenza, generano energie nefaste che daranno al nostro futuro alla nostra \u201cimmortalit\u00e0\u201d nella futura memoria una connotazione negativa e nulla potr\u00e0 pi\u00f9 cancellarla.<\/p>\n\n\n\n<p>I Sacri Testi ci ricordano in continuazione quale \u00e8 il percorso dell\u2019uomo probo, quali sono le regole che vanno rispettate per avere rispetto, per essere onorati, per diventare\u201cimmortali\u201d nel ricordo futuro.<\/p>\n\n\n\n<p>Ricordo futuro che sar\u00e0 l\u2019esempio per chi ci seguir\u00e0 e si affider\u00e0 al nostro ricordo per avere un modello, un\u2019indicazione sul percorso da seguire pur sulla sua totale libert\u00e0 di essere esprimendo il dono del libero arbitrio.<\/p>\n\n\n\n<p>IL CINQUE MAGGIO<br>\u2026\u2026<\/p>\n\n\n\n<p>Bella Immortal! benefica<br>Fede ai trionfi avvezza!<br>Scrivi ancor questo, allegrati;<br>Che pi\u00f9 superba altezza<br>Al disonor del Golgota<br>Giammai non si chin\u00f2.<br><br>Tu dalle stanche ceneri<br>Sperdi ogni ria parola:<br>Il Dio che atterra e suscita,<br>Che affanna e che consola,<br>Sulla deserta coltrice<br>Accanto a lui pos\u00f2.<\/p>\n\n\n\n<p><em>ode di Alessandro Manzoni<\/em><\/p>\n\n\n\n<p>I nostri figli che abbiamo nutrito con buonismi, con edonismo con illusioni vacue, mancheranno nel costruire il loro futuro di quei valori fondanti della societ\u00e0 umana civile rispettosa.<\/p>\n\n\n\n<p>Faranno scelte orientate non verso concrete realt\u00e0 che costruiranno il futuro per loro, per la loro famiglia, per la loro nazione e per tutti noi, ma si arrampicheranno su fili di fumo che dietro non hanno concretezze e costruzione di solide realt\u00e0 e che si dissolveranno nel nulla lasciando dietro disperazione, povert\u00e0 di spirito e di materia, ma il tempo sar\u00e0 passato ed indietro non si pu\u00f2 pi\u00f9 tornare.<\/p>\n\n\n\n<p>\u00c8 questo l\u2019appello che rivolgo a tutti noi, alla politica, alla scuola, ai genitori, certe volte scegliere la via pi\u00f9 semplice per quieto vivere, che apparentemente crea meno problemi, ma alla lunga la realt\u00e0 impatter\u00e0 su di noi e non saremo pronti perch\u00e9 non abituati alla realt\u00e0, ai veri valori ed allora la depressione, lo sconforto ci coglier\u00e0 sbandandoci verso luoghi e ghetti fatti di solitudine di buio dell\u2019anima.<\/p>\n\n\n\n<p>La rigidit\u00e0 nella scuola, l\u2019esempio corretto della famiglia devono tornare a guidare i nostri figli il nostro futuro per allevare cervelli liberi ed efficienti non effimeri bagliori di un nulla pieno di vuoto.<\/p>\n","protected":false},"excerpt":{"rendered":"<p>E fu il giorno e fu la notte ed il tempo pass\u00f2 lasciando dietro di noi una scia, la nostra storia. Forse troppo spesso dimentichiamo che le nostre azioni costruiscono la nostra storia. Le nostre azioni lasciano un segno indelebile dietro di noi, che ci identificher\u00e0 nel presente e parler\u00e0 di noi nel futuro anche&#8230;<\/p>\n","protected":false},"author":15,"featured_media":0,"comment_status":"open","ping_status":"open","sticky":false,"template":"","format":"standard","meta":{"footnotes":""},"categories":[63],"tags":[],"class_list":["post-14610","post","type-post","status-publish","format-standard","hentry","category-cultura"],"_links":{"self":[{"href":"https:\/\/impronte.eu\/news\/wp-json\/wp\/v2\/posts\/14610","targetHints":{"allow":["GET"]}}],"collection":[{"href":"https:\/\/impronte.eu\/news\/wp-json\/wp\/v2\/posts"}],"about":[{"href":"https:\/\/impronte.eu\/news\/wp-json\/wp\/v2\/types\/post"}],"author":[{"embeddable":true,"href":"https:\/\/impronte.eu\/news\/wp-json\/wp\/v2\/users\/15"}],"replies":[{"embeddable":true,"href":"https:\/\/impronte.eu\/news\/wp-json\/wp\/v2\/comments?post=14610"}],"version-history":[{"count":1,"href":"https:\/\/impronte.eu\/news\/wp-json\/wp\/v2\/posts\/14610\/revisions"}],"predecessor-version":[{"id":14611,"href":"https:\/\/impronte.eu\/news\/wp-json\/wp\/v2\/posts\/14610\/revisions\/14611"}],"wp:attachment":[{"href":"https:\/\/impronte.eu\/news\/wp-json\/wp\/v2\/media?parent=14610"}],"wp:term":[{"taxonomy":"category","embeddable":true,"href":"https:\/\/impronte.eu\/news\/wp-json\/wp\/v2\/categories?post=14610"},{"taxonomy":"post_tag","embeddable":true,"href":"https:\/\/impronte.eu\/news\/wp-json\/wp\/v2\/tags?post=14610"}],"curies":[{"name":"wp","href":"https:\/\/api.w.org\/{rel}","templated":true}]}}