{"id":14719,"date":"2024-05-05T11:30:10","date_gmt":"2024-05-05T10:30:10","guid":{"rendered":"https:\/\/impronte.eu\/news\/?p=14719"},"modified":"2024-05-05T11:30:11","modified_gmt":"2024-05-05T10:30:11","slug":"borgo-della-legalita","status":"publish","type":"post","link":"https:\/\/impronte.eu\/news\/borgo-della-legalita\/","title":{"rendered":"\u201cBorgo della Legalit\u00e0\u201d"},"content":{"rendered":"\n<p><strong>23 Aprile 2024, n Via di Fioranello 186 \u2013 Roma<\/strong><\/p>\n\n\n\n<p>Prende vita l\u2019ambizioso progetto fortemente voluto <strong>dall\u2019Associazione Nazionale Polizia Penitenziaria<\/strong>, posta sotto la tutela ed il coordinamento del Ministero della Giustizia &#8211; Sezione di ROMA.<\/p>\n\n\n<div class=\"wp-block-image\">\n<figure class=\"aligncenter size-large\"><img loading=\"lazy\" decoding=\"async\" width=\"1024\" height=\"768\" src=\"https:\/\/impronte.eu\/news\/wp-content\/uploads\/2024\/05\/zaccaria-podio-1024x768.jpg\" alt=\"\" class=\"wp-image-14720\" srcset=\"https:\/\/impronte.eu\/news\/wp-content\/uploads\/2024\/05\/zaccaria-podio-1024x768.jpg 1024w, https:\/\/impronte.eu\/news\/wp-content\/uploads\/2024\/05\/zaccaria-podio-300x225.jpg 300w, https:\/\/impronte.eu\/news\/wp-content\/uploads\/2024\/05\/zaccaria-podio-768x576.jpg 768w, https:\/\/impronte.eu\/news\/wp-content\/uploads\/2024\/05\/zaccaria-podio-1536x1152.jpg 1536w, https:\/\/impronte.eu\/news\/wp-content\/uploads\/2024\/05\/zaccaria-podio-580x435.jpg 580w, https:\/\/impronte.eu\/news\/wp-content\/uploads\/2024\/05\/zaccaria-podio-860x645.jpg 860w, https:\/\/impronte.eu\/news\/wp-content\/uploads\/2024\/05\/zaccaria-podio-1160x870.jpg 1160w, https:\/\/impronte.eu\/news\/wp-content\/uploads\/2024\/05\/zaccaria-podio-1320x990.jpg 1320w, https:\/\/impronte.eu\/news\/wp-content\/uploads\/2024\/05\/zaccaria-podio.jpg 2016w\" sizes=\"auto, (max-width: 1024px) 100vw, 1024px\" \/><\/figure>\n<\/div>\n\n\n<p>Il progetto, che si realizza grazie alla cooperazione con il Tribunale di Roma e della procura della Capitale, si prefigge lo scopo di coinvolgere tutte FF.OO. FF.PP.FF.AA che concorrono a garantire la sicurezza la Difesa e l\u2019ordine pubblico, e anche le Associazioni del territorio, che con i loro ideali abbracciano gli stessi principi di rispetto, legalit\u00e0 e giustizia su cuil\u2019ANPPE fonda il suo statuto.<\/p>\n\n\n<div class=\"wp-block-image\">\n<figure class=\"aligncenter size-large\"><img loading=\"lazy\" decoding=\"async\" width=\"1024\" height=\"595\" src=\"https:\/\/impronte.eu\/news\/wp-content\/uploads\/2024\/05\/zaccaria-piu-cappellano-rebibbia-e-croce-1024x595.jpg\" alt=\"\" class=\"wp-image-14721\" srcset=\"https:\/\/impronte.eu\/news\/wp-content\/uploads\/2024\/05\/zaccaria-piu-cappellano-rebibbia-e-croce-1024x595.jpg 1024w, https:\/\/impronte.eu\/news\/wp-content\/uploads\/2024\/05\/zaccaria-piu-cappellano-rebibbia-e-croce-300x174.jpg 300w, https:\/\/impronte.eu\/news\/wp-content\/uploads\/2024\/05\/zaccaria-piu-cappellano-rebibbia-e-croce-768x446.jpg 768w, https:\/\/impronte.eu\/news\/wp-content\/uploads\/2024\/05\/zaccaria-piu-cappellano-rebibbia-e-croce-580x337.jpg 580w, https:\/\/impronte.eu\/news\/wp-content\/uploads\/2024\/05\/zaccaria-piu-cappellano-rebibbia-e-croce-860x500.jpg 860w, https:\/\/impronte.eu\/news\/wp-content\/uploads\/2024\/05\/zaccaria-piu-cappellano-rebibbia-e-croce-1160x674.jpg 1160w, https:\/\/impronte.eu\/news\/wp-content\/uploads\/2024\/05\/zaccaria-piu-cappellano-rebibbia-e-croce-1320x767.jpg 1320w, https:\/\/impronte.eu\/news\/wp-content\/uploads\/2024\/05\/zaccaria-piu-cappellano-rebibbia-e-croce.jpg 1339w\" sizes=\"auto, (max-width: 1024px) 100vw, 1024px\" \/><\/figure>\n<\/div>\n\n<div class=\"wp-block-image\">\n<figure class=\"aligncenter size-large\"><img loading=\"lazy\" decoding=\"async\" width=\"1024\" height=\"768\" src=\"https:\/\/impronte.eu\/news\/wp-content\/uploads\/2024\/05\/zaccaria-Bordoni-1024x768.jpg\" alt=\"\" class=\"wp-image-14726\" srcset=\"https:\/\/impronte.eu\/news\/wp-content\/uploads\/2024\/05\/zaccaria-Bordoni-1024x768.jpg 1024w, https:\/\/impronte.eu\/news\/wp-content\/uploads\/2024\/05\/zaccaria-Bordoni-300x225.jpg 300w, https:\/\/impronte.eu\/news\/wp-content\/uploads\/2024\/05\/zaccaria-Bordoni-768x576.jpg 768w, https:\/\/impronte.eu\/news\/wp-content\/uploads\/2024\/05\/zaccaria-Bordoni-1536x1152.jpg 1536w, https:\/\/impronte.eu\/news\/wp-content\/uploads\/2024\/05\/zaccaria-Bordoni-580x435.jpg 580w, https:\/\/impronte.eu\/news\/wp-content\/uploads\/2024\/05\/zaccaria-Bordoni-860x645.jpg 860w, https:\/\/impronte.eu\/news\/wp-content\/uploads\/2024\/05\/zaccaria-Bordoni-1160x870.jpg 1160w, https:\/\/impronte.eu\/news\/wp-content\/uploads\/2024\/05\/zaccaria-Bordoni-1320x990.jpg 1320w, https:\/\/impronte.eu\/news\/wp-content\/uploads\/2024\/05\/zaccaria-Bordoni.jpg 2016w\" sizes=\"auto, (max-width: 1024px) 100vw, 1024px\" \/><\/figure>\n<\/div>\n\n<div class=\"wp-block-image\">\n<figure class=\"aligncenter size-large\"><img loading=\"lazy\" decoding=\"async\" width=\"1024\" height=\"712\" src=\"https:\/\/impronte.eu\/news\/wp-content\/uploads\/2024\/05\/polizia-e-zaccaria-1024x712.jpg\" alt=\"\" class=\"wp-image-14727\" srcset=\"https:\/\/impronte.eu\/news\/wp-content\/uploads\/2024\/05\/polizia-e-zaccaria-1024x712.jpg 1024w, https:\/\/impronte.eu\/news\/wp-content\/uploads\/2024\/05\/polizia-e-zaccaria-300x209.jpg 300w, https:\/\/impronte.eu\/news\/wp-content\/uploads\/2024\/05\/polizia-e-zaccaria-768x534.jpg 768w, https:\/\/impronte.eu\/news\/wp-content\/uploads\/2024\/05\/polizia-e-zaccaria-1536x1068.jpg 1536w, https:\/\/impronte.eu\/news\/wp-content\/uploads\/2024\/05\/polizia-e-zaccaria-580x403.jpg 580w, https:\/\/impronte.eu\/news\/wp-content\/uploads\/2024\/05\/polizia-e-zaccaria-860x598.jpg 860w, https:\/\/impronte.eu\/news\/wp-content\/uploads\/2024\/05\/polizia-e-zaccaria-1160x806.jpg 1160w, https:\/\/impronte.eu\/news\/wp-content\/uploads\/2024\/05\/polizia-e-zaccaria-1320x917.jpg 1320w, https:\/\/impronte.eu\/news\/wp-content\/uploads\/2024\/05\/polizia-e-zaccaria.jpg 1751w\" sizes=\"auto, (max-width: 1024px) 100vw, 1024px\" \/><\/figure>\n<\/div>\n\n\n<div class=\"wp-block-cover aligncenter is-light\"><span aria-hidden=\"true\" class=\"wp-block-cover__background has-background-dim\" style=\"background-color:#FFF\"><\/span><div class=\"wp-block-cover__inner-container is-layout-flow wp-block-cover-is-layout-flow\"><div class=\"wp-block-image\">\n<figure class=\"aligncenter size-large\"><img loading=\"lazy\" decoding=\"async\" width=\"1024\" height=\"656\" src=\"https:\/\/impronte.eu\/news\/wp-content\/uploads\/2024\/05\/zaccaria-e-capitano-carabinieri-1-1024x656.jpg\" alt=\"\" class=\"wp-image-14730\" srcset=\"https:\/\/impronte.eu\/news\/wp-content\/uploads\/2024\/05\/zaccaria-e-capitano-carabinieri-1-1024x656.jpg 1024w, https:\/\/impronte.eu\/news\/wp-content\/uploads\/2024\/05\/zaccaria-e-capitano-carabinieri-1-300x192.jpg 300w, https:\/\/impronte.eu\/news\/wp-content\/uploads\/2024\/05\/zaccaria-e-capitano-carabinieri-1-768x492.jpg 768w, https:\/\/impronte.eu\/news\/wp-content\/uploads\/2024\/05\/zaccaria-e-capitano-carabinieri-1-1536x983.jpg 1536w, https:\/\/impronte.eu\/news\/wp-content\/uploads\/2024\/05\/zaccaria-e-capitano-carabinieri-1-580x371.jpg 580w, https:\/\/impronte.eu\/news\/wp-content\/uploads\/2024\/05\/zaccaria-e-capitano-carabinieri-1-860x551.jpg 860w, https:\/\/impronte.eu\/news\/wp-content\/uploads\/2024\/05\/zaccaria-e-capitano-carabinieri-1-1160x743.jpg 1160w, https:\/\/impronte.eu\/news\/wp-content\/uploads\/2024\/05\/zaccaria-e-capitano-carabinieri-1-1320x845.jpg 1320w, https:\/\/impronte.eu\/news\/wp-content\/uploads\/2024\/05\/zaccaria-e-capitano-carabinieri-1.jpg 1837w\" sizes=\"auto, (max-width: 1024px) 100vw, 1024px\" \/><\/figure>\n<\/div><\/div><\/div>\n\n\n\n<p>Il luogo dove nasce il \u201cBorgo della Legalit\u00e0\u201d \u00e8 una grande struttura in disuso da diverso tempo confiscata alle mafie organizzate.<\/p>\n\n\n<div class=\"wp-block-image\">\n<figure class=\"aligncenter size-large\"><img loading=\"lazy\" decoding=\"async\" width=\"1024\" height=\"576\" src=\"https:\/\/impronte.eu\/news\/wp-content\/uploads\/2024\/05\/con-vescovo-zaccaria-1024x576.jpg\" alt=\"\" class=\"wp-image-14723\" srcset=\"https:\/\/impronte.eu\/news\/wp-content\/uploads\/2024\/05\/con-vescovo-zaccaria-1024x576.jpg 1024w, https:\/\/impronte.eu\/news\/wp-content\/uploads\/2024\/05\/con-vescovo-zaccaria-300x169.jpg 300w, https:\/\/impronte.eu\/news\/wp-content\/uploads\/2024\/05\/con-vescovo-zaccaria-768x432.jpg 768w, https:\/\/impronte.eu\/news\/wp-content\/uploads\/2024\/05\/con-vescovo-zaccaria-1536x864.jpg 1536w, https:\/\/impronte.eu\/news\/wp-content\/uploads\/2024\/05\/con-vescovo-zaccaria-580x326.jpg 580w, https:\/\/impronte.eu\/news\/wp-content\/uploads\/2024\/05\/con-vescovo-zaccaria-860x484.jpg 860w, https:\/\/impronte.eu\/news\/wp-content\/uploads\/2024\/05\/con-vescovo-zaccaria-1160x653.jpg 1160w, https:\/\/impronte.eu\/news\/wp-content\/uploads\/2024\/05\/con-vescovo-zaccaria-1320x743.jpg 1320w, https:\/\/impronte.eu\/news\/wp-content\/uploads\/2024\/05\/con-vescovo-zaccaria.jpg 1600w\" sizes=\"auto, (max-width: 1024px) 100vw, 1024px\" \/><\/figure>\n<\/div>\n\n\n<figure class=\"wp-block-image size-large\"><img loading=\"lazy\" decoding=\"async\" width=\"1024\" height=\"589\" src=\"https:\/\/impronte.eu\/news\/wp-content\/uploads\/2024\/05\/IMG_3544-1024x589.jpg\" alt=\"\" class=\"wp-image-14724\" srcset=\"https:\/\/impronte.eu\/news\/wp-content\/uploads\/2024\/05\/IMG_3544-1024x589.jpg 1024w, https:\/\/impronte.eu\/news\/wp-content\/uploads\/2024\/05\/IMG_3544-300x173.jpg 300w, https:\/\/impronte.eu\/news\/wp-content\/uploads\/2024\/05\/IMG_3544-768x442.jpg 768w, https:\/\/impronte.eu\/news\/wp-content\/uploads\/2024\/05\/IMG_3544-1536x884.jpg 1536w, https:\/\/impronte.eu\/news\/wp-content\/uploads\/2024\/05\/IMG_3544-580x334.jpg 580w, https:\/\/impronte.eu\/news\/wp-content\/uploads\/2024\/05\/IMG_3544-860x495.jpg 860w, https:\/\/impronte.eu\/news\/wp-content\/uploads\/2024\/05\/IMG_3544-1160x667.jpg 1160w, https:\/\/impronte.eu\/news\/wp-content\/uploads\/2024\/05\/IMG_3544-1320x759.jpg 1320w, https:\/\/impronte.eu\/news\/wp-content\/uploads\/2024\/05\/IMG_3544.jpg 1886w\" sizes=\"auto, (max-width: 1024px) 100vw, 1024px\" \/><\/figure>\n\n\n<div class=\"wp-block-image\">\n<figure class=\"aligncenter size-large\"><img loading=\"lazy\" decoding=\"async\" width=\"1024\" height=\"1024\" src=\"https:\/\/impronte.eu\/news\/wp-content\/uploads\/2024\/05\/zaccaria--1024x1024.jpg\" alt=\"\" class=\"wp-image-14725\" srcset=\"https:\/\/impronte.eu\/news\/wp-content\/uploads\/2024\/05\/zaccaria--1024x1024.jpg 1024w, https:\/\/impronte.eu\/news\/wp-content\/uploads\/2024\/05\/zaccaria--300x300.jpg 300w, https:\/\/impronte.eu\/news\/wp-content\/uploads\/2024\/05\/zaccaria--150x150.jpg 150w, https:\/\/impronte.eu\/news\/wp-content\/uploads\/2024\/05\/zaccaria--768x768.jpg 768w, https:\/\/impronte.eu\/news\/wp-content\/uploads\/2024\/05\/zaccaria--70x70.jpg 70w, https:\/\/impronte.eu\/news\/wp-content\/uploads\/2024\/05\/zaccaria--360x360.jpg 360w, https:\/\/impronte.eu\/news\/wp-content\/uploads\/2024\/05\/zaccaria--580x580.jpg 580w, https:\/\/impronte.eu\/news\/wp-content\/uploads\/2024\/05\/zaccaria--860x860.jpg 860w, https:\/\/impronte.eu\/news\/wp-content\/uploads\/2024\/05\/zaccaria--1160x1160.jpg 1160w, https:\/\/impronte.eu\/news\/wp-content\/uploads\/2024\/05\/zaccaria--1320x1320.jpg 1320w, https:\/\/impronte.eu\/news\/wp-content\/uploads\/2024\/05\/zaccaria-.jpg 1512w\" sizes=\"auto, (max-width: 1024px) 100vw, 1024px\" \/><\/figure>\n<\/div>\n\n\n<p>Sono state consegnate oggi simbolicamente al Presidente, al responsabile organizzativo dott. Luigi Zaccaria ed agli operatori dell\u2019Associazione Nazionale Polizia Penitenziaria di Roma le chiavi di una struttura che accoglier\u00e0 tutte quelle realt\u00e0 sociali che si ispirano al decalogo della legalit\u00e0.<\/p>\n\n\n<div class=\"wp-block-image\">\n<figure class=\"aligncenter size-large\"><img loading=\"lazy\" decoding=\"async\" width=\"1024\" height=\"630\" src=\"https:\/\/impronte.eu\/news\/wp-content\/uploads\/2024\/05\/comandante-rebbibbia-zaccaria-1024x630.jpg\" alt=\"\" class=\"wp-image-14722\" srcset=\"https:\/\/impronte.eu\/news\/wp-content\/uploads\/2024\/05\/comandante-rebbibbia-zaccaria-1024x630.jpg 1024w, https:\/\/impronte.eu\/news\/wp-content\/uploads\/2024\/05\/comandante-rebbibbia-zaccaria-300x184.jpg 300w, https:\/\/impronte.eu\/news\/wp-content\/uploads\/2024\/05\/comandante-rebbibbia-zaccaria-768x472.jpg 768w, https:\/\/impronte.eu\/news\/wp-content\/uploads\/2024\/05\/comandante-rebbibbia-zaccaria-1536x944.jpg 1536w, https:\/\/impronte.eu\/news\/wp-content\/uploads\/2024\/05\/comandante-rebbibbia-zaccaria-580x357.jpg 580w, https:\/\/impronte.eu\/news\/wp-content\/uploads\/2024\/05\/comandante-rebbibbia-zaccaria-860x529.jpg 860w, https:\/\/impronte.eu\/news\/wp-content\/uploads\/2024\/05\/comandante-rebbibbia-zaccaria-1160x713.jpg 1160w, https:\/\/impronte.eu\/news\/wp-content\/uploads\/2024\/05\/comandante-rebbibbia-zaccaria-1320x812.jpg 1320w, https:\/\/impronte.eu\/news\/wp-content\/uploads\/2024\/05\/comandante-rebbibbia-zaccaria.jpg 1872w\" sizes=\"auto, (max-width: 1024px) 100vw, 1024px\" \/><\/figure>\n<\/div>\n\n\n<p>Oggi il \u201cBorgo della Legalit\u00e0\u201d &#8220;prender\u00e0 una nuova vita &#8211; afferma il dottor Zaccaria -grazie al duro lavoro di manutenzione strutturale e ripristino locali che stiamo portando avanti con i nostri volontari, coadiuvati dai volontari di Protezione Civile dell\u2019Associazione Nazionale Vigili del Fuoco in Congedo &#8211; Gruppo Roma 1 ODV- coordinati dal Presidente Carmine De Santis.L\u2019obbiettivo del progetto \u00e8 quello di realizzare nella citt\u00e0 di Roma una struttura unica che possa ospitare attivit\u00e0 di volontariato e sociali di ogni ordine e grado, attivit\u00e0 di sostegno alle fasce meno abbienti, sportello Donna per i reati di femminicidio, iniziative sportive, ludiche e formative che volgono a migliorare l\u2019educazione del bene comune e sensibilizzare l\u2019utenza all\u2019alto valore dei principi di solidariet\u00e0 e rispetto fondamentali dell\u2019essere umano e quanto sia fondamentale la collaborazione tra Istituzioni, Enti Locali e cittadini per il raggiungimento di una societ\u00e0 pi\u00f9 equa e solidale.Oggi possiamo dire che \u2013 conclude il dott. Zaccaria \u2013 l\u2019associazionismo delle forze dell\u2019ordine porta con s\u00e9 un grande know-how che nasce dai tanti appartenenti ai diversi corpi di Polizia e che non va disperso, ma deve diventare una risorsa anche dopo che si \u00e8 esaurita la loro esperienza lavorativa con la quiescenza \u201coggi qui nasce la POLIZIA DELLA SOLIDARIETA\u201d.<\/p>\n\n\n<div class=\"wp-block-image\">\n<figure class=\"aligncenter size-large\"><img loading=\"lazy\" decoding=\"async\" width=\"1024\" height=\"768\" src=\"https:\/\/impronte.eu\/news\/wp-content\/uploads\/2024\/05\/Zaccaria-Piscina-1024x768.jpg\" alt=\"\" class=\"wp-image-14731\" srcset=\"https:\/\/impronte.eu\/news\/wp-content\/uploads\/2024\/05\/Zaccaria-Piscina-1024x768.jpg 1024w, https:\/\/impronte.eu\/news\/wp-content\/uploads\/2024\/05\/Zaccaria-Piscina-300x225.jpg 300w, https:\/\/impronte.eu\/news\/wp-content\/uploads\/2024\/05\/Zaccaria-Piscina-768x576.jpg 768w, https:\/\/impronte.eu\/news\/wp-content\/uploads\/2024\/05\/Zaccaria-Piscina-1536x1152.jpg 1536w, https:\/\/impronte.eu\/news\/wp-content\/uploads\/2024\/05\/Zaccaria-Piscina-580x435.jpg 580w, https:\/\/impronte.eu\/news\/wp-content\/uploads\/2024\/05\/Zaccaria-Piscina-860x645.jpg 860w, https:\/\/impronte.eu\/news\/wp-content\/uploads\/2024\/05\/Zaccaria-Piscina-1160x870.jpg 1160w, https:\/\/impronte.eu\/news\/wp-content\/uploads\/2024\/05\/Zaccaria-Piscina-1320x990.jpg 1320w, https:\/\/impronte.eu\/news\/wp-content\/uploads\/2024\/05\/Zaccaria-Piscina.jpg 2016w\" sizes=\"auto, (max-width: 1024px) 100vw, 1024px\" \/><\/figure>\n<\/div>\n\n\n<p><strong>Possiamo asserire che lo Stato dimostra cos\u00ec di esserci, togliendo al malaffare il frutto del suo operato e rendendolo ai cittadini.<\/strong><\/p>\n","protected":false},"excerpt":{"rendered":"<p>23 Aprile 2024, n Via di Fioranello 186 \u2013 Roma Prende vita l\u2019ambizioso progetto fortemente voluto dall\u2019Associazione Nazionale Polizia Penitenziaria, posta sotto la tutela ed il coordinamento del Ministero della Giustizia &#8211; Sezione di ROMA. Il progetto, che si realizza grazie alla cooperazione con il Tribunale di Roma e della procura della Capitale, si prefigge&#8230;<\/p>\n","protected":false},"author":28,"featured_media":0,"comment_status":"open","ping_status":"open","sticky":false,"template":"","format":"standard","meta":{"footnotes":""},"categories":[75],"tags":[],"class_list":["post-14719","post","type-post","status-publish","format-standard","hentry","category-volontariato"],"_links":{"self":[{"href":"https:\/\/impronte.eu\/news\/wp-json\/wp\/v2\/posts\/14719","targetHints":{"allow":["GET"]}}],"collection":[{"href":"https:\/\/impronte.eu\/news\/wp-json\/wp\/v2\/posts"}],"about":[{"href":"https:\/\/impronte.eu\/news\/wp-json\/wp\/v2\/types\/post"}],"author":[{"embeddable":true,"href":"https:\/\/impronte.eu\/news\/wp-json\/wp\/v2\/users\/28"}],"replies":[{"embeddable":true,"href":"https:\/\/impronte.eu\/news\/wp-json\/wp\/v2\/comments?post=14719"}],"version-history":[{"count":1,"href":"https:\/\/impronte.eu\/news\/wp-json\/wp\/v2\/posts\/14719\/revisions"}],"predecessor-version":[{"id":14732,"href":"https:\/\/impronte.eu\/news\/wp-json\/wp\/v2\/posts\/14719\/revisions\/14732"}],"wp:attachment":[{"href":"https:\/\/impronte.eu\/news\/wp-json\/wp\/v2\/media?parent=14719"}],"wp:term":[{"taxonomy":"category","embeddable":true,"href":"https:\/\/impronte.eu\/news\/wp-json\/wp\/v2\/categories?post=14719"},{"taxonomy":"post_tag","embeddable":true,"href":"https:\/\/impronte.eu\/news\/wp-json\/wp\/v2\/tags?post=14719"}],"curies":[{"name":"wp","href":"https:\/\/api.w.org\/{rel}","templated":true}]}}