{"id":14764,"date":"2024-05-05T11:35:57","date_gmt":"2024-05-05T10:35:57","guid":{"rendered":"https:\/\/impronte.eu\/news\/?p=14764"},"modified":"2024-05-05T11:46:18","modified_gmt":"2024-05-05T10:46:18","slug":"tendenze-moda","status":"publish","type":"post","link":"https:\/\/impronte.eu\/news\/tendenze-moda\/","title":{"rendered":"Tendenze Moda"},"content":{"rendered":"\n<p><strong>LA PRIMAVERA SI VESTE DI FIORI E POESIA<\/strong><\/p>\n\n\n\n<figure class=\"wp-block-image size-large\"><img loading=\"lazy\" decoding=\"async\" width=\"681\" height=\"1024\" src=\"https:\/\/impronte.eu\/news\/wp-content\/uploads\/2024\/05\/foto-tendenza-moda-681x1024.jpg\" alt=\"\" class=\"wp-image-14765\" srcset=\"https:\/\/impronte.eu\/news\/wp-content\/uploads\/2024\/05\/foto-tendenza-moda-681x1024.jpg 681w, https:\/\/impronte.eu\/news\/wp-content\/uploads\/2024\/05\/foto-tendenza-moda-200x300.jpg 200w, https:\/\/impronte.eu\/news\/wp-content\/uploads\/2024\/05\/foto-tendenza-moda-768x1155.jpg 768w, https:\/\/impronte.eu\/news\/wp-content\/uploads\/2024\/05\/foto-tendenza-moda-1022x1536.jpg 1022w, https:\/\/impronte.eu\/news\/wp-content\/uploads\/2024\/05\/foto-tendenza-moda-580x872.jpg 580w, https:\/\/impronte.eu\/news\/wp-content\/uploads\/2024\/05\/foto-tendenza-moda-860x1293.jpg 860w, https:\/\/impronte.eu\/news\/wp-content\/uploads\/2024\/05\/foto-tendenza-moda-1160x1744.jpg 1160w, https:\/\/impronte.eu\/news\/wp-content\/uploads\/2024\/05\/foto-tendenza-moda-1320x1985.jpg 1320w, https:\/\/impronte.eu\/news\/wp-content\/uploads\/2024\/05\/foto-tendenza-moda.jpg 1362w\" sizes=\"auto, (max-width: 681px) 100vw, 681px\" \/><\/figure>\n\n\n\n<p>\u00c8 arrivata la stagione pi\u00f9 colorata e poetica: \u00e8 tornata la primavera con i suoi colori e i suoi profumi. Fiori in 3D non solo stampati, disegnati e fotografati. Tutto rigorosamente Made in Italy accuratezza nella ricerca dei tessuti, stampe floreali che campeggiano sovrane per borse, vestiti, scarpe e accessori.<\/p>\n\n\n\n<p>Tutti i brand pi\u00f9 grandi fanno a gara a decorare le loro collezioni con rose, gardenie, orchidee, margherite e quant\u2019altro come a far rivivere l\u2019amore per i prati e la campagna in fiore.<\/p>\n\n\n\n<p>I due stilisti del brand Rovi Lucca con le loro ultime creazioni vogliono comunicare l\u2019amore per la campagna toscana, i loro capi senza tempo sono caratterizzati dalla cultura per il dettaglio ricercato e per i colori incisivi dalle particolari sfumature.<\/p>\n\n\n\n<p>Il Floral Designer Dylan Tripp porta il suo background modaiolo (ma disegnato per Fendi, Valentino ecc\u2026 ) nel mondo dei fiori anche per allestimenti di negozi, show-room, boutique e hotel. H&amp;M, Elena Mir\u00f2, Furla decorano camicette e borse con delicati fiori. Dolce e Gabbana osano fiori oltre misura sulle loro coloratissime scarpe e sandali. Creazioni con fiori realizzati con variopinti cristalli arricchiscono anche i capi pi\u00f9 semplici.<\/p>\n\n\n\n<p>Un ritorno alla femminilit\u00e0, al romanticismo, alla poesia, ai sentimenti che nascono dalla voglia di tornare alla bellezza e variet\u00e0 della natura, fiori ovunque in tutte le declinazioni di colori, una magia che ne fa sentire anche i profumi.<\/p>\n","protected":false},"excerpt":{"rendered":"<p>LA PRIMAVERA SI VESTE DI FIORI E POESIA \u00c8 arrivata la stagione pi\u00f9 colorata e poetica: \u00e8 tornata la primavera con i suoi colori e i suoi profumi. Fiori in 3D non solo stampati, disegnati e fotografati. Tutto rigorosamente Made in Italy accuratezza nella ricerca dei tessuti, stampe floreali che campeggiano sovrane per borse, vestiti,&#8230;<\/p>\n","protected":false},"author":4,"featured_media":0,"comment_status":"open","ping_status":"open","sticky":false,"template":"","format":"standard","meta":{"footnotes":""},"categories":[63,69],"tags":[],"class_list":["post-14764","post","type-post","status-publish","format-standard","hentry","category-cultura","category-fashion"],"_links":{"self":[{"href":"https:\/\/impronte.eu\/news\/wp-json\/wp\/v2\/posts\/14764","targetHints":{"allow":["GET"]}}],"collection":[{"href":"https:\/\/impronte.eu\/news\/wp-json\/wp\/v2\/posts"}],"about":[{"href":"https:\/\/impronte.eu\/news\/wp-json\/wp\/v2\/types\/post"}],"author":[{"embeddable":true,"href":"https:\/\/impronte.eu\/news\/wp-json\/wp\/v2\/users\/4"}],"replies":[{"embeddable":true,"href":"https:\/\/impronte.eu\/news\/wp-json\/wp\/v2\/comments?post=14764"}],"version-history":[{"count":2,"href":"https:\/\/impronte.eu\/news\/wp-json\/wp\/v2\/posts\/14764\/revisions"}],"predecessor-version":[{"id":14811,"href":"https:\/\/impronte.eu\/news\/wp-json\/wp\/v2\/posts\/14764\/revisions\/14811"}],"wp:attachment":[{"href":"https:\/\/impronte.eu\/news\/wp-json\/wp\/v2\/media?parent=14764"}],"wp:term":[{"taxonomy":"category","embeddable":true,"href":"https:\/\/impronte.eu\/news\/wp-json\/wp\/v2\/categories?post=14764"},{"taxonomy":"post_tag","embeddable":true,"href":"https:\/\/impronte.eu\/news\/wp-json\/wp\/v2\/tags?post=14764"}],"curies":[{"name":"wp","href":"https:\/\/api.w.org\/{rel}","templated":true}]}}