{"id":14799,"date":"2024-05-05T11:43:36","date_gmt":"2024-05-05T10:43:36","guid":{"rendered":"https:\/\/impronte.eu\/news\/?p=14799"},"modified":"2024-05-05T11:43:37","modified_gmt":"2024-05-05T10:43:37","slug":"dimmi-perche","status":"publish","type":"post","link":"https:\/\/impronte.eu\/news\/dimmi-perche\/","title":{"rendered":"Dimmi perch\u00e9"},"content":{"rendered":"\n<p>Dimmi perch\u00e9<\/p>\n\n\n\n<p>Ogni giorno accendi quel fiore<\/p>\n\n\n\n<p>Perch\u00e9 fissi le nuvole fra i biancospini<\/p>\n\n\n\n<p>Carezzando i tuoi capelli<\/p>\n\n\n\n<p>Oramai troppo lunghi e bianchi<\/p>\n\n\n\n<p><\/p>\n\n\n\n<p>Dimmi perch\u00e9<\/p>\n\n\n\n<p>ogni giorno ti trascini tra queste rocce e rovi<\/p>\n\n\n\n<p>guardando il nulla<\/p>\n\n\n\n<p>guardando verso il tuo futuro<\/p>\n\n\n\n<p>cosa ascoltano le tue orecchie<\/p>\n\n\n\n<p>cosa ascolta il tuo cuore<\/p>\n\n\n\n<p>quando il tuo viso si riempie<\/p>\n\n\n\n<p>di irridente felicit\u00e0.<\/p>\n\n\n<div class=\"wp-block-image\">\n<figure class=\"aligncenter size-full is-resized\"><img loading=\"lazy\" decoding=\"async\" width=\"277\" height=\"160\" src=\"https:\/\/impronte.eu\/news\/wp-content\/uploads\/2024\/05\/images.jpeg\" alt=\"\" class=\"wp-image-14800\" style=\"width:386px;height:auto\"\/><\/figure>\n<\/div>\n\n\n<p>Non portare via con te la speranza<\/p>\n\n\n\n<p>Lasciala a cullare la nostra anima<\/p>\n\n\n\n<p>Non portare con te il suo ricordo<\/p>\n\n\n\n<p>Lasciaci il morbido sorriso.<\/p>\n","protected":false},"excerpt":{"rendered":"<p>Dimmi perch\u00e9 Ogni giorno accendi quel fiore Perch\u00e9 fissi le nuvole fra i biancospini Carezzando i tuoi capelli Oramai troppo lunghi e bianchi Dimmi perch\u00e9 ogni giorno ti trascini tra queste rocce e rovi guardando il nulla guardando verso il tuo futuro cosa ascoltano le tue orecchie cosa ascolta il tuo cuore quando il tuo&#8230;<\/p>\n","protected":false},"author":9,"featured_media":0,"comment_status":"open","ping_status":"open","sticky":false,"template":"","format":"standard","meta":{"footnotes":""},"categories":[63,71],"tags":[],"class_list":["post-14799","post","type-post","status-publish","format-standard","hentry","category-cultura","category-poesia"],"_links":{"self":[{"href":"https:\/\/impronte.eu\/news\/wp-json\/wp\/v2\/posts\/14799","targetHints":{"allow":["GET"]}}],"collection":[{"href":"https:\/\/impronte.eu\/news\/wp-json\/wp\/v2\/posts"}],"about":[{"href":"https:\/\/impronte.eu\/news\/wp-json\/wp\/v2\/types\/post"}],"author":[{"embeddable":true,"href":"https:\/\/impronte.eu\/news\/wp-json\/wp\/v2\/users\/9"}],"replies":[{"embeddable":true,"href":"https:\/\/impronte.eu\/news\/wp-json\/wp\/v2\/comments?post=14799"}],"version-history":[{"count":2,"href":"https:\/\/impronte.eu\/news\/wp-json\/wp\/v2\/posts\/14799\/revisions"}],"predecessor-version":[{"id":14808,"href":"https:\/\/impronte.eu\/news\/wp-json\/wp\/v2\/posts\/14799\/revisions\/14808"}],"wp:attachment":[{"href":"https:\/\/impronte.eu\/news\/wp-json\/wp\/v2\/media?parent=14799"}],"wp:term":[{"taxonomy":"category","embeddable":true,"href":"https:\/\/impronte.eu\/news\/wp-json\/wp\/v2\/categories?post=14799"},{"taxonomy":"post_tag","embeddable":true,"href":"https:\/\/impronte.eu\/news\/wp-json\/wp\/v2\/tags?post=14799"}],"curies":[{"name":"wp","href":"https:\/\/api.w.org\/{rel}","templated":true}]}}