{"id":14861,"date":"2024-05-25T18:18:09","date_gmt":"2024-05-25T17:18:09","guid":{"rendered":"https:\/\/impronte.eu\/news\/?p=14861"},"modified":"2024-05-25T18:49:29","modified_gmt":"2024-05-25T17:49:29","slug":"world-changers-summit-2024","status":"publish","type":"post","link":"https:\/\/impronte.eu\/news\/world-changers-summit-2024\/","title":{"rendered":"World Changers Summit 2024 &#8211; Forum to help shape a better Future"},"content":{"rendered":"<div id=\"cmsmasters_row_7vg3z9xnob\" class=\"cmsmasters_row cmsmasters_color_scheme_default cmsmasters_row_top_default cmsmasters_row_bot_default cmsmasters_row_boxed\">\n<div class=\"cmsmasters_row_outer_parent\">\n<div class=\"cmsmasters_row_outer\">\n<div class=\"cmsmasters_row_inner\">\n<div class=\"cmsmasters_row_margin\">\n<div id=\"cmsmasters_column_m5wa1315fn\" class=\"cmsmasters_column one_first\">\n<div class=\"cmsmasters_column_inner\"><div class=\"cmsmasters_content_slider_wrap\" style=\"max-width:px;\"><div id=\"cmsmasters_slider_jngnj93hxp\" class=\"cmsmasters_owl_slider owl-carousel cmsmasters_content_slider\" data-auto-play=\"2000\" data-stop-on-hover=\"false\" data-rewind-nav=\"false\" data-slide-speed=\"600\" data-pagination-speed=\"600\" data-rewind-speed=\"1000\" data-transition-style=\"false\" data-pagination=\"true\" data-navigation=\"true\"><div class=\"cmsmasters_owl_slider_item cmsmasters_content_slider_item\"><img loading=\"lazy\" decoding=\"async\" width=\"595\" height=\"842\" src=\"https:\/\/impronte.eu\/news\/wp-content\/uploads\/2024\/05\/2-Merged-Agenda-copy-1.jpg\" class=\"attachment-full size-full\" alt=\"\" srcset=\"https:\/\/impronte.eu\/news\/wp-content\/uploads\/2024\/05\/2-Merged-Agenda-copy-1.jpg 595w, https:\/\/impronte.eu\/news\/wp-content\/uploads\/2024\/05\/2-Merged-Agenda-copy-1-212x300.jpg 212w, https:\/\/impronte.eu\/news\/wp-content\/uploads\/2024\/05\/2-Merged-Agenda-copy-1-580x821.jpg 580w\" sizes=\"auto, (max-width: 595px) 100vw, 595px\" \/><\/div><div class=\"cmsmasters_owl_slider_item cmsmasters_content_slider_item\"><img loading=\"lazy\" decoding=\"async\" width=\"595\" height=\"842\" src=\"https:\/\/impronte.eu\/news\/wp-content\/uploads\/2024\/05\/2-Merged-Agenda-copy-2.jpg\" class=\"attachment-full size-full\" alt=\"\" srcset=\"https:\/\/impronte.eu\/news\/wp-content\/uploads\/2024\/05\/2-Merged-Agenda-copy-2.jpg 595w, https:\/\/impronte.eu\/news\/wp-content\/uploads\/2024\/05\/2-Merged-Agenda-copy-2-212x300.jpg 212w, https:\/\/impronte.eu\/news\/wp-content\/uploads\/2024\/05\/2-Merged-Agenda-copy-2-580x821.jpg 580w\" sizes=\"auto, (max-width: 595px) 100vw, 595px\" \/><\/div><div class=\"cmsmasters_owl_slider_item cmsmasters_content_slider_item\"><img loading=\"lazy\" decoding=\"async\" width=\"595\" height=\"842\" src=\"https:\/\/impronte.eu\/news\/wp-content\/uploads\/2024\/05\/2-Merged-Agenda-copy-3.jpg\" class=\"attachment-full size-full\" alt=\"\" srcset=\"https:\/\/impronte.eu\/news\/wp-content\/uploads\/2024\/05\/2-Merged-Agenda-copy-3.jpg 595w, https:\/\/impronte.eu\/news\/wp-content\/uploads\/2024\/05\/2-Merged-Agenda-copy-3-212x300.jpg 212w, https:\/\/impronte.eu\/news\/wp-content\/uploads\/2024\/05\/2-Merged-Agenda-copy-3-580x821.jpg 580w\" sizes=\"auto, (max-width: 595px) 100vw, 595px\" \/><\/div><div class=\"cmsmasters_owl_slider_item cmsmasters_content_slider_item\"><img loading=\"lazy\" decoding=\"async\" width=\"595\" height=\"842\" src=\"https:\/\/impronte.eu\/news\/wp-content\/uploads\/2024\/05\/2-Merged-Agenda-copy-4.jpg\" class=\"attachment-full size-full\" alt=\"\" srcset=\"https:\/\/impronte.eu\/news\/wp-content\/uploads\/2024\/05\/2-Merged-Agenda-copy-4.jpg 595w, https:\/\/impronte.eu\/news\/wp-content\/uploads\/2024\/05\/2-Merged-Agenda-copy-4-212x300.jpg 212w, https:\/\/impronte.eu\/news\/wp-content\/uploads\/2024\/05\/2-Merged-Agenda-copy-4-580x821.jpg 580w\" sizes=\"auto, (max-width: 595px) 100vw, 595px\" \/><\/div><\/div>\n<\/div>\n<\/div><\/div>\n<\/div>\n<\/div>\n<\/div>\n<\/div>\n<\/div>\n<div id=\"cmsmasters_row_4ovirt68rl\" class=\"cmsmasters_row cmsmasters_color_scheme_default cmsmasters_row_top_default cmsmasters_row_bot_default cmsmasters_row_boxed\">\n<div class=\"cmsmasters_row_outer_parent\">\n<div class=\"cmsmasters_row_outer\">\n<div class=\"cmsmasters_row_inner\">\n<div class=\"cmsmasters_row_margin\">\n<div id=\"cmsmasters_column_9jmcs7krl5\" class=\"cmsmasters_column one_first\">\n<div class=\"cmsmasters_column_inner\"><div class=\"cmsmasters_text\">\n<p><span style=\"font-weight: 400;\">Citt\u00e0 del Vaticano, 29 maggio 2024<\/span><\/p>\n<p>&nbsp;<\/p>\n<p><span style=\"font-weight: 400;\">La scienza e la tecnologia, guidate per il bene delle persone e del mondo, possono essere delle eccezionali alleate. Ed oggi si aprono infatti nuove ed importanti prospettive.\u00a0<\/span><\/p>\n<p><span style=\"font-weight: 400;\">Un incontro fondante per illustrare tali avvincenti opportunit\u00e0 \u00e8 il World Changers Summit di questo anno, intitolato proprio: \u201cForum to help shape a better future\u201d.\u00a0<\/span><\/p>\n<p><span style=\"font-weight: 400;\">Giunto alla sua terza edizione, il World Changers Summit, \u00e8 un importante evento voluto dal Professore Gabriele Andreoli, Presidente dell\u2019Institute for advance studies and cooperation (IASC), il quale ha scelto per ospitare tale summit la sede vaticana preposta ad accogliere tali tematiche, connaturate da alti profili scientifici, teologici, tecnologici e morali.\u00a0<\/span><\/p>\n<p><span style=\"font-weight: 400;\">\u00c8 infatti nella Pontificia Accademia delle Scienze che il \u00a0 29 maggio si riunir\u00e0 un\u2019assise di esperti internazionali uniti assieme dall\u2019intuizione del Professor Gabriele Andreoli che ha ideato il World Changers Summit affinch\u00e9, come lui stesso spiega: \u201c sia proprio dall\u2019interno della nostra Santa Chiesa che si diffonda a tutti i popoli questo messaggio universale di speranza\u00a0 basato sulla concretezza di ci\u00f2 che presentiamo in questo evento: un messaggio che vede la scienza alta e una tecnologia pensata e organizzata in ogni particolare per il bene delle persone e del mondo. Non deve e non pu\u00f2 infatti esistere distinzione alcuna, in quanto ci\u00f2 che ci spinge e ci guida \u00e8 la convinzione profonda che ciascun essere umano ha la sua dignit\u00e0 e debba dunque poter vivere la sua vita utilizzando quanto scienza, tecnologia e fede ci permettono oggi di fare\u201d.\u00a0<\/span><\/p>\n<p><span style=\"font-weight: 400;\">Risultati che potrebbero sembrare irraggiungibili, sono invece non solo realizzabili, ma realizzati. Ed \u00e8 nel World Changers Summit che verranno mostrate scoperte scientifiche e tecnologiche per dare forma ad un futuro migliore.\u00a0\u00a0<\/span><\/p>\n<p><span style=\"font-weight: 400;\">Tecnologia, teologia, scienza e fede sono il cuore del World Changers Summit, che il 5 settembre 2025, in occasione della sua quarta edizione, presenter\u00e0 il frutto del progetto TRANSCEND, che il 29 maggio il Professore Gabriele Andreoli presenta ufficialmente.\u00a0<\/span><\/p>\n<p>&nbsp;<\/p>\n<p><span style=\"font-weight: 400;\">I giornalisti e gli operatori media che intendono partecipare, devono inviare richiesta entro 24 ore dall\u2019evento, esclusivamente attraverso il Sistema di accreditamento online della Sala Stampa della Santa Sede, all\u2019indirizzo: <\/span><a href=\"about:blank\"><span style=\"font-weight: 400;\">press.vatican.va\/accreditamenti<\/span><\/a><span style=\"font-weight: 400;\">.<\/span><\/p>\n<p>&nbsp;<\/p>\n<\/div>\n<\/div><\/div>\n<\/div>\n<\/div>\n<\/div>\n<\/div>\n<\/div>\n\n","protected":false},"excerpt":{"rendered":"","protected":false},"author":1,"featured_media":14867,"comment_status":"open","ping_status":"open","sticky":false,"template":"","format":"standard","meta":{"footnotes":""},"categories":[60,62],"tags":[],"class_list":["post-14861","post","type-post","status-publish","format-standard","has-post-thumbnail","hentry","category-editoriali","category-tecnologia-scienza"],"_links":{"self":[{"href":"https:\/\/impronte.eu\/news\/wp-json\/wp\/v2\/posts\/14861","targetHints":{"allow":["GET"]}}],"collection":[{"href":"https:\/\/impronte.eu\/news\/wp-json\/wp\/v2\/posts"}],"about":[{"href":"https:\/\/impronte.eu\/news\/wp-json\/wp\/v2\/types\/post"}],"author":[{"embeddable":true,"href":"https:\/\/impronte.eu\/news\/wp-json\/wp\/v2\/users\/1"}],"replies":[{"embeddable":true,"href":"https:\/\/impronte.eu\/news\/wp-json\/wp\/v2\/comments?post=14861"}],"version-history":[{"count":8,"href":"https:\/\/impronte.eu\/news\/wp-json\/wp\/v2\/posts\/14861\/revisions"}],"predecessor-version":[{"id":14890,"href":"https:\/\/impronte.eu\/news\/wp-json\/wp\/v2\/posts\/14861\/revisions\/14890"}],"wp:featuredmedia":[{"embeddable":true,"href":"https:\/\/impronte.eu\/news\/wp-json\/wp\/v2\/media\/14867"}],"wp:attachment":[{"href":"https:\/\/impronte.eu\/news\/wp-json\/wp\/v2\/media?parent=14861"}],"wp:term":[{"taxonomy":"category","embeddable":true,"href":"https:\/\/impronte.eu\/news\/wp-json\/wp\/v2\/categories?post=14861"},{"taxonomy":"post_tag","embeddable":true,"href":"https:\/\/impronte.eu\/news\/wp-json\/wp\/v2\/tags?post=14861"}],"curies":[{"name":"wp","href":"https:\/\/api.w.org\/{rel}","templated":true}]}}