{"id":14922,"date":"2024-05-25T20:06:57","date_gmt":"2024-05-25T19:06:57","guid":{"rendered":"https:\/\/impronte.eu\/news\/?p=14922"},"modified":"2024-05-25T20:06:59","modified_gmt":"2024-05-25T19:06:59","slug":"er-core","status":"publish","type":"post","link":"https:\/\/impronte.eu\/news\/er-core\/","title":{"rendered":"ER CORE"},"content":{"rendered":"\n<p>Quante volte l\u2019ho scordato<\/p>\n\n\n\n<p>Ma lui \u00e8 stato sempre dentro,<\/p>\n\n\n\n<p>fin da prima che so nato<\/p>\n\n\n\n<p>sempre in mezzo\u2026 l\u00ec al centro.<\/p>\n\n\n\n<p><\/p>\n\n\n\n<p>Questo muscolo perfetto<\/p>\n\n\n\n<p>Che a vedello pare brutto,<\/p>\n\n\n\n<p>lui ce batte dentro ar petto<\/p>\n\n\n\n<p>\u00e8 da li che move tutto;<\/p>\n\n\n\n<p><\/p>\n\n\n\n<p>da li nasce l\u2019emozione<\/p>\n\n\n\n<p>che c\u2019irradia l\u2019esistenza<\/p>\n\n\n\n<p>toccaa noi poi daje \u2018n\u2019 nome<\/p>\n\n\n\n<p>e capinne l\u2019importanza;<\/p>\n\n\n\n<p><\/p>\n\n\n\n<p>sempre pronto adatte amore<\/p>\n\n\n\n<p>e nun mente, nun te inganna<\/p>\n\n\n\n<p>come \u2018n\u2019 bravo direttore<\/p>\n\n\n\n<p>perch\u00e9 a lui \u2018n\u2019 comanna.<\/p>\n\n\n\n<p><\/p>\n\n\n\n<p>Spesso Io j\u2019ho dato torto<\/p>\n\n\n\n<p>el\u2019ho pure martrattato<\/p>\n\n\n\n<p>e nimmanco me so accorto<\/p>\n\n\n\n<p>che m\u2019\u00e8 s\u2019era congelato;<\/p>\n\n\n\n<p><\/p>\n\n\n\n<p>me credevo d\u2019esse \u2018n\u2019 dritto<\/p>\n\n\n\n<p>de fa come me pareva,<\/p>\n\n\n\n<p>n\u2019era mejo a stasse zitto<\/p>\n\n\n\n<p>e sent\u00ec quer che diceva.<\/p>\n\n\n\n<p><\/p>\n\n\n\n<p>Che \u00e8 st\u00e0 vita,a st\u00e0 bellezza<\/p>\n\n\n\n<p>poi nun serve a fa rumore<\/p>\n\n\n\n<p>e se voi \u2018na sicurezza<\/p>\n\n\n\n<p>\u2018st\u00e0 in silenzio a ascorta er core<\/p>\n","protected":false},"excerpt":{"rendered":"<p>Quante volte l\u2019ho scordato Ma lui \u00e8 stato sempre dentro, fin da prima che so nato sempre in mezzo\u2026 l\u00ec al centro. Questo muscolo perfetto Che a vedello pare brutto, lui ce batte dentro ar petto \u00e8 da li che move tutto; da li nasce l\u2019emozione che c\u2019irradia l\u2019esistenza toccaa noi poi daje \u2018n\u2019 nome&#8230;<\/p>\n","protected":false},"author":20,"featured_media":0,"comment_status":"open","ping_status":"open","sticky":false,"template":"","format":"standard","meta":{"footnotes":""},"categories":[63,71],"tags":[],"class_list":["post-14922","post","type-post","status-publish","format-standard","hentry","category-cultura","category-poesia"],"_links":{"self":[{"href":"https:\/\/impronte.eu\/news\/wp-json\/wp\/v2\/posts\/14922","targetHints":{"allow":["GET"]}}],"collection":[{"href":"https:\/\/impronte.eu\/news\/wp-json\/wp\/v2\/posts"}],"about":[{"href":"https:\/\/impronte.eu\/news\/wp-json\/wp\/v2\/types\/post"}],"author":[{"embeddable":true,"href":"https:\/\/impronte.eu\/news\/wp-json\/wp\/v2\/users\/20"}],"replies":[{"embeddable":true,"href":"https:\/\/impronte.eu\/news\/wp-json\/wp\/v2\/comments?post=14922"}],"version-history":[{"count":1,"href":"https:\/\/impronte.eu\/news\/wp-json\/wp\/v2\/posts\/14922\/revisions"}],"predecessor-version":[{"id":14923,"href":"https:\/\/impronte.eu\/news\/wp-json\/wp\/v2\/posts\/14922\/revisions\/14923"}],"wp:attachment":[{"href":"https:\/\/impronte.eu\/news\/wp-json\/wp\/v2\/media?parent=14922"}],"wp:term":[{"taxonomy":"category","embeddable":true,"href":"https:\/\/impronte.eu\/news\/wp-json\/wp\/v2\/categories?post=14922"},{"taxonomy":"post_tag","embeddable":true,"href":"https:\/\/impronte.eu\/news\/wp-json\/wp\/v2\/tags?post=14922"}],"curies":[{"name":"wp","href":"https:\/\/api.w.org\/{rel}","templated":true}]}}