{"id":14967,"date":"2024-06-10T15:32:50","date_gmt":"2024-06-10T14:32:50","guid":{"rendered":"https:\/\/impronte.eu\/news\/?p=14967"},"modified":"2024-06-10T15:32:51","modified_gmt":"2024-06-10T14:32:51","slug":"labro","status":"publish","type":"post","link":"https:\/\/impronte.eu\/news\/labro\/","title":{"rendered":"Labro."},"content":{"rendered":"\n<p><strong>Un borgo di pietra affacciato sul Lago di Piediluco<\/strong><\/p>\n\n\n<div class=\"wp-block-image\">\n<figure class=\"aligncenter size-large is-resized\"><img loading=\"lazy\" decoding=\"async\" width=\"1024\" height=\"485\" src=\"https:\/\/impronte.eu\/news\/wp-content\/uploads\/2024\/06\/labro-1-aquilanti-6-1024x485.jpg\" alt=\"\" class=\"wp-image-14968\" style=\"width:386px;height:auto\" srcset=\"https:\/\/impronte.eu\/news\/wp-content\/uploads\/2024\/06\/labro-1-aquilanti-6-1024x485.jpg 1024w, https:\/\/impronte.eu\/news\/wp-content\/uploads\/2024\/06\/labro-1-aquilanti-6-300x142.jpg 300w, https:\/\/impronte.eu\/news\/wp-content\/uploads\/2024\/06\/labro-1-aquilanti-6-768x363.jpg 768w, https:\/\/impronte.eu\/news\/wp-content\/uploads\/2024\/06\/labro-1-aquilanti-6-1536x727.jpg 1536w, https:\/\/impronte.eu\/news\/wp-content\/uploads\/2024\/06\/labro-1-aquilanti-6-2048x969.jpg 2048w, https:\/\/impronte.eu\/news\/wp-content\/uploads\/2024\/06\/labro-1-aquilanti-6-580x274.jpg 580w, https:\/\/impronte.eu\/news\/wp-content\/uploads\/2024\/06\/labro-1-aquilanti-6-860x407.jpg 860w, https:\/\/impronte.eu\/news\/wp-content\/uploads\/2024\/06\/labro-1-aquilanti-6-1160x549.jpg 1160w, https:\/\/impronte.eu\/news\/wp-content\/uploads\/2024\/06\/labro-1-aquilanti-6-1320x625.jpg 1320w\" sizes=\"auto, (max-width: 1024px) 100vw, 1024px\" \/><\/figure>\n<\/div>\n\n\n<p><span style=\"font-size:12.0pt;line-height:107%;\nfont-family:&quot;Times New Roman&quot;,&quot;serif&quot;;mso-fareast-font-family:&quot;Times New Roman&quot;;\nmso-ansi-language:IT;mso-fareast-language:IT;mso-bidi-language:AR-SA\">Labro, arroccato su un promontorio a 630 metri di altezza, domina il Lago di Piediluco con il suo <\/span>fascino medievale e la sua atmosfera tranquilla. Conosciuto come &#8220;il paese della pietra&#8221;, Labro offre ai visitatori un tuffo nel passato tra vicoli pittoreschi, case in pietra e scorci panoramici mozzafiato. Non \u00e8 infatti solo un borgo pittoresco, ma un vero e proprio scrigno di storia, curiosit\u00e0 e tradizioni che aspettano solo di essere scoperte.<\/p>\n\n\n<div class=\"wp-block-image\">\n<figure class=\"aligncenter size-large\"><img loading=\"lazy\" decoding=\"async\" width=\"1024\" height=\"485\" src=\"https:\/\/impronte.eu\/news\/wp-content\/uploads\/2024\/06\/labro-2-aquilanti-6-1024x485.jpg\" alt=\"\" class=\"wp-image-14969\" srcset=\"https:\/\/impronte.eu\/news\/wp-content\/uploads\/2024\/06\/labro-2-aquilanti-6-1024x485.jpg 1024w, https:\/\/impronte.eu\/news\/wp-content\/uploads\/2024\/06\/labro-2-aquilanti-6-300x142.jpg 300w, https:\/\/impronte.eu\/news\/wp-content\/uploads\/2024\/06\/labro-2-aquilanti-6-768x363.jpg 768w, https:\/\/impronte.eu\/news\/wp-content\/uploads\/2024\/06\/labro-2-aquilanti-6-1536x727.jpg 1536w, https:\/\/impronte.eu\/news\/wp-content\/uploads\/2024\/06\/labro-2-aquilanti-6-2048x969.jpg 2048w, https:\/\/impronte.eu\/news\/wp-content\/uploads\/2024\/06\/labro-2-aquilanti-6-580x274.jpg 580w, https:\/\/impronte.eu\/news\/wp-content\/uploads\/2024\/06\/labro-2-aquilanti-6-860x407.jpg 860w, https:\/\/impronte.eu\/news\/wp-content\/uploads\/2024\/06\/labro-2-aquilanti-6-1160x549.jpg 1160w, https:\/\/impronte.eu\/news\/wp-content\/uploads\/2024\/06\/labro-2-aquilanti-6-1320x625.jpg 1320w\" sizes=\"auto, (max-width: 1024px) 100vw, 1024px\" \/><\/figure>\n<\/div>\n\n\n<p>Labro \u00e8 un borgo che conquista il cuore con il suo fascino senza tempo, la sua storia affascinante e la sua atmosfera accogliente. Un luogo ideale per una vacanza all&#8217;insegna del relax, della cultura e del contatto con la natura.<\/p>\n\n\n<div class=\"wp-block-image\">\n<figure class=\"aligncenter size-large\"><img loading=\"lazy\" decoding=\"async\" width=\"1024\" height=\"485\" src=\"https:\/\/impronte.eu\/news\/wp-content\/uploads\/2024\/06\/labro-13-erminio-6--1024x485.jpg\" alt=\"\" class=\"wp-image-14976\" srcset=\"https:\/\/impronte.eu\/news\/wp-content\/uploads\/2024\/06\/labro-13-erminio-6--1024x485.jpg 1024w, https:\/\/impronte.eu\/news\/wp-content\/uploads\/2024\/06\/labro-13-erminio-6--300x142.jpg 300w, https:\/\/impronte.eu\/news\/wp-content\/uploads\/2024\/06\/labro-13-erminio-6--768x364.jpg 768w, https:\/\/impronte.eu\/news\/wp-content\/uploads\/2024\/06\/labro-13-erminio-6--1536x728.jpg 1536w, https:\/\/impronte.eu\/news\/wp-content\/uploads\/2024\/06\/labro-13-erminio-6--2048x971.jpg 2048w, https:\/\/impronte.eu\/news\/wp-content\/uploads\/2024\/06\/labro-13-erminio-6--580x275.jpg 580w, https:\/\/impronte.eu\/news\/wp-content\/uploads\/2024\/06\/labro-13-erminio-6--860x408.jpg 860w, https:\/\/impronte.eu\/news\/wp-content\/uploads\/2024\/06\/labro-13-erminio-6--1160x550.jpg 1160w, https:\/\/impronte.eu\/news\/wp-content\/uploads\/2024\/06\/labro-13-erminio-6--1320x626.jpg 1320w\" sizes=\"auto, (max-width: 1024px) 100vw, 1024px\" \/><\/figure>\n<\/div>\n\n\n<p><strong>Un tuffo nella storia:<\/strong><\/p>\n\n\n<div class=\"wp-block-image\">\n<figure class=\"aligncenter size-large\"><img loading=\"lazy\" decoding=\"async\" width=\"1024\" height=\"485\" src=\"https:\/\/impronte.eu\/news\/wp-content\/uploads\/2024\/06\/labro-6-aquilanti-6-1024x485.jpg\" alt=\"\" class=\"wp-image-14971\" srcset=\"https:\/\/impronte.eu\/news\/wp-content\/uploads\/2024\/06\/labro-6-aquilanti-6-1024x485.jpg 1024w, https:\/\/impronte.eu\/news\/wp-content\/uploads\/2024\/06\/labro-6-aquilanti-6-300x142.jpg 300w, https:\/\/impronte.eu\/news\/wp-content\/uploads\/2024\/06\/labro-6-aquilanti-6-768x364.jpg 768w, https:\/\/impronte.eu\/news\/wp-content\/uploads\/2024\/06\/labro-6-aquilanti-6-1536x728.jpg 1536w, https:\/\/impronte.eu\/news\/wp-content\/uploads\/2024\/06\/labro-6-aquilanti-6-2048x971.jpg 2048w, https:\/\/impronte.eu\/news\/wp-content\/uploads\/2024\/06\/labro-6-aquilanti-6-580x275.jpg 580w, https:\/\/impronte.eu\/news\/wp-content\/uploads\/2024\/06\/labro-6-aquilanti-6-860x408.jpg 860w, https:\/\/impronte.eu\/news\/wp-content\/uploads\/2024\/06\/labro-6-aquilanti-6-1160x550.jpg 1160w, https:\/\/impronte.eu\/news\/wp-content\/uploads\/2024\/06\/labro-6-aquilanti-6-1320x626.jpg 1320w\" sizes=\"auto, (max-width: 1024px) 100vw, 1024px\" \/><\/figure>\n<\/div>\n\n\n<ul class=\"wp-block-list\">\n<li><strong>Le origini:<\/strong> Labro vanta origini antichissime, risalenti all&#8217;epoca romana. Il suo nome deriva dal latino &#8220;labrum&#8221;, che significa &#8220;vaso per bere&#8221;, probabilmente in riferimento alla presenza di sorgenti d&#8217;acqua nella zona.<\/li>\n\n\n\n<li><strong>Medioevo e Rinascimento:<\/strong> Durante il Medioevo, Labro divenne un importante feudo, passando sotto il dominio di diverse famiglie nobiliari. Nel Rinascimento, il borgo conobbe un periodo di splendore, grazie al mecenatismo delle famiglie Baroncelli e Bufalini.<\/li>\n\n\n\n<li><strong>Dal XIX secolo ai giorni nostri:<\/strong> Nell&#8217;Ottocento, Labro fu un centro attivo durante il Risorgimento italiano. Nel Novecento, il borgo ha subito i danni del terremoto del 1917, ma \u00e8 stato ricostruito nel rispetto della sua fisionomia originaria.<\/li>\n<\/ul>\n\n\n\n<p><strong>Cosa vedere a Labro:<\/strong><\/p>\n\n\n\n<figure class=\"wp-block-image size-large\"><img loading=\"lazy\" decoding=\"async\" width=\"725\" height=\"1024\" src=\"https:\/\/impronte.eu\/news\/wp-content\/uploads\/2024\/06\/labro-14-aquilanti-6-725x1024.jpg\" alt=\"\" class=\"wp-image-14977\" srcset=\"https:\/\/impronte.eu\/news\/wp-content\/uploads\/2024\/06\/labro-14-aquilanti-6-725x1024.jpg 725w, https:\/\/impronte.eu\/news\/wp-content\/uploads\/2024\/06\/labro-14-aquilanti-6-212x300.jpg 212w, https:\/\/impronte.eu\/news\/wp-content\/uploads\/2024\/06\/labro-14-aquilanti-6-768x1085.jpg 768w, https:\/\/impronte.eu\/news\/wp-content\/uploads\/2024\/06\/labro-14-aquilanti-6-1087x1536.jpg 1087w, https:\/\/impronte.eu\/news\/wp-content\/uploads\/2024\/06\/labro-14-aquilanti-6-1449x2048.jpg 1449w, https:\/\/impronte.eu\/news\/wp-content\/uploads\/2024\/06\/labro-14-aquilanti-6-580x820.jpg 580w, https:\/\/impronte.eu\/news\/wp-content\/uploads\/2024\/06\/labro-14-aquilanti-6-860x1215.jpg 860w, https:\/\/impronte.eu\/news\/wp-content\/uploads\/2024\/06\/labro-14-aquilanti-6-1160x1639.jpg 1160w, https:\/\/impronte.eu\/news\/wp-content\/uploads\/2024\/06\/labro-14-aquilanti-6-1320x1865.jpg 1320w, https:\/\/impronte.eu\/news\/wp-content\/uploads\/2024\/06\/labro-14-aquilanti-6-scaled.jpg 1812w\" sizes=\"auto, (max-width: 725px) 100vw, 725px\" \/><\/figure>\n\n\n<div class=\"wp-block-image\">\n<figure class=\"aligncenter size-large is-resized\"><img loading=\"lazy\" decoding=\"async\" width=\"623\" height=\"1024\" src=\"https:\/\/impronte.eu\/news\/wp-content\/uploads\/2024\/06\/labro-11-aquilanti-6-623x1024.jpg\" alt=\"\" class=\"wp-image-14972\" style=\"width:299px;height:auto\" srcset=\"https:\/\/impronte.eu\/news\/wp-content\/uploads\/2024\/06\/labro-11-aquilanti-6-623x1024.jpg 623w, https:\/\/impronte.eu\/news\/wp-content\/uploads\/2024\/06\/labro-11-aquilanti-6-182x300.jpg 182w, https:\/\/impronte.eu\/news\/wp-content\/uploads\/2024\/06\/labro-11-aquilanti-6-768x1263.jpg 768w, https:\/\/impronte.eu\/news\/wp-content\/uploads\/2024\/06\/labro-11-aquilanti-6-934x1536.jpg 934w, https:\/\/impronte.eu\/news\/wp-content\/uploads\/2024\/06\/labro-11-aquilanti-6-1246x2048.jpg 1246w, https:\/\/impronte.eu\/news\/wp-content\/uploads\/2024\/06\/labro-11-aquilanti-6-580x954.jpg 580w, https:\/\/impronte.eu\/news\/wp-content\/uploads\/2024\/06\/labro-11-aquilanti-6-860x1414.jpg 860w, https:\/\/impronte.eu\/news\/wp-content\/uploads\/2024\/06\/labro-11-aquilanti-6-1160x1907.jpg 1160w, https:\/\/impronte.eu\/news\/wp-content\/uploads\/2024\/06\/labro-11-aquilanti-6-1320x2170.jpg 1320w, https:\/\/impronte.eu\/news\/wp-content\/uploads\/2024\/06\/labro-11-aquilanti-6-scaled.jpg 1557w\" sizes=\"auto, (max-width: 623px) 100vw, 623px\" \/><\/figure>\n<\/div>\n\n\n<ul class=\"wp-block-list\">\n<li><strong>Il Castello:<\/strong>Risalente al XII secolo offre una vista spettacolare sul lago e sulla vallata circostante. All&#8217;interno si trova il Museo Civico, che espone reperti archeologici e opere d&#8217;arte locale.<\/li>\n\n\n\n<li><strong>Il centro storico:<\/strong> peculiari del borgo medioevale sono le strette vie, le case in pietra, gli archi e le piazzette fiorite. Molto bella \u00e8 la Chiesa di San Nicola, con il suo campanile romanico, e la Chiesa di Santa Maria Assunta, che custodisce un prezioso affresco del XV secolo.<\/li>\n\n\n\n<li><strong>Il Lago di Piediluco:<\/strong>Il lago offre numerose opportunit\u00e0 per gli amanti degli sport acquatici, come canottaggio, vela, windsurf e pesca.<\/li>\n\n\n\n<li><strong>La Rocca:<\/strong>Un punto panoramico mozzafiato da cui si gode una vista unica sul lago, sul borgo di Labro e sui monti circostanti.<\/li>\n<\/ul>\n\n\n\n<figure class=\"wp-block-image size-large\"><img loading=\"lazy\" decoding=\"async\" width=\"1024\" height=\"485\" src=\"https:\/\/impronte.eu\/news\/wp-content\/uploads\/2024\/06\/labro-12-aquilanti-6--1024x485.jpg\" alt=\"\" class=\"wp-image-14973\" srcset=\"https:\/\/impronte.eu\/news\/wp-content\/uploads\/2024\/06\/labro-12-aquilanti-6--1024x485.jpg 1024w, https:\/\/impronte.eu\/news\/wp-content\/uploads\/2024\/06\/labro-12-aquilanti-6--300x142.jpg 300w, https:\/\/impronte.eu\/news\/wp-content\/uploads\/2024\/06\/labro-12-aquilanti-6--768x363.jpg 768w, https:\/\/impronte.eu\/news\/wp-content\/uploads\/2024\/06\/labro-12-aquilanti-6--1536x727.jpg 1536w, https:\/\/impronte.eu\/news\/wp-content\/uploads\/2024\/06\/labro-12-aquilanti-6--2048x969.jpg 2048w, https:\/\/impronte.eu\/news\/wp-content\/uploads\/2024\/06\/labro-12-aquilanti-6--580x274.jpg 580w, https:\/\/impronte.eu\/news\/wp-content\/uploads\/2024\/06\/labro-12-aquilanti-6--860x407.jpg 860w, https:\/\/impronte.eu\/news\/wp-content\/uploads\/2024\/06\/labro-12-aquilanti-6--1160x549.jpg 1160w, https:\/\/impronte.eu\/news\/wp-content\/uploads\/2024\/06\/labro-12-aquilanti-6--1320x625.jpg 1320w\" sizes=\"auto, (max-width: 1024px) 100vw, 1024px\" \/><\/figure>\n\n\n<div class=\"wp-block-image\">\n<figure class=\"aligncenter size-large\"><img loading=\"lazy\" decoding=\"async\" width=\"1024\" height=\"485\" src=\"https:\/\/impronte.eu\/news\/wp-content\/uploads\/2024\/06\/labro-3-aquilanti-6-1024x485.jpg\" alt=\"\" class=\"wp-image-14974\" srcset=\"https:\/\/impronte.eu\/news\/wp-content\/uploads\/2024\/06\/labro-3-aquilanti-6-1024x485.jpg 1024w, https:\/\/impronte.eu\/news\/wp-content\/uploads\/2024\/06\/labro-3-aquilanti-6-300x142.jpg 300w, https:\/\/impronte.eu\/news\/wp-content\/uploads\/2024\/06\/labro-3-aquilanti-6-768x363.jpg 768w, https:\/\/impronte.eu\/news\/wp-content\/uploads\/2024\/06\/labro-3-aquilanti-6-1536x727.jpg 1536w, https:\/\/impronte.eu\/news\/wp-content\/uploads\/2024\/06\/labro-3-aquilanti-6-2048x969.jpg 2048w, https:\/\/impronte.eu\/news\/wp-content\/uploads\/2024\/06\/labro-3-aquilanti-6-580x274.jpg 580w, https:\/\/impronte.eu\/news\/wp-content\/uploads\/2024\/06\/labro-3-aquilanti-6-860x407.jpg 860w, https:\/\/impronte.eu\/news\/wp-content\/uploads\/2024\/06\/labro-3-aquilanti-6-1160x549.jpg 1160w, https:\/\/impronte.eu\/news\/wp-content\/uploads\/2024\/06\/labro-3-aquilanti-6-1320x625.jpg 1320w\" sizes=\"auto, (max-width: 1024px) 100vw, 1024px\" \/><\/figure>\n<\/div>\n\n\n<p><strong>Curiosit\u00e0 da scoprire:<\/strong><\/p>\n\n\n\n<ul class=\"wp-block-list\">\n<li><strong>La leggenda del drago:<\/strong> Secondo una leggenda, un drago viveva nelle profondit\u00e0 del Lago di Piediluco. Ogni anno, il mostro emergeva dalle acque e terrorizzava gli abitanti del borgo. Un giorno, un giovane cavaliere uccise il drago, liberando Labro dalla sua maledizione.<\/li>\n\n\n\n<li><strong>I &#8220;gobbi&#8221; di Labro:<\/strong>Caratteristici di Labro sono i suoi &#8220;gobbi&#8221;, ovvero delle protuberanze rocciose che si ergono dal terreno in diverse zone del borgo. La loro origine \u00e8 incerta: alcuni credono siano formazioni naturali, mentre altri le attribuiscono a costruzioni umane risalenti a epoche remote.<\/li>\n<\/ul>\n\n\n\n<p><strong>Cosa fare a Labro:<\/strong><\/p>\n\n\n\n<ul class=\"wp-block-list\">\n<li><strong>Escursioni:<\/strong> Il territorio intorno a Labro offre numerosi sentieri escursionistici per tutti i livelli di difficolt\u00e0.\u00a0<\/li>\n\n\n\n<li><strong>Ciclismo:<\/strong> Labro \u00e8 un punto di partenza ideale per gli amanti del ciclismo, poich\u00e9 si possono esplorare le strade panoramiche che circondano il lago, immersi nella natura e nella tranquillit\u00e0.<\/li>\n\n\n\n<li><strong>Gastronomia:<\/strong> La cucina di Labro \u00e8 ricca di sapori tipici umbri come la &#8220;torta al farro&#8221;, la &#8220;minestra di ceci&#8221;, i &#8220;piccioni al tartufo&#8221; e il vino rosso locale.<\/li>\n<\/ul>\n\n\n\n<p><strong>Sagre e tradizioni:<\/strong><\/p>\n\n\n\n<ul class=\"wp-block-list\">\n<li><strong>Sagra della Trota:<\/strong> Ogni anno, nel mese di giugno, si tiene la Sagra della Trota, un evento gastronomico dedicato al pesce tipico del Lago di Piediluco. Durante la sagra, \u00e8 possibile gustare piatti a base di trota in diverse varianti, accompagnati da vino locale e musica dal vivo.<\/li>\n\n\n\n<li><strong>Festa di San Giovanni:<\/strong> Il 24 giugno si celebra la Festa di San Giovanni, patrono di Labro, caratterizzata da una processione solenne, giochi popolari, stand gastronomici e fuochi d&#8217;artificio.<\/li>\n\n\n\n<li><strong>Palio delle Contrade:<\/strong> In occasione della Festa di San Giovanni, si svolge il Palio delle Contrade, una gara di abilit\u00e0 tra le quattro contrade del borgo: Borgo, Castello, Campitello e Santa Lucia. Le contrade si sfidano in diverse prove, come il tiro alla fune, la corsa con i sacchi e il palio dei somari.<\/li>\n<\/ul>\n\n\n\n<p><strong>Come arrivare a Labro:<\/strong><\/p>\n\n\n\n<p>Labro si trova a circa 60 km da Terni e a 100 km da Roma. \u00c8 possibile raggiungere il borgo in auto, autobus o treno. La stazione ferroviaria pi\u00f9 vicina \u00e8 quella di Terni, da cui \u00e8 possibile prendere un autobus per Labro.<\/p>\n\n\n\n<p><strong>Consigli:<\/strong><\/p>\n\n\n<div class=\"wp-block-image\">\n<figure class=\"aligncenter size-large is-resized\"><img loading=\"lazy\" decoding=\"async\" width=\"1024\" height=\"485\" src=\"https:\/\/impronte.eu\/news\/wp-content\/uploads\/2024\/06\/labro-7-aquilanti-6-1024x485.jpg\" alt=\"\" class=\"wp-image-14978\" style=\"width:386px;height:auto\" srcset=\"https:\/\/impronte.eu\/news\/wp-content\/uploads\/2024\/06\/labro-7-aquilanti-6-1024x485.jpg 1024w, https:\/\/impronte.eu\/news\/wp-content\/uploads\/2024\/06\/labro-7-aquilanti-6-300x142.jpg 300w, https:\/\/impronte.eu\/news\/wp-content\/uploads\/2024\/06\/labro-7-aquilanti-6-768x363.jpg 768w, https:\/\/impronte.eu\/news\/wp-content\/uploads\/2024\/06\/labro-7-aquilanti-6-1536x727.jpg 1536w, https:\/\/impronte.eu\/news\/wp-content\/uploads\/2024\/06\/labro-7-aquilanti-6-2048x969.jpg 2048w, https:\/\/impronte.eu\/news\/wp-content\/uploads\/2024\/06\/labro-7-aquilanti-6-580x274.jpg 580w, https:\/\/impronte.eu\/news\/wp-content\/uploads\/2024\/06\/labro-7-aquilanti-6-860x407.jpg 860w, https:\/\/impronte.eu\/news\/wp-content\/uploads\/2024\/06\/labro-7-aquilanti-6-1160x549.jpg 1160w, https:\/\/impronte.eu\/news\/wp-content\/uploads\/2024\/06\/labro-7-aquilanti-6-1320x625.jpg 1320w\" sizes=\"auto, (max-width: 1024px) 100vw, 1024px\" \/><\/figure>\n<\/div>\n\n\n<ul class=\"wp-block-list\">\n<li>Il periodo migliore per visitare Labro \u00e8 la primavera o l&#8217;autunno, quando il clima \u00e8 mite e piacevole.<\/li>\n\n\n\n<li>Labro \u00e8 il luogo ideale di vacanza per coloro che amano la natura e gli sport all&#8217;aria aperta.<\/li>\n<\/ul>\n","protected":false},"excerpt":{"rendered":"<p>Un borgo di pietra affacciato sul Lago di Piediluco Labro, arroccato su un promontorio a 630 metri di altezza, domina il Lago di Piediluco con il suo fascino medievale e la sua atmosfera tranquilla. Conosciuto come &#8220;il paese della pietra&#8221;, Labro offre ai visitatori un tuffo nel passato tra vicoli pittoreschi, case in pietra e&#8230;<\/p>\n","protected":false},"author":42,"featured_media":0,"comment_status":"open","ping_status":"open","sticky":false,"template":"","format":"standard","meta":{"footnotes":""},"categories":[63,76],"tags":[],"class_list":["post-14967","post","type-post","status-publish","format-standard","hentry","category-cultura","category-turismo"],"_links":{"self":[{"href":"https:\/\/impronte.eu\/news\/wp-json\/wp\/v2\/posts\/14967","targetHints":{"allow":["GET"]}}],"collection":[{"href":"https:\/\/impronte.eu\/news\/wp-json\/wp\/v2\/posts"}],"about":[{"href":"https:\/\/impronte.eu\/news\/wp-json\/wp\/v2\/types\/post"}],"author":[{"embeddable":true,"href":"https:\/\/impronte.eu\/news\/wp-json\/wp\/v2\/users\/42"}],"replies":[{"embeddable":true,"href":"https:\/\/impronte.eu\/news\/wp-json\/wp\/v2\/comments?post=14967"}],"version-history":[{"count":1,"href":"https:\/\/impronte.eu\/news\/wp-json\/wp\/v2\/posts\/14967\/revisions"}],"predecessor-version":[{"id":14979,"href":"https:\/\/impronte.eu\/news\/wp-json\/wp\/v2\/posts\/14967\/revisions\/14979"}],"wp:attachment":[{"href":"https:\/\/impronte.eu\/news\/wp-json\/wp\/v2\/media?parent=14967"}],"wp:term":[{"taxonomy":"category","embeddable":true,"href":"https:\/\/impronte.eu\/news\/wp-json\/wp\/v2\/categories?post=14967"},{"taxonomy":"post_tag","embeddable":true,"href":"https:\/\/impronte.eu\/news\/wp-json\/wp\/v2\/tags?post=14967"}],"curies":[{"name":"wp","href":"https:\/\/api.w.org\/{rel}","templated":true}]}}