{"id":15047,"date":"2024-06-27T16:53:20","date_gmt":"2024-06-27T15:53:20","guid":{"rendered":"https:\/\/impronte.eu\/news\/?p=15047"},"modified":"2024-06-27T16:53:21","modified_gmt":"2024-06-27T15:53:21","slug":"comunicato-stampa","status":"publish","type":"post","link":"https:\/\/impronte.eu\/news\/comunicato-stampa\/","title":{"rendered":"COMUNICATO STAMPA"},"content":{"rendered":"<div class=\"wp-block-image\">\n<figure class=\"aligncenter size-full\"><img loading=\"lazy\" decoding=\"async\" width=\"720\" height=\"1017\" src=\"https:\/\/impronte.eu\/news\/wp-content\/uploads\/2024\/06\/locandina-liberi-forti-2-7.jpg\" alt=\"\" class=\"wp-image-15049\" srcset=\"https:\/\/impronte.eu\/news\/wp-content\/uploads\/2024\/06\/locandina-liberi-forti-2-7.jpg 720w, https:\/\/impronte.eu\/news\/wp-content\/uploads\/2024\/06\/locandina-liberi-forti-2-7-212x300.jpg 212w, https:\/\/impronte.eu\/news\/wp-content\/uploads\/2024\/06\/locandina-liberi-forti-2-7-580x819.jpg 580w\" sizes=\"auto, (max-width: 720px) 100vw, 720px\" \/><\/figure>\n<\/div>\n\n\n<p>Grande successo per la 3\u00b0 Edizione dei premi \u201cLiberi eForti\u201d e \u201cKyra\u201d. I premi sono stati assegnatipresso le sale del Palazzo Valentiniil 20 Giugno alle 15,30. L\u2019evento \u00e8 stato presentato dallagiornalista Erika Gottardi con il placet del Consiglieredella Citt\u00e0 Metropolitana di Roma Capitale On. AntonioGiammusso.<\/p>\n\n\n<div class=\"wp-block-image\">\n<figure class=\"aligncenter size-full\"><img loading=\"lazy\" decoding=\"async\" width=\"720\" height=\"997\" src=\"https:\/\/impronte.eu\/news\/wp-content\/uploads\/2024\/06\/locandina-premio-kyra-maria-7-.jpg\" alt=\"\" class=\"wp-image-15050\" srcset=\"https:\/\/impronte.eu\/news\/wp-content\/uploads\/2024\/06\/locandina-premio-kyra-maria-7-.jpg 720w, https:\/\/impronte.eu\/news\/wp-content\/uploads\/2024\/06\/locandina-premio-kyra-maria-7--217x300.jpg 217w, https:\/\/impronte.eu\/news\/wp-content\/uploads\/2024\/06\/locandina-premio-kyra-maria-7--580x803.jpg 580w\" sizes=\"auto, (max-width: 720px) 100vw, 720px\" \/><\/figure>\n<\/div>\n\n\n<p>Organizzatori e ideatori del Premio sono Massimo Meschino Presidente dell\u2019Associazione Culturale MTM EVENTS, la Prof. Maria Berardi<\/p>\n\n\n\n<p>Presidente di Stars For Peace in The World e lacollaborazione di 3B Production Film di Pietro Borzaccae Tink Tank Lab del Dott. Paolo Coscione.<\/p>\n\n\n\n<figure class=\"wp-block-image size-full\"><img loading=\"lazy\" decoding=\"async\" width=\"807\" height=\"156\" src=\"https:\/\/impronte.eu\/news\/wp-content\/uploads\/2024\/06\/comunicato-stampa-7-1-1.jpg\" alt=\"\" class=\"wp-image-15051\" srcset=\"https:\/\/impronte.eu\/news\/wp-content\/uploads\/2024\/06\/comunicato-stampa-7-1-1.jpg 807w, https:\/\/impronte.eu\/news\/wp-content\/uploads\/2024\/06\/comunicato-stampa-7-1-1-300x58.jpg 300w, https:\/\/impronte.eu\/news\/wp-content\/uploads\/2024\/06\/comunicato-stampa-7-1-1-768x148.jpg 768w, https:\/\/impronte.eu\/news\/wp-content\/uploads\/2024\/06\/comunicato-stampa-7-1-1-580x112.jpg 580w\" sizes=\"auto, (max-width: 807px) 100vw, 807px\" \/><\/figure>\n\n\n\n<p>L\u2019evento si \u00e8 svolto con un pubblico partecipe ed emozionato.<\/p>\n\n\n\n<p>Il Premio \u201cLiberi e Forti\u201d nasce per dare il giustovalore e riconoscimento a chi, nei vari campi dellascienza, delle arti, dello spettacolo, della cultura si \u00e8<\/p>\n\n\n\n<p>impegnato nel sociale con un\u2019attenzione particolare almondo della disabilit\u00e0. Quest\u2019ultima non \u00e8 daconsiderarsi un limite alle attivit\u00e0 quotidiane ma \u00e8 un<\/p>\n\n\n\n<p>modo personale di applicare le abilit\u00e0 attraverso unospecifico impegno e una grande dote di volont\u00e0.<\/p>\n\n\n\n<p>Ilpremio nel corso delle due passate edizioni \u00e8 stato assegnato a &nbsp;molti personaggi autorevoli in tutti i campi.<\/p>\n\n\n\n<figure class=\"wp-block-image size-large\"><img loading=\"lazy\" decoding=\"async\" width=\"768\" height=\"1024\" src=\"https:\/\/impronte.eu\/news\/wp-content\/uploads\/2024\/06\/cardinale-e-martina-comunicato-stampa-7-2-768x1024.jpg\" alt=\"\" class=\"wp-image-15053\" srcset=\"https:\/\/impronte.eu\/news\/wp-content\/uploads\/2024\/06\/cardinale-e-martina-comunicato-stampa-7-2-768x1024.jpg 768w, https:\/\/impronte.eu\/news\/wp-content\/uploads\/2024\/06\/cardinale-e-martina-comunicato-stampa-7-2-225x300.jpg 225w, https:\/\/impronte.eu\/news\/wp-content\/uploads\/2024\/06\/cardinale-e-martina-comunicato-stampa-7-2-1152x1536.jpg 1152w, https:\/\/impronte.eu\/news\/wp-content\/uploads\/2024\/06\/cardinale-e-martina-comunicato-stampa-7-2-580x773.jpg 580w, https:\/\/impronte.eu\/news\/wp-content\/uploads\/2024\/06\/cardinale-e-martina-comunicato-stampa-7-2-860x1147.jpg 860w, https:\/\/impronte.eu\/news\/wp-content\/uploads\/2024\/06\/cardinale-e-martina-comunicato-stampa-7-2-1160x1547.jpg 1160w, https:\/\/impronte.eu\/news\/wp-content\/uploads\/2024\/06\/cardinale-e-martina-comunicato-stampa-7-2.jpg 1200w\" sizes=\"auto, (max-width: 768px) 100vw, 768px\" \/><\/figure>\n\n\n\n<figure class=\"wp-block-image size-full\"><img loading=\"lazy\" decoding=\"async\" width=\"691\" height=\"788\" src=\"https:\/\/impronte.eu\/news\/wp-content\/uploads\/2024\/06\/liberi-e-forti-martina-7.jpg\" alt=\"\" class=\"wp-image-15054\" srcset=\"https:\/\/impronte.eu\/news\/wp-content\/uploads\/2024\/06\/liberi-e-forti-martina-7.jpg 691w, https:\/\/impronte.eu\/news\/wp-content\/uploads\/2024\/06\/liberi-e-forti-martina-7-263x300.jpg 263w, https:\/\/impronte.eu\/news\/wp-content\/uploads\/2024\/06\/liberi-e-forti-martina-7-580x661.jpg 580w\" sizes=\"auto, (max-width: 691px) 100vw, 691px\" \/><\/figure>\n\n\n\n<p>Per l\u2019anno 2024 i premiati sono: il Dott. Francesco Pionati, in memoria del giornalista Franco Di Mare, il Dott. Luca Caruso, il Cardinale Gianfranco Ravasi, l\u2019Arch. Annalisa Mariani Bragadin, l\u2019On. Giorgio Simeoni, l\u2019Avv. Carlo Totino, l\u2019On.Davide Bordoni, l\u2019Accademia di Pablo Gil Cagn\u00e8, il Prof. Gabriele Andreoli, l\u2019Avv. Dott. Franco Riccobello, il Dott. Aniello Cremonese, il Prof. Michele Falino, il Prof. Nicola Papapietro, l\u2019atleta Melissa Forcina, la Dott. Patrizia Marin, l\u2019Associazione Zucchero Filato, il Gruppo musicale \u201cLadri di Carrozzelle\u201d, le infermiere Antonietta Proietti e Isolina Tassini. <\/p>\n\n\n<div class=\"wp-block-image\">\n<figure class=\"aligncenter size-full\"><img loading=\"lazy\" decoding=\"async\" width=\"516\" height=\"480\" src=\"https:\/\/impronte.eu\/news\/wp-content\/uploads\/2024\/06\/liberi-e-forti-maria-7.jpg\" alt=\"\" class=\"wp-image-15055\" srcset=\"https:\/\/impronte.eu\/news\/wp-content\/uploads\/2024\/06\/liberi-e-forti-maria-7.jpg 516w, https:\/\/impronte.eu\/news\/wp-content\/uploads\/2024\/06\/liberi-e-forti-maria-7-300x279.jpg 300w\" sizes=\"auto, (max-width: 516px) 100vw, 516px\" \/><\/figure>\n<\/div>\n\n\n<p>A seguire il Premio Kyra istituito contro la vivisezione, l\u2019abbandono e le sevizie sugli animali. Kyra, un Chihuahua di appena 400 grammi, ne \u00e8 stata la vittima innocente e tramite questo premio vuole dar voce a chi non l\u2019ha per far prendere consapevolezza che le atrocit\u00e0 ai danni di chi non pu\u00f2 difendersi delineano una societ\u00e0 fragile e povera di valori. L\u2019amore quello che doniamo in modo incondizionato ai nostri amici animali deve essere il volano di una societ\u00e0 libera, forte e priva di pregiudizi.<\/p>\n\n\n<div class=\"wp-block-image\">\n<figure class=\"aligncenter size-full\"><img loading=\"lazy\" decoding=\"async\" width=\"672\" height=\"442\" src=\"https:\/\/impronte.eu\/news\/wp-content\/uploads\/2024\/06\/premio-kyra-maria-7.jpg\" alt=\"\" class=\"wp-image-15056\" srcset=\"https:\/\/impronte.eu\/news\/wp-content\/uploads\/2024\/06\/premio-kyra-maria-7.jpg 672w, https:\/\/impronte.eu\/news\/wp-content\/uploads\/2024\/06\/premio-kyra-maria-7-300x197.jpg 300w, https:\/\/impronte.eu\/news\/wp-content\/uploads\/2024\/06\/premio-kyra-maria-7-580x381.jpg 580w\" sizes=\"auto, (max-width: 672px) 100vw, 672px\" \/><\/figure>\n<\/div>\n\n\n<p>Il premio \u00e8 sia per le vittime che per quelle persone che se ne prendono cura con amore e abnegazione. Kyra durante la sua vita, \u00e8 stata molto attiva per la Pet Terapy portando il sorriso dove questo si era spento a causa il dolore. I premiati per l\u2019edizione 2024 sono: Biagio di Francesca Ricci, Olimpiadi Emma Rapisarda, il manager Angelo Rallo, l\u2019Accademia Kronos, in memoria di Dakota di Micaela Fiaschi, Fauna di Daniela Battaglia. I premi sono stati consegnati da Giorgia Pierucci e da Sabrina Diamanti e dalla piccola Nausica Trentuno. Sono intervenuti inoltre il Maestro di violino Gaspare Maniscalco, il Direttore del giornale di approfondimento <em>Impronte<\/em>, Martina Luise, l\u2019attore Iano Di Gennaro, l\u2019attore Andrea Bacarelli, Cristian Paoloni, noto come il \u201cSalutatore\u201d, il duo canoro Impronte, l\u2019Hair Style Marilena Bacanu, l\u2019Avv. Claudio Pasta la manager Marika Berti, l\u2019attore Lorenzo Bressan.<\/p>\n\n\n\n<p>Le riprese dell\u2019evento sono state effettuate da Tino Maiolo per Formia TV.<\/p>\n","protected":false},"excerpt":{"rendered":"<p>Grande successo per la 3\u00b0 Edizione dei premi \u201cLiberi eForti\u201d e \u201cKyra\u201d. I premi sono stati assegnatipresso le sale del Palazzo Valentiniil 20 Giugno alle 15,30. L\u2019evento \u00e8 stato presentato dallagiornalista Erika Gottardi con il placet del Consiglieredella Citt\u00e0 Metropolitana di Roma Capitale On. AntonioGiammusso. Organizzatori e ideatori del Premio sono Massimo Meschino Presidente dell\u2019Associazione&#8230;<\/p>\n","protected":false},"author":4,"featured_media":0,"comment_status":"open","ping_status":"open","sticky":false,"template":"","format":"standard","meta":{"footnotes":""},"categories":[66,63],"tags":[],"class_list":["post-15047","post","type-post","status-publish","format-standard","hentry","category-animali","category-cultura"],"_links":{"self":[{"href":"https:\/\/impronte.eu\/news\/wp-json\/wp\/v2\/posts\/15047","targetHints":{"allow":["GET"]}}],"collection":[{"href":"https:\/\/impronte.eu\/news\/wp-json\/wp\/v2\/posts"}],"about":[{"href":"https:\/\/impronte.eu\/news\/wp-json\/wp\/v2\/types\/post"}],"author":[{"embeddable":true,"href":"https:\/\/impronte.eu\/news\/wp-json\/wp\/v2\/users\/4"}],"replies":[{"embeddable":true,"href":"https:\/\/impronte.eu\/news\/wp-json\/wp\/v2\/comments?post=15047"}],"version-history":[{"count":1,"href":"https:\/\/impronte.eu\/news\/wp-json\/wp\/v2\/posts\/15047\/revisions"}],"predecessor-version":[{"id":15057,"href":"https:\/\/impronte.eu\/news\/wp-json\/wp\/v2\/posts\/15047\/revisions\/15057"}],"wp:attachment":[{"href":"https:\/\/impronte.eu\/news\/wp-json\/wp\/v2\/media?parent=15047"}],"wp:term":[{"taxonomy":"category","embeddable":true,"href":"https:\/\/impronte.eu\/news\/wp-json\/wp\/v2\/categories?post=15047"},{"taxonomy":"post_tag","embeddable":true,"href":"https:\/\/impronte.eu\/news\/wp-json\/wp\/v2\/tags?post=15047"}],"curies":[{"name":"wp","href":"https:\/\/api.w.org\/{rel}","templated":true}]}}