{"id":15181,"date":"2024-07-22T11:21:47","date_gmt":"2024-07-22T10:21:47","guid":{"rendered":"https:\/\/impronte.eu\/news\/?p=15181"},"modified":"2024-07-22T11:21:48","modified_gmt":"2024-07-22T10:21:48","slug":"collevalenza-madre-speranza-di-gesu","status":"publish","type":"post","link":"https:\/\/impronte.eu\/news\/collevalenza-madre-speranza-di-gesu\/","title":{"rendered":"Collevalenza, Madre Speranza di Ges\u00f9"},"content":{"rendered":"\n<p><strong>&nbsp;Una vita al servizio dell&#8217;Amore Misericordioso<\/strong><\/p>\n\n\n<div class=\"wp-block-image\">\n<figure class=\"aligncenter size-large\"><img loading=\"lazy\" decoding=\"async\" width=\"740\" height=\"1024\" src=\"https:\/\/impronte.eu\/news\/wp-content\/uploads\/2024\/07\/stefano-collevalenza-8-12-740x1024.jpg\" alt=\"\" class=\"wp-image-15182\" srcset=\"https:\/\/impronte.eu\/news\/wp-content\/uploads\/2024\/07\/stefano-collevalenza-8-12-740x1024.jpg 740w, https:\/\/impronte.eu\/news\/wp-content\/uploads\/2024\/07\/stefano-collevalenza-8-12-217x300.jpg 217w, https:\/\/impronte.eu\/news\/wp-content\/uploads\/2024\/07\/stefano-collevalenza-8-12-768x1063.jpg 768w, https:\/\/impronte.eu\/news\/wp-content\/uploads\/2024\/07\/stefano-collevalenza-8-12-1110x1536.jpg 1110w, https:\/\/impronte.eu\/news\/wp-content\/uploads\/2024\/07\/stefano-collevalenza-8-12-580x803.jpg 580w, https:\/\/impronte.eu\/news\/wp-content\/uploads\/2024\/07\/stefano-collevalenza-8-12-860x1190.jpg 860w, https:\/\/impronte.eu\/news\/wp-content\/uploads\/2024\/07\/stefano-collevalenza-8-12-1160x1605.jpg 1160w, https:\/\/impronte.eu\/news\/wp-content\/uploads\/2024\/07\/stefano-collevalenza-8-12.jpg 1240w\" sizes=\"auto, (max-width: 740px) 100vw, 740px\" \/><\/figure>\n<\/div>\n\n\n<p><strong>Nascita e giovinezza<\/strong><\/p>\n\n\n\n<p>Madre Speranza di Ges\u00f9, al secolo Mar\u00eda Josefa Alhama Valera, nacque a Santomera, in Spagna, il 30 settembre 1893. Fin da giovane, mostr\u00f2 una profonda devozione religiosa e un forte desiderio di aiutare gli altri. All&#8217;et\u00e0 di 22 anni, sent\u00ec la chiamata di Dio a consacrarsi alla sua vita e si un\u00ec alle Figlie di Maria Immacolata, un istituto religioso Clarettiano.<\/p>\n\n\n\n<p><strong>Fondazione delle Congregazioni dell&#8217;Amore Misericordioso<\/strong><\/p>\n\n\n\n<p>Nel 1930, Madre Speranza fu inviata in Italia, dove fond\u00f2 le Congregazioni dell&#8217;Amore Misericordioso, dedicate all&#8217;accoglienza e all&#8217;assistenza dei pi\u00f9 bisognosi, sia materialmente che spiritualmente. La sua opera si distinse per la sua attenzione ai malati, ai disabili e agli emarginati, offrendo loro non solo cure fisiche ma anche sostegno spirituale e conforto.<\/p>\n\n\n\n<p><strong>Collevalenza: Un luogo di speranza e misericordia<\/strong><\/p>\n\n\n\n<figure class=\"wp-block-image size-large\"><img loading=\"lazy\" decoding=\"async\" width=\"1024\" height=\"826\" src=\"https:\/\/impronte.eu\/news\/wp-content\/uploads\/2024\/07\/stefano-collevalenza-8-1-1024x826.jpg\" alt=\"\" class=\"wp-image-15183\" srcset=\"https:\/\/impronte.eu\/news\/wp-content\/uploads\/2024\/07\/stefano-collevalenza-8-1-1024x826.jpg 1024w, https:\/\/impronte.eu\/news\/wp-content\/uploads\/2024\/07\/stefano-collevalenza-8-1-300x242.jpg 300w, https:\/\/impronte.eu\/news\/wp-content\/uploads\/2024\/07\/stefano-collevalenza-8-1-768x620.jpg 768w, https:\/\/impronte.eu\/news\/wp-content\/uploads\/2024\/07\/stefano-collevalenza-8-1-1536x1239.jpg 1536w, https:\/\/impronte.eu\/news\/wp-content\/uploads\/2024\/07\/stefano-collevalenza-8-1-580x468.jpg 580w, https:\/\/impronte.eu\/news\/wp-content\/uploads\/2024\/07\/stefano-collevalenza-8-1-860x694.jpg 860w, https:\/\/impronte.eu\/news\/wp-content\/uploads\/2024\/07\/stefano-collevalenza-8-1-1160x936.jpg 1160w, https:\/\/impronte.eu\/news\/wp-content\/uploads\/2024\/07\/stefano-collevalenza-8-1-1320x1065.jpg 1320w, https:\/\/impronte.eu\/news\/wp-content\/uploads\/2024\/07\/stefano-collevalenza-8-1.jpg 1578w\" sizes=\"auto, (max-width: 1024px) 100vw, 1024px\" \/><\/figure>\n\n\n\n<p>Nel 1947, Madre Speranza si stabil\u00ec a Collevalenza, un piccolo borgo in Umbria, dove diede vita a un vero e proprio santuario dell&#8217;Amore Misericordioso. Qui, sorse un complesso di strutture dedicate all&#8217;accoglienza, alla preghiera e alla formazione spirituale, attirando pellegrini da tutto il mondo.Ella credeva fermamente nell&#8217;amore infinito di Dio per ogni persona e nella sua capacit\u00e0 di trasformare anche le situazioni pi\u00f9 difficili. Il suo motto, &#8220;Ges\u00f9, confido in Te!&#8221;, divenne un faro per migliaia di persone che trovarono in lei conforto, sostegno e speranza.<\/p>\n\n\n<div class=\"wp-block-image\">\n<figure class=\"aligncenter size-large\"><img loading=\"lazy\" decoding=\"async\" width=\"1024\" height=\"563\" src=\"https:\/\/impronte.eu\/news\/wp-content\/uploads\/2024\/07\/stefano-collevalenza-8-16-1024x563.jpg\" alt=\"\" class=\"wp-image-15184\" srcset=\"https:\/\/impronte.eu\/news\/wp-content\/uploads\/2024\/07\/stefano-collevalenza-8-16-1024x563.jpg 1024w, https:\/\/impronte.eu\/news\/wp-content\/uploads\/2024\/07\/stefano-collevalenza-8-16-300x165.jpg 300w, https:\/\/impronte.eu\/news\/wp-content\/uploads\/2024\/07\/stefano-collevalenza-8-16-768x422.jpg 768w, https:\/\/impronte.eu\/news\/wp-content\/uploads\/2024\/07\/stefano-collevalenza-8-16-1536x845.jpg 1536w, https:\/\/impronte.eu\/news\/wp-content\/uploads\/2024\/07\/stefano-collevalenza-8-16-580x319.jpg 580w, https:\/\/impronte.eu\/news\/wp-content\/uploads\/2024\/07\/stefano-collevalenza-8-16-860x473.jpg 860w, https:\/\/impronte.eu\/news\/wp-content\/uploads\/2024\/07\/stefano-collevalenza-8-16-1160x638.jpg 1160w, https:\/\/impronte.eu\/news\/wp-content\/uploads\/2024\/07\/stefano-collevalenza-8-16-1320x726.jpg 1320w, https:\/\/impronte.eu\/news\/wp-content\/uploads\/2024\/07\/stefano-collevalenza-8-16.jpg 2016w\" sizes=\"auto, (max-width: 1024px) 100vw, 1024px\" \/><\/figure>\n<\/div>\n\n\n<figure class=\"wp-block-image size-large\"><img loading=\"lazy\" decoding=\"async\" width=\"868\" height=\"1024\" src=\"https:\/\/impronte.eu\/news\/wp-content\/uploads\/2024\/07\/stefano-collevalenza-8-9-868x1024.jpg\" alt=\"\" class=\"wp-image-15185\" srcset=\"https:\/\/impronte.eu\/news\/wp-content\/uploads\/2024\/07\/stefano-collevalenza-8-9-868x1024.jpg 868w, https:\/\/impronte.eu\/news\/wp-content\/uploads\/2024\/07\/stefano-collevalenza-8-9-254x300.jpg 254w, https:\/\/impronte.eu\/news\/wp-content\/uploads\/2024\/07\/stefano-collevalenza-8-9-768x906.jpg 768w, https:\/\/impronte.eu\/news\/wp-content\/uploads\/2024\/07\/stefano-collevalenza-8-9-1302x1536.jpg 1302w, https:\/\/impronte.eu\/news\/wp-content\/uploads\/2024\/07\/stefano-collevalenza-8-9-580x684.jpg 580w, https:\/\/impronte.eu\/news\/wp-content\/uploads\/2024\/07\/stefano-collevalenza-8-9-860x1015.jpg 860w, https:\/\/impronte.eu\/news\/wp-content\/uploads\/2024\/07\/stefano-collevalenza-8-9-1160x1369.jpg 1160w, https:\/\/impronte.eu\/news\/wp-content\/uploads\/2024\/07\/stefano-collevalenza-8-9-1320x1557.jpg 1320w, https:\/\/impronte.eu\/news\/wp-content\/uploads\/2024\/07\/stefano-collevalenza-8-9.jpg 1512w\" sizes=\"auto, (max-width: 868px) 100vw, 868px\" \/><\/figure>\n\n\n\n<p><strong>Beatificazione e eredit\u00e0 spirituale<\/strong><\/p>\n\n\n\n<p>Madre Speranza si spense a Collevalenza l&#8217;8 febbraio 1983, lasciando dietro di s\u00e9 un&#8217;eredit\u00e0 spirituale di grande valore. Nel 2014 fu beatificata da Papa Francesco, riconoscendo la sua eroicit\u00e0 nella fede e il suo instancabile impegno nel diffondere l&#8217;amore misericordioso di Dio.<\/p>\n\n\n<div class=\"wp-block-image\">\n<figure class=\"aligncenter size-large is-resized\"><img loading=\"lazy\" decoding=\"async\" width=\"1024\" height=\"625\" src=\"https:\/\/impronte.eu\/news\/wp-content\/uploads\/2024\/07\/tomba-madre-speranza-1024x625.jpg\" alt=\"\" class=\"wp-image-15194\" style=\"width:386px;height:auto\" srcset=\"https:\/\/impronte.eu\/news\/wp-content\/uploads\/2024\/07\/tomba-madre-speranza-1024x625.jpg 1024w, https:\/\/impronte.eu\/news\/wp-content\/uploads\/2024\/07\/tomba-madre-speranza-300x183.jpg 300w, https:\/\/impronte.eu\/news\/wp-content\/uploads\/2024\/07\/tomba-madre-speranza-768x469.jpg 768w, https:\/\/impronte.eu\/news\/wp-content\/uploads\/2024\/07\/tomba-madre-speranza-580x354.jpg 580w, https:\/\/impronte.eu\/news\/wp-content\/uploads\/2024\/07\/tomba-madre-speranza-860x525.jpg 860w, https:\/\/impronte.eu\/news\/wp-content\/uploads\/2024\/07\/tomba-madre-speranza-1160x708.jpg 1160w, https:\/\/impronte.eu\/news\/wp-content\/uploads\/2024\/07\/tomba-madre-speranza.jpg 1254w\" sizes=\"auto, (max-width: 1024px) 100vw, 1024px\" \/><\/figure>\n<\/div>\n\n\n<p><strong>La storia del Monastero di Collevalenza e il &#8220;Miracolo dell&#8217;Acqua&#8221;<\/strong><\/p>\n\n\n\n<p>Le origini del Monastero di Collevalenza, situato in Umbria,a pochi chilometri da Todi, risalgono al VI secolo d.C., quando venne fondato da San Benedetto. Nel corso dei secoli, il monastero ha subito diverse modifiche e ampliamenti, diventando un importante centro religioso e culturale.<\/p>\n\n\n<div class=\"wp-block-image\">\n<figure class=\"aligncenter size-large is-resized\"><img loading=\"lazy\" decoding=\"async\" width=\"769\" height=\"1024\" src=\"https:\/\/impronte.eu\/news\/wp-content\/uploads\/2024\/07\/stefano-collevalenza-8-4-2-769x1024.jpg\" alt=\"\" class=\"wp-image-15188\" style=\"width:386px;height:auto\" srcset=\"https:\/\/impronte.eu\/news\/wp-content\/uploads\/2024\/07\/stefano-collevalenza-8-4-2-769x1024.jpg 769w, https:\/\/impronte.eu\/news\/wp-content\/uploads\/2024\/07\/stefano-collevalenza-8-4-2-225x300.jpg 225w, https:\/\/impronte.eu\/news\/wp-content\/uploads\/2024\/07\/stefano-collevalenza-8-4-2-768x1023.jpg 768w, https:\/\/impronte.eu\/news\/wp-content\/uploads\/2024\/07\/stefano-collevalenza-8-4-2-1153x1536.jpg 1153w, https:\/\/impronte.eu\/news\/wp-content\/uploads\/2024\/07\/stefano-collevalenza-8-4-2-580x772.jpg 580w, https:\/\/impronte.eu\/news\/wp-content\/uploads\/2024\/07\/stefano-collevalenza-8-4-2-860x1145.jpg 860w, https:\/\/impronte.eu\/news\/wp-content\/uploads\/2024\/07\/stefano-collevalenza-8-4-2-1160x1545.jpg 1160w, https:\/\/impronte.eu\/news\/wp-content\/uploads\/2024\/07\/stefano-collevalenza-8-4-2.jpg 1260w\" sizes=\"auto, (max-width: 769px) 100vw, 769px\" \/><\/figure>\n<\/div>\n\n\n<p><strong>L&#8217;arrivo di Madre Speranza<\/strong><\/p>\n\n\n\n<p>Nel 1947, Madre Speranza di Ges\u00f9, fondatrice delle Congregazioni dell&#8217;Amore Misericordioso, giunse a Collevalenza. Mossa dal desiderio di creare un luogo di accoglienza e preghiera, Madre Speranza diede nuovo impulso al monastero, trasformandolo in un santuario dedicato all&#8217;Amore Misericordioso di Dio.<\/p>\n\n\n<div class=\"wp-block-image\">\n<figure class=\"aligncenter size-large\"><img loading=\"lazy\" decoding=\"async\" width=\"675\" height=\"1024\" src=\"https:\/\/impronte.eu\/news\/wp-content\/uploads\/2024\/07\/stefano-collevalenza-8-5-675x1024.jpg\" alt=\"\" class=\"wp-image-15189\" srcset=\"https:\/\/impronte.eu\/news\/wp-content\/uploads\/2024\/07\/stefano-collevalenza-8-5-675x1024.jpg 675w, https:\/\/impronte.eu\/news\/wp-content\/uploads\/2024\/07\/stefano-collevalenza-8-5-198x300.jpg 198w, https:\/\/impronte.eu\/news\/wp-content\/uploads\/2024\/07\/stefano-collevalenza-8-5-768x1165.jpg 768w, https:\/\/impronte.eu\/news\/wp-content\/uploads\/2024\/07\/stefano-collevalenza-8-5-1012x1536.jpg 1012w, https:\/\/impronte.eu\/news\/wp-content\/uploads\/2024\/07\/stefano-collevalenza-8-5-580x880.jpg 580w, https:\/\/impronte.eu\/news\/wp-content\/uploads\/2024\/07\/stefano-collevalenza-8-5-860x1305.jpg 860w, https:\/\/impronte.eu\/news\/wp-content\/uploads\/2024\/07\/stefano-collevalenza-8-5-1160x1760.jpg 1160w, https:\/\/impronte.eu\/news\/wp-content\/uploads\/2024\/07\/stefano-collevalenza-8-5.jpg 1191w\" sizes=\"auto, (max-width: 675px) 100vw, 675px\" \/><\/figure>\n<\/div>\n\n\n<p><strong>Il &#8220;Miracolo dell&#8217;Acqua&#8221;<\/strong><\/p>\n\n\n\n<p>Da quel giorno, l&#8217;acqua di Collevalenza \u00e8 diventata famosa per le sue presunte propriet\u00e0 benefiche. Numerose persone affermano di aver ottenuto guarigioni fisiche e spirituali dopo aver bevuto o essersi immersi nell&#8217;acqua del santuario. Questi eventi sono spesso raggruppati sotto il nome di &#8220;Miracolo dell&#8217;Acqua&#8221;.<\/p>\n\n\n\n<p>\u00c8 importante ricordare che la Chiesa Cattolica non si \u00e8 ancora pronunciata ufficialmente sul presunto carattere miracoloso delle guarigioni associate all&#8217;acqua di Collevalenza.<\/p>\n\n\n\n<figure class=\"wp-block-image size-large\"><img loading=\"lazy\" decoding=\"async\" width=\"1024\" height=\"643\" src=\"https:\/\/impronte.eu\/news\/wp-content\/uploads\/2024\/07\/stefano-collevalenza-8-13-1024x643.jpg\" alt=\"\" class=\"wp-image-15190\" srcset=\"https:\/\/impronte.eu\/news\/wp-content\/uploads\/2024\/07\/stefano-collevalenza-8-13-1024x643.jpg 1024w, https:\/\/impronte.eu\/news\/wp-content\/uploads\/2024\/07\/stefano-collevalenza-8-13-300x188.jpg 300w, https:\/\/impronte.eu\/news\/wp-content\/uploads\/2024\/07\/stefano-collevalenza-8-13-768x483.jpg 768w, https:\/\/impronte.eu\/news\/wp-content\/uploads\/2024\/07\/stefano-collevalenza-8-13-1536x965.jpg 1536w, https:\/\/impronte.eu\/news\/wp-content\/uploads\/2024\/07\/stefano-collevalenza-8-13-580x364.jpg 580w, https:\/\/impronte.eu\/news\/wp-content\/uploads\/2024\/07\/stefano-collevalenza-8-13-860x540.jpg 860w, https:\/\/impronte.eu\/news\/wp-content\/uploads\/2024\/07\/stefano-collevalenza-8-13-1160x729.jpg 1160w, https:\/\/impronte.eu\/news\/wp-content\/uploads\/2024\/07\/stefano-collevalenza-8-13-1320x829.jpg 1320w, https:\/\/impronte.eu\/news\/wp-content\/uploads\/2024\/07\/stefano-collevalenza-8-13.jpg 1843w\" sizes=\"auto, (max-width: 1024px) 100vw, 1024px\" \/><\/figure>\n\n\n\n<p><strong>La storia travagliata dell&#8217;acqua a Collevalenza: trivelle rotte, fede incrollabile e un &#8220;miracolo&#8221;<\/strong><\/p>\n\n\n\n<p>La storia dell&#8217;acqua a Collevalenza, legata indissolubilmente al Santuario dell&#8217;Amore Misericordioso fondato da Madre Speranza, \u00e8 ricca di avvenimenti che si intrecciano tra fede, tenacia e, per alcuni, anche un pizzico di miracolo.<\/p>\n\n\n\n<p><strong>Alla ricerca dell&#8217;acqua per le piscine:<\/strong><\/p>\n\n\n\n<p>Nel 1960, Madre Speranza, mossa da una precisa visione mistica, decise di costruire delle piscine per l&#8217;immersione dei pellegrini all&#8217;interno del santuario. Per alimentare queste piscine, era necessaria una sorgente d&#8217;acqua. I lavori per la trivellazione di un pozzo ebbero inizio il 29 aprile 1960, ma ben presto si imbatterono in una serie di difficolt\u00e0.<\/p>\n\n\n\n<p>La prima trivella utilizzata si ruppe alla profondit\u00e0 di 12 metri, costringendo i lavoratori a passare a un metodo di scavo alternativo, il pozzo romano. Tuttavia, anche questa tecnica non ebbe successo e, a 22 metri di profondit\u00e0, si presentavano ulteriori ostacoli.<\/p>\n\n\n\n<p><strong>Un nuovo tentativo e la &#8220;grazia&#8221; di ritrovare la trivella:<\/strong><\/p>\n\n\n\n<p>Nonostante le difficolt\u00e0, la determinazione di Madre Speranza e la fede dei suoi collaboratori non vacill\u00f2. Si decise di chiamare una ditta specializzata in trivellazioni profonde. Dopo un&#8217;ulteriore settimana di tentativi infruttuosi, la trivella si ruppe nuovamente, questa volta a 90 metri di profondit\u00e0.<\/p>\n\n\n\n<p>Secondo i racconti tramandati, Madre Speranza, pur preoccupata, non perse la fede e preg\u00f2 con fervore. Il giorno successivo, i lavoratori, con grande sorpresa, recuperarono miracolosamente la trivella rotta, perfettamente intatta.<\/p>\n\n\n\n<p>Proseguendo i lavori con rinnovata speranza, a 92 metri di profondit\u00e0, la trivella finalmente intercett\u00f2 una falda acquifera. Si susseguirono poi altre falde a 114, 120 e 122 metri, assicurando una fornitura d&#8217;acqua abbondante per le piscine.<\/p>\n\n\n\n<p>I lavori per il pozzo e le piscine si conclusero nel dicembre del 1960. Da quel giorno, l&#8217;acqua di Collevalenza \u00e8 diventata un simbolo di speranza e di fede per molti pellegrini, che le attribuiscono propriet\u00e0 benefiche e curative.<\/p>\n\n\n\n<p><strong>Collevalenza e la Casa del Pellegrino Malato<\/strong><\/p>\n\n\n\n<figure class=\"wp-block-image size-large\"><img loading=\"lazy\" decoding=\"async\" width=\"1024\" height=\"606\" src=\"https:\/\/impronte.eu\/news\/wp-content\/uploads\/2024\/07\/stefano-collevalenza-8-14-1024x606.jpg\" alt=\"\" class=\"wp-image-15191\" srcset=\"https:\/\/impronte.eu\/news\/wp-content\/uploads\/2024\/07\/stefano-collevalenza-8-14-1024x606.jpg 1024w, https:\/\/impronte.eu\/news\/wp-content\/uploads\/2024\/07\/stefano-collevalenza-8-14-300x178.jpg 300w, https:\/\/impronte.eu\/news\/wp-content\/uploads\/2024\/07\/stefano-collevalenza-8-14-768x455.jpg 768w, https:\/\/impronte.eu\/news\/wp-content\/uploads\/2024\/07\/stefano-collevalenza-8-14-1536x910.jpg 1536w, https:\/\/impronte.eu\/news\/wp-content\/uploads\/2024\/07\/stefano-collevalenza-8-14-580x344.jpg 580w, https:\/\/impronte.eu\/news\/wp-content\/uploads\/2024\/07\/stefano-collevalenza-8-14-860x509.jpg 860w, https:\/\/impronte.eu\/news\/wp-content\/uploads\/2024\/07\/stefano-collevalenza-8-14-1160x687.jpg 1160w, https:\/\/impronte.eu\/news\/wp-content\/uploads\/2024\/07\/stefano-collevalenza-8-14-1320x782.jpg 1320w, https:\/\/impronte.eu\/news\/wp-content\/uploads\/2024\/07\/stefano-collevalenza-8-14.jpg 2016w\" sizes=\"auto, (max-width: 1024px) 100vw, 1024px\" \/><\/figure>\n\n\n\n<p>Un&#8217;opera fondamentale di questa istituzione \u00e8 la Casa del Pellegrino Malato, inaugurata nel 1962. La struttura offre ospitalit\u00e0 e assistenza a pellegrini provenienti da tutto il mondo che si recano a Collevalenza per motivi di salute. La Casa del Pellegrino Malato dispone di:<\/p>\n\n\n\n<ul class=\"wp-block-list\">\n<li>Camereconfortevoli e accessibili ai disabili<\/li>\n\n\n\n<li>Servizi sanitari completi, con medici e infermieri a disposizione 24 ore su 24<\/li>\n\n\n\n<li>Assistenza spirituale da parte dei cappellani dell&#8217;Istituto<\/li>\n\n\n\n<li>Momenti di preghiera e di raccoglimento<\/li>\n\n\n\n<li>Attivit\u00e0 ricreative e di socializzazione<\/li>\n<\/ul>\n\n\n\n<p>L&#8217;atmosfera della Casa del Pellegrino Malato \u00e8 di accoglienza e di serenit\u00e0. I pellegrini sono accompagnati nel loro percorso di fede e di guarigione con amore e professionalit\u00e0.<\/p>\n\n\n\n<figure class=\"wp-block-image size-large\"><img loading=\"lazy\" decoding=\"async\" width=\"512\" height=\"1024\" src=\"https:\/\/impronte.eu\/news\/wp-content\/uploads\/2024\/07\/stefano-collevalenza-8-8-512x1024.jpg\" alt=\"\" class=\"wp-image-15192\" srcset=\"https:\/\/impronte.eu\/news\/wp-content\/uploads\/2024\/07\/stefano-collevalenza-8-8-512x1024.jpg 512w, https:\/\/impronte.eu\/news\/wp-content\/uploads\/2024\/07\/stefano-collevalenza-8-8-150x300.jpg 150w, https:\/\/impronte.eu\/news\/wp-content\/uploads\/2024\/07\/stefano-collevalenza-8-8-768x1536.jpg 768w, https:\/\/impronte.eu\/news\/wp-content\/uploads\/2024\/07\/stefano-collevalenza-8-8-580x1160.jpg 580w, https:\/\/impronte.eu\/news\/wp-content\/uploads\/2024\/07\/stefano-collevalenza-8-8-860x1720.jpg 860w, https:\/\/impronte.eu\/news\/wp-content\/uploads\/2024\/07\/stefano-collevalenza-8-8.jpg 1008w\" sizes=\"auto, (max-width: 512px) 100vw, 512px\" \/><\/figure>\n\n\n\n<figure class=\"wp-block-image size-large\"><img loading=\"lazy\" decoding=\"async\" width=\"1024\" height=\"318\" src=\"https:\/\/impronte.eu\/news\/wp-content\/uploads\/2024\/07\/stefano-collevalenza-8-7-1024x318.jpg\" alt=\"\" class=\"wp-image-15193\" srcset=\"https:\/\/impronte.eu\/news\/wp-content\/uploads\/2024\/07\/stefano-collevalenza-8-7-1024x318.jpg 1024w, https:\/\/impronte.eu\/news\/wp-content\/uploads\/2024\/07\/stefano-collevalenza-8-7-300x93.jpg 300w, https:\/\/impronte.eu\/news\/wp-content\/uploads\/2024\/07\/stefano-collevalenza-8-7-768x239.jpg 768w, https:\/\/impronte.eu\/news\/wp-content\/uploads\/2024\/07\/stefano-collevalenza-8-7-580x180.jpg 580w, https:\/\/impronte.eu\/news\/wp-content\/uploads\/2024\/07\/stefano-collevalenza-8-7-860x267.jpg 860w, https:\/\/impronte.eu\/news\/wp-content\/uploads\/2024\/07\/stefano-collevalenza-8-7.jpg 1026w\" sizes=\"auto, (max-width: 1024px) 100vw, 1024px\" \/><\/figure>\n\n\n\n<p>Oltre all&#8217;accoglienza dei pellegrini malati, la Casa del Pellegrino Malato offre anche:<\/p>\n\n\n\n<ul class=\"wp-block-list\">\n<li>Colloqui spirituali con i cappellani dell&#8217;Istituto<\/li>\n\n\n\n<li>Celebrazioni eucaristiche<\/li>\n\n\n\n<li>Sacramenti<\/li>\n\n\n\n<li>Possibilit\u00e0 di partecipare a gruppi di preghiera e di catechesi<\/li>\n<\/ul>\n\n\n<div class=\"wp-block-image\">\n<figure class=\"aligncenter size-large\"><img loading=\"lazy\" decoding=\"async\" width=\"970\" height=\"1024\" src=\"https:\/\/impronte.eu\/news\/wp-content\/uploads\/2024\/07\/stefano-collevalenza-8-3-1-970x1024.jpg\" alt=\"\" class=\"wp-image-15196\" srcset=\"https:\/\/impronte.eu\/news\/wp-content\/uploads\/2024\/07\/stefano-collevalenza-8-3-1-970x1024.jpg 970w, https:\/\/impronte.eu\/news\/wp-content\/uploads\/2024\/07\/stefano-collevalenza-8-3-1-284x300.jpg 284w, https:\/\/impronte.eu\/news\/wp-content\/uploads\/2024\/07\/stefano-collevalenza-8-3-1-768x811.jpg 768w, https:\/\/impronte.eu\/news\/wp-content\/uploads\/2024\/07\/stefano-collevalenza-8-3-1-580x612.jpg 580w, https:\/\/impronte.eu\/news\/wp-content\/uploads\/2024\/07\/stefano-collevalenza-8-3-1-860x908.jpg 860w, https:\/\/impronte.eu\/news\/wp-content\/uploads\/2024\/07\/stefano-collevalenza-8-3-1-1160x1224.jpg 1160w, https:\/\/impronte.eu\/news\/wp-content\/uploads\/2024\/07\/stefano-collevalenza-8-3-1-1320x1393.jpg 1320w, https:\/\/impronte.eu\/news\/wp-content\/uploads\/2024\/07\/stefano-collevalenza-8-3-1.jpg 1335w\" sizes=\"auto, (max-width: 970px) 100vw, 970px\" \/><\/figure>\n<\/div>\n\n\n<p><strong>Per informazioni e prenotazioni:<\/strong><\/p>\n\n\n\n<ul class=\"wp-block-list\">\n<li><strong>Sito web:<\/strong><a href=\"https:\/\/www.collevalenza.org\/collevalenza\/casa-del-pellegrino\/\" target=\"_blank\" rel=\"noreferrer noopener\">https:\/\/www.collevalenza.org\/collevalenza\/casa-del-pellegrino\/<\/a><\/li>\n\n\n\n<li><strong>Telefono:<\/strong> +39 075 85001<\/li>\n<\/ul>\n\n\n\n<p><strong>Informazioni utili per visitare il Santuario:<\/strong><\/p>\n\n\n\n<ul class=\"wp-block-list\">\n<li><a href=\"http:\/\/www.collevalenza.it\/\" target=\"_blank\" rel=\"noreferrer noopener\">http:\/\/www.collevalenza.it\/<\/a><\/li>\n\n\n\n<li><a href=\"https:\/\/www.collevalenza.org\/collevalenza\/come-raggiungerci\/\" target=\"_blank\" rel=\"noreferrer noopener\">https:\/\/www.collevalenza.org\/collevalenza\/come-raggiungerci\/<\/a><\/li>\n<\/ul>\n","protected":false},"excerpt":{"rendered":"<p>&nbsp;Una vita al servizio dell&#8217;Amore Misericordioso Nascita e giovinezza Madre Speranza di Ges\u00f9, al secolo Mar\u00eda Josefa Alhama Valera, nacque a Santomera, in Spagna, il 30 settembre 1893. Fin da giovane, mostr\u00f2 una profonda devozione religiosa e un forte desiderio di aiutare gli altri. All&#8217;et\u00e0 di 22 anni, sent\u00ec la chiamata di Dio a consacrarsi&#8230;<\/p>\n","protected":false},"author":15,"featured_media":0,"comment_status":"open","ping_status":"open","sticky":false,"template":"","format":"standard","meta":{"footnotes":""},"categories":[63,72,76,75],"tags":[],"class_list":["post-15181","post","type-post","status-publish","format-standard","hentry","category-cultura","category-fede","category-turismo","category-volontariato"],"_links":{"self":[{"href":"https:\/\/impronte.eu\/news\/wp-json\/wp\/v2\/posts\/15181","targetHints":{"allow":["GET"]}}],"collection":[{"href":"https:\/\/impronte.eu\/news\/wp-json\/wp\/v2\/posts"}],"about":[{"href":"https:\/\/impronte.eu\/news\/wp-json\/wp\/v2\/types\/post"}],"author":[{"embeddable":true,"href":"https:\/\/impronte.eu\/news\/wp-json\/wp\/v2\/users\/15"}],"replies":[{"embeddable":true,"href":"https:\/\/impronte.eu\/news\/wp-json\/wp\/v2\/comments?post=15181"}],"version-history":[{"count":1,"href":"https:\/\/impronte.eu\/news\/wp-json\/wp\/v2\/posts\/15181\/revisions"}],"predecessor-version":[{"id":15197,"href":"https:\/\/impronte.eu\/news\/wp-json\/wp\/v2\/posts\/15181\/revisions\/15197"}],"wp:attachment":[{"href":"https:\/\/impronte.eu\/news\/wp-json\/wp\/v2\/media?parent=15181"}],"wp:term":[{"taxonomy":"category","embeddable":true,"href":"https:\/\/impronte.eu\/news\/wp-json\/wp\/v2\/categories?post=15181"},{"taxonomy":"post_tag","embeddable":true,"href":"https:\/\/impronte.eu\/news\/wp-json\/wp\/v2\/tags?post=15181"}],"curies":[{"name":"wp","href":"https:\/\/api.w.org\/{rel}","templated":true}]}}