{"id":15290,"date":"2024-08-05T20:27:25","date_gmt":"2024-08-05T19:27:25","guid":{"rendered":"https:\/\/impronte.eu\/news\/?p=15290"},"modified":"2024-08-05T20:27:26","modified_gmt":"2024-08-05T19:27:26","slug":"siamo-alle-solite-nuova-estate-nuovi-disagi","status":"publish","type":"post","link":"https:\/\/impronte.eu\/news\/siamo-alle-solite-nuova-estate-nuovi-disagi\/","title":{"rendered":"Siamo alle solite, nuova Estate, nuovi disagi."},"content":{"rendered":"\n<p>\u00a0<\/p>\n\n\n<div class=\"wp-block-image\">\n<figure class=\"aligncenter size-full\"><img loading=\"lazy\" decoding=\"async\" width=\"827\" height=\"551\" src=\"https:\/\/impronte.eu\/news\/wp-content\/uploads\/2024\/08\/trevisan-9-siamo-alle-solite-2.jpg\" alt=\"\" class=\"wp-image-15291\" srcset=\"https:\/\/impronte.eu\/news\/wp-content\/uploads\/2024\/08\/trevisan-9-siamo-alle-solite-2.jpg 827w, https:\/\/impronte.eu\/news\/wp-content\/uploads\/2024\/08\/trevisan-9-siamo-alle-solite-2-300x200.jpg 300w, https:\/\/impronte.eu\/news\/wp-content\/uploads\/2024\/08\/trevisan-9-siamo-alle-solite-2-768x512.jpg 768w, https:\/\/impronte.eu\/news\/wp-content\/uploads\/2024\/08\/trevisan-9-siamo-alle-solite-2-580x386.jpg 580w\" sizes=\"auto, (max-width: 827px) 100vw, 827px\" \/><\/figure>\n<\/div>\n\n\n<p>i parla, come al sempre di trasporto Pubblico Imperiese. Poi ci chiediamo perch\u00e9 i Turisti vengono solo una volta nella vita per vedere la Citt\u00e0 del \u201cFESTIVAL\u201d, e, dopo due massimo tre giorni scappano per inefficienza in tutto, soprattutto lamentano la mancanza di Mezzi Pubblici, e, non tornano mai pi\u00f9. Attendi ore sotto il sole cocente alle Fermate, tra l\u2019altro pericolose, senza protezioni idonee, senza ripari, manca tutto.<\/p>\n\n\n\n<p>Non vi sono segnalazioni, non vi sono esposti cartelli con indicazioni dei tragitti, degli orari.<\/p>\n\n\n\n<p>Non ci sono informazioni sul dove e come si acquistano i biglietti, gli abbonamenti giornalieri e o settimanali, c\u2019\u00e8 il nulla assoluto.<\/p>\n\n\n\n<p>Quando poi finalmente arriva un probabile autobus modello \u201cante Prima Guerra Mondiale\u201d, se riesci a salirci, sei stipato come carne da macello, non c\u2019\u00e8 un posto a sedere a piangerlo, non c\u2019\u00e8 passarella di accompagnamento per coloro che hanno una disabilit\u00e0 importante. Gli scalini per salire sul bus sono altissimi, le persone anziane, i bambini e coloro che hanno difficolt\u00e0 ambulatoriali molte volte cadono rovinosamente sull\u2019asfalto con le dovute conseguenze.<\/p>\n\n\n\n<p>Non parliamo poi degli ospiti indesiderati. Chi sono? Semplice Pulci, scarafaggi, formiche ed ogni altro tipo di insetti.<\/p>\n\n\n<div class=\"wp-block-image\">\n<figure class=\"aligncenter size-full\"><img loading=\"lazy\" decoding=\"async\" width=\"651\" height=\"437\" src=\"https:\/\/impronte.eu\/news\/wp-content\/uploads\/2024\/08\/immagine_2024-08-05_212641546.png\" alt=\"\" class=\"wp-image-15292\" srcset=\"https:\/\/impronte.eu\/news\/wp-content\/uploads\/2024\/08\/immagine_2024-08-05_212641546.png 651w, https:\/\/impronte.eu\/news\/wp-content\/uploads\/2024\/08\/immagine_2024-08-05_212641546-300x201.png 300w, https:\/\/impronte.eu\/news\/wp-content\/uploads\/2024\/08\/immagine_2024-08-05_212641546-580x389.png 580w\" sizes=\"auto, (max-width: 651px) 100vw, 651px\" \/><\/figure>\n<\/div>\n\n\n<p>Aria Condizionata cos\u2019\u00e8? Un nuovo prodotto tipico della Provincia di Imperia? No signori, questa \u00e8 l\u2019Azienda Riviera Trasporti, colei che offre un ottimo servizio di Trasporto Pubblico dodici mesi l\u2019anno ai malcapitati cittadini che vivono la Provincia di Imperia tutto l\u2019anno e che sono costretti ad utilizzare per mille e uno motivi i mezzi pubblici.<\/p>\n\n\n\n<p>Pertanto cari turisti, non lamentatevi per i tre giorni di vacanza che passate nella ridente Provincia di Imperia, adeguatevi al disservizio, tanto cambiano i C.d.A., cambiano le Amministrazioni, Regionali, Provinciali e Locali, ma RT (Riviera Trasporti) rimane sempre la stessa Ante Prima Guerra Mondiale.<\/p>\n","protected":false},"excerpt":{"rendered":"<p>\u00a0 i parla, come al sempre di trasporto Pubblico Imperiese. Poi ci chiediamo perch\u00e9 i Turisti vengono solo una volta nella vita per vedere la Citt\u00e0 del \u201cFESTIVAL\u201d, e, dopo due massimo tre giorni scappano per inefficienza in tutto, soprattutto lamentano la mancanza di Mezzi Pubblici, e, non tornano mai pi\u00f9. Attendi ore sotto il&#8230;<\/p>\n","protected":false},"author":46,"featured_media":0,"comment_status":"open","ping_status":"open","sticky":false,"template":"","format":"standard","meta":{"footnotes":""},"categories":[63,76],"tags":[],"class_list":["post-15290","post","type-post","status-publish","format-standard","hentry","category-cultura","category-turismo"],"_links":{"self":[{"href":"https:\/\/impronte.eu\/news\/wp-json\/wp\/v2\/posts\/15290","targetHints":{"allow":["GET"]}}],"collection":[{"href":"https:\/\/impronte.eu\/news\/wp-json\/wp\/v2\/posts"}],"about":[{"href":"https:\/\/impronte.eu\/news\/wp-json\/wp\/v2\/types\/post"}],"author":[{"embeddable":true,"href":"https:\/\/impronte.eu\/news\/wp-json\/wp\/v2\/users\/46"}],"replies":[{"embeddable":true,"href":"https:\/\/impronte.eu\/news\/wp-json\/wp\/v2\/comments?post=15290"}],"version-history":[{"count":1,"href":"https:\/\/impronte.eu\/news\/wp-json\/wp\/v2\/posts\/15290\/revisions"}],"predecessor-version":[{"id":15293,"href":"https:\/\/impronte.eu\/news\/wp-json\/wp\/v2\/posts\/15290\/revisions\/15293"}],"wp:attachment":[{"href":"https:\/\/impronte.eu\/news\/wp-json\/wp\/v2\/media?parent=15290"}],"wp:term":[{"taxonomy":"category","embeddable":true,"href":"https:\/\/impronte.eu\/news\/wp-json\/wp\/v2\/categories?post=15290"},{"taxonomy":"post_tag","embeddable":true,"href":"https:\/\/impronte.eu\/news\/wp-json\/wp\/v2\/tags?post=15290"}],"curies":[{"name":"wp","href":"https:\/\/api.w.org\/{rel}","templated":true}]}}