{"id":15306,"date":"2024-08-05T22:14:11","date_gmt":"2024-08-05T21:14:11","guid":{"rendered":"https:\/\/impronte.eu\/news\/?p=15306"},"modified":"2024-08-05T22:14:12","modified_gmt":"2024-08-05T21:14:12","slug":"la-nascita-di-maastricht","status":"publish","type":"post","link":"https:\/\/impronte.eu\/news\/la-nascita-di-maastricht\/","title":{"rendered":"La Nascita di Maastricht"},"content":{"rendered":"\n<p>Dopo il disvelamento sull\u2019identit\u00e0 del vero James Bond proseguiremo il viaggio nella \u201cStoria Contemporanea\u201d tenuta a debita distanza da decenni e che riscrive quello che molti di noi sanno o pensavano di sapere.<\/p>\n\n\n<div class=\"wp-block-image\">\n<figure class=\"aligncenter size-full\"><img loading=\"lazy\" decoding=\"async\" width=\"776\" height=\"386\" src=\"https:\/\/impronte.eu\/news\/wp-content\/uploads\/2024\/08\/romano-9-mastrickt-1.jpg\" alt=\"\" class=\"wp-image-15308\" srcset=\"https:\/\/impronte.eu\/news\/wp-content\/uploads\/2024\/08\/romano-9-mastrickt-1.jpg 776w, https:\/\/impronte.eu\/news\/wp-content\/uploads\/2024\/08\/romano-9-mastrickt-1-300x149.jpg 300w, https:\/\/impronte.eu\/news\/wp-content\/uploads\/2024\/08\/romano-9-mastrickt-1-768x382.jpg 768w, https:\/\/impronte.eu\/news\/wp-content\/uploads\/2024\/08\/romano-9-mastrickt-1-580x289.jpg 580w\" sizes=\"auto, (max-width: 776px) 100vw, 776px\" \/><\/figure>\n<\/div>\n\n\n<p>Gianni De Michelis, ex ministro degli esteri dell\u2019ultimo governo Andreotti, nel 1996 scrisse un articolo dal titolo \u201cLa Verit\u00e0 su Maastricht\u201d. Fra le tante cose che descrisse l\u2019allora ministro degli Esteri del VII governo guidato da Giulio Andreotti alcuni fatti storici per comprenderele verit\u00e0 sull\u2019Europa e dell\u2019Europa. Il crollo del muro di Berlino stava sconvolgendo gli equilibri mondiali con tutti gli effetti geopolitici: e, gi\u00e0 al vertice straordinario di Parigi nel novembre 1989, si deline\u00f2 quello che sar\u00e0 lo scambio geopolitico implicito nel trattato di Maastricht: l\u2019Europa diede via libera alla Germania per la riunificazionein tempi rapidi, ottenendo come contropartita l\u2019europeizzazione del marco. <em>Di fatto la nascente moneta unica, l\u2019euro, sar\u00e0 il marcotedesco con una sostanziale e determinante novit\u00e0 in quanto a gestirlo non sar\u00e0 pi\u00f9 la grande Bundesbank, bens\u00ec la BCE dove, in un sistema paritario, i tedeschi avranno un solo seggio <\/em>come tutti gli altri Paesi. Alla fine la Germania fu costretta ad accettare e perdere il suo forte \u201cmarco\u201d a cui non avrebbe mai voluto rinunciare. Accett\u00f2 l\u2019integrazione europea con l\u2019impegno formale di rinunciare \u201c<em>persino alla sovranit\u00e0 sul marco a una data fissata, il primo gennaio 1999, pur di garantirsi l\u2019appoggio dei partner alla riunificazione<\/em>\u201d. In questo passaggio di Gianni De Michelis che riproponiamo integralmente, si evidenziarono le grandi capacit\u00e0 sia sue che di Giulio Andreotti:<\/p>\n\n\n<div class=\"wp-block-image\">\n<figure class=\"aligncenter size-full is-resized\"><img loading=\"lazy\" decoding=\"async\" width=\"309\" height=\"324\" src=\"https:\/\/impronte.eu\/news\/wp-content\/uploads\/2024\/08\/romano-9-mastrickt-3.jpg\" alt=\"\" class=\"wp-image-15309\" style=\"width:387px;height:auto\" srcset=\"https:\/\/impronte.eu\/news\/wp-content\/uploads\/2024\/08\/romano-9-mastrickt-3.jpg 309w, https:\/\/impronte.eu\/news\/wp-content\/uploads\/2024\/08\/romano-9-mastrickt-3-286x300.jpg 286w\" sizes=\"auto, (max-width: 309px) 100vw, 309px\" \/><\/figure>\n<\/div>\n\n\n<p><em>\u201c<\/em><em>ho un ricordo personale molto vivo che pu\u00f2 illustrare la sorda battaglia fra Kohl e gli altri leader europei \u2026 dopo cena ci raduniamo intorno al caminetto per un caff\u00e8 Mitterand al centro, attorno a lui i capi di Stato o di governo disposti a semi cerchio, poi una seconda fila con i ministri degli Esteri. Io sono seduto alle spalle di Andreotti e Kohl. Mitterand parla e fa subito capire che per lui la questione dell\u2019unit\u00e0 tedesca \u00e8 un\u2019eventualit\u00e0 storica, da verificarsi in un futuro abbastanza imprecisato. Sullo stesso tono gli interventi degli altri, da Gonzalez alla Thatcher. Kohl diventa sempre pi\u00f9 rosso di rabbia e quando tocca a lui sembra quasi che stia per piangere. Il succo del suo intervento \u00e8 questo<\/em>: <em>voi non potete farmi tornare a Bonn, dal mio popolo, senza un messaggio chiaro di appoggio dell\u2019Europa alla riunificazione tedesca. \u00c8 emozionatissimo perch\u00e9 capisce che sta rischiando di restare a mani vuote<\/em>.\u201d De Michelis che gli \u00e8seduto dietro sa che a quel punto la parola tocca ad Andreotti e da valente ministro degli Esteri si china per parlargli all\u2019orecchio: \u201c<em>Presidente, adesso<\/em><\/p>\n\n\n\n<figure class=\"wp-block-image size-full\"><img loading=\"lazy\" decoding=\"async\" width=\"336\" height=\"321\" src=\"https:\/\/impronte.eu\/news\/wp-content\/uploads\/2024\/08\/romano-9-mastickt-2.jpg\" alt=\"\" class=\"wp-image-15307\" srcset=\"https:\/\/impronte.eu\/news\/wp-content\/uploads\/2024\/08\/romano-9-mastickt-2.jpg 336w, https:\/\/impronte.eu\/news\/wp-content\/uploads\/2024\/08\/romano-9-mastickt-2-300x287.jpg 300w\" sizes=\"auto, (max-width: 336px) 100vw, 336px\" \/><\/figure>\n\n\n\n<p><em>tutti si aspettano da te la stoccata finale. Sanno benissimo come la pensi sull\u2019unificazione tedesca<\/em> (amava cos\u00ec tanto la Germania da volerne due. Per inciso<\/p>\n\n\n\n<p>Andreotti veniva da una riunione della Nato in cui aveva avuto uno scontro molto forte con Kohl nda), <em>ma qui hai un\u2019occasione unica<\/em>. <em>Qui non bisogna badare alle proprie idee, ma alla politica. Proprio perch\u00e9 tutti sanno come la pensi, se tu apri uno spiraglio a Kohl le tue parole varranno doppio. Io e Fagiolo <\/em>(diplomatico e consigliere di De Michelis nda<em>) abbiamo preparato una frasetta per fissare la posizione italiana. Con tutte le cautele diplomatiche, questa frasetta dichiara che l\u2019Europa auspica e promuove l\u2019unificazione della Germania. Niente di definitivo, ma \u00e8 ci\u00f2 di cui Kohl ha bisogno per superare l\u2019impasse<\/em>\u201d. Andreotti colse al volo l\u2019idea e lesse quella frasetta, immortalata poi nel comunicato finale. Tutti gli altri furono presi in contropiede. Se Andreotti si era convinto ad aprire fu difficile per tutti gli altri non tenerne conto. Di colpol\u2019impasse fu superata e il vertice si chiuse con un esplicito appoggio della Comunit\u00e0 all\u2019idea della riunificazione tedesca.<\/p>\n\n\n\n<p>\u201c<em>Credo che Kohl non abbia dimenticato quel momento e che il nostro buon rapporto con i tedeschi nasca anche di l\u00ec<\/em>.\u201d concluse De Michelis lasciando intendere alla creazione di un forte asse Roma-Berlino.&nbsp;<\/p>\n\n\n\n<p>Da quel rapporto politicamente forte fra un vecchio democristiano, Andreotti, ed un vecchio socialista, De Michelis, si possono apprendere due lezioni: l\u2019appartenenza politica internazionale \u00e8 cosa vitale e che, a dispetto delle proprie idee, si devono ribaltare come nel caso del Presidente Andreotti, per ottenere un ruolo primario da poter gestire.<\/p>\n","protected":false},"excerpt":{"rendered":"<p>Dopo il disvelamento sull\u2019identit\u00e0 del vero James Bond proseguiremo il viaggio nella \u201cStoria Contemporanea\u201d tenuta a debita distanza da decenni e che riscrive quello che molti di noi sanno o pensavano di sapere. Gianni De Michelis, ex ministro degli esteri dell\u2019ultimo governo Andreotti, nel 1996 scrisse un articolo dal titolo \u201cLa Verit\u00e0 su Maastricht\u201d. Fra&#8230;<\/p>\n","protected":false},"author":35,"featured_media":0,"comment_status":"open","ping_status":"open","sticky":false,"template":"","format":"standard","meta":{"footnotes":""},"categories":[63,65],"tags":[],"class_list":["post-15306","post","type-post","status-publish","format-standard","hentry","category-cultura","category-scuola"],"_links":{"self":[{"href":"https:\/\/impronte.eu\/news\/wp-json\/wp\/v2\/posts\/15306","targetHints":{"allow":["GET"]}}],"collection":[{"href":"https:\/\/impronte.eu\/news\/wp-json\/wp\/v2\/posts"}],"about":[{"href":"https:\/\/impronte.eu\/news\/wp-json\/wp\/v2\/types\/post"}],"author":[{"embeddable":true,"href":"https:\/\/impronte.eu\/news\/wp-json\/wp\/v2\/users\/35"}],"replies":[{"embeddable":true,"href":"https:\/\/impronte.eu\/news\/wp-json\/wp\/v2\/comments?post=15306"}],"version-history":[{"count":1,"href":"https:\/\/impronte.eu\/news\/wp-json\/wp\/v2\/posts\/15306\/revisions"}],"predecessor-version":[{"id":15310,"href":"https:\/\/impronte.eu\/news\/wp-json\/wp\/v2\/posts\/15306\/revisions\/15310"}],"wp:attachment":[{"href":"https:\/\/impronte.eu\/news\/wp-json\/wp\/v2\/media?parent=15306"}],"wp:term":[{"taxonomy":"category","embeddable":true,"href":"https:\/\/impronte.eu\/news\/wp-json\/wp\/v2\/categories?post=15306"},{"taxonomy":"post_tag","embeddable":true,"href":"https:\/\/impronte.eu\/news\/wp-json\/wp\/v2\/tags?post=15306"}],"curies":[{"name":"wp","href":"https:\/\/api.w.org\/{rel}","templated":true}]}}