{"id":15376,"date":"2024-09-12T16:00:55","date_gmt":"2024-09-12T15:00:55","guid":{"rendered":"https:\/\/impronte.eu\/news\/?p=15376"},"modified":"2024-09-12T16:00:56","modified_gmt":"2024-09-12T15:00:56","slug":"alfredo-scogna","status":"publish","type":"post","link":"https:\/\/impronte.eu\/news\/alfredo-scogna\/","title":{"rendered":"Alfredo Scogna"},"content":{"rendered":"\n<p><strong>Cantautore e Sognatore<\/strong><\/p>\n\n\n<div class=\"wp-block-image\">\n<figure class=\"aligncenter size-full is-resized\"><img loading=\"lazy\" decoding=\"async\" width=\"292\" height=\"311\" src=\"https:\/\/impronte.eu\/news\/wp-content\/uploads\/2024\/09\/alfredo-scogna-trevisan-10-1.jpg\" alt=\"\" class=\"wp-image-15377\" style=\"width:386px;height:auto\" srcset=\"https:\/\/impronte.eu\/news\/wp-content\/uploads\/2024\/09\/alfredo-scogna-trevisan-10-1.jpg 292w, https:\/\/impronte.eu\/news\/wp-content\/uploads\/2024\/09\/alfredo-scogna-trevisan-10-1-282x300.jpg 282w\" sizes=\"auto, (max-width: 292px) 100vw, 292px\" \/><\/figure>\n<\/div>\n\n\n<p>Stasera sono in compagnia di un amico speciale, una persona unica, e soprattutto un grande artista: il cantautore Alfredo Scogna.<\/p>\n\n\n\n<p>Caro Alfredo, innanzi tutto grazie per la tua disponibilit\u00e0, ho deciso, se me lo permetti di uscire dai soliti schemi e anzich\u00e9 farti domande, ti lascio raccontare a ruota libera.<\/p>\n\n\n<div class=\"wp-block-image\">\n<figure class=\"aligncenter size-full\"><img loading=\"lazy\" decoding=\"async\" width=\"482\" height=\"407\" src=\"https:\/\/impronte.eu\/news\/wp-content\/uploads\/2024\/09\/alfredo-scogna-10-trevisan-2.jpg\" alt=\"\" class=\"wp-image-15378\" srcset=\"https:\/\/impronte.eu\/news\/wp-content\/uploads\/2024\/09\/alfredo-scogna-10-trevisan-2.jpg 482w, https:\/\/impronte.eu\/news\/wp-content\/uploads\/2024\/09\/alfredo-scogna-10-trevisan-2-300x253.jpg 300w\" sizes=\"auto, (max-width: 482px) 100vw, 482px\" \/><\/figure>\n<\/div>\n\n\n<p>&#8220;Non ho mai pensato di far parte del grande mondo dello spettacolo, afferma Alfredo Scogna. Ho, infatti preferito sempre suonare nei piccoli club, negli house concert, per strada, insomma con pochissime persone. Amo &#8211; prosegue Alfredo &#8211; vedere gli occhi di chi mi ascolta mentre interpreto una canzone. Tantissime volte ho fatto i miei concerti anche per una sola persona, spiega Scogna. Non ho mai avuto come obbiettivo il protagonismo e la centralit\u00e0 in un contesto artistico. Semplicemente, sottolinea il cantautore, non dico che \u00e8 sbagliato, ma non mi appartiene questo tipo di atteggiamento. In realt\u00e0 ho fatto sempre fatica ad accettare il sistema che il mondo mi ha proposto di vivere, la musica mi ha salvato da un imbarazzo notevole, la vita spesso mi ha infatti creato dei problemi esistenziali e perdendomi nei meandri delle complessit\u00e0 giornaliere, ho trovato rifugio nello scrivere canzoni, mi ha fatto sentire fuori dal contesto umano e mi ha portato in una condizione sovrannaturale, confida Alfredo Scogna. Dopo la degenza del periodo post COVID, con una corda vocale bloccata e con le mani intorpidite per i troppi mesi immobile a letto, in un momento di sfiducia totale, senza voce e senza armi per sfidare il futuro, ho trovato persone che mi hanno dato fiducia nonostante le mie difficolt\u00e0 fisiche e dopo qualche tempo mi sono ritrovato a sfidare l&#8217;incognito, in quel momento non sapevo chi fossi. Da l\u00ec \u00e8 iniziato il mio percorso di risalita artistica, sono passati due anni, due anni di tentativi di ripristinare qualcosa in me per poter riattivare quei circuiti che mi avvicinavano al cielo: la musica, l&#8217;arte, l&#8217;ascolto.<\/p>\n\n\n\n<p>Ho fatto errori, mi sono detto pi\u00f9 volte che non sarei mai stato uomo di spettacolo, ho vissuto il batticuore dell&#8217;incertezza, mi sono sentito piccolo, ma sempre con la speranza di non deludere chi in questi anni di fragilit\u00e0 mi aveva dato fiducia.<\/p>\n\n\n\n<p>Io volevo rifiorire, sbocciare di nuovo per farmi scaldare dal sole e dare un senso a questa vita che non avrei mai immaginato di tornare a vivere.<\/p>\n\n\n\n<p>Ecco questo sono io\u201d.<a><\/a><\/p>\n\n\n\n<p><\/p>\n","protected":false},"excerpt":{"rendered":"<p>Cantautore e Sognatore Stasera sono in compagnia di un amico speciale, una persona unica, e soprattutto un grande artista: il cantautore Alfredo Scogna. Caro Alfredo, innanzi tutto grazie per la tua disponibilit\u00e0, ho deciso, se me lo permetti di uscire dai soliti schemi e anzich\u00e9 farti domande, ti lascio raccontare a ruota libera. &#8220;Non ho&#8230;<\/p>\n","protected":false},"author":46,"featured_media":0,"comment_status":"open","ping_status":"open","sticky":false,"template":"","format":"standard","meta":{"footnotes":""},"categories":[63,73],"tags":[],"class_list":["post-15376","post","type-post","status-publish","format-standard","hentry","category-cultura","category-musica"],"_links":{"self":[{"href":"https:\/\/impronte.eu\/news\/wp-json\/wp\/v2\/posts\/15376","targetHints":{"allow":["GET"]}}],"collection":[{"href":"https:\/\/impronte.eu\/news\/wp-json\/wp\/v2\/posts"}],"about":[{"href":"https:\/\/impronte.eu\/news\/wp-json\/wp\/v2\/types\/post"}],"author":[{"embeddable":true,"href":"https:\/\/impronte.eu\/news\/wp-json\/wp\/v2\/users\/46"}],"replies":[{"embeddable":true,"href":"https:\/\/impronte.eu\/news\/wp-json\/wp\/v2\/comments?post=15376"}],"version-history":[{"count":1,"href":"https:\/\/impronte.eu\/news\/wp-json\/wp\/v2\/posts\/15376\/revisions"}],"predecessor-version":[{"id":15379,"href":"https:\/\/impronte.eu\/news\/wp-json\/wp\/v2\/posts\/15376\/revisions\/15379"}],"wp:attachment":[{"href":"https:\/\/impronte.eu\/news\/wp-json\/wp\/v2\/media?parent=15376"}],"wp:term":[{"taxonomy":"category","embeddable":true,"href":"https:\/\/impronte.eu\/news\/wp-json\/wp\/v2\/categories?post=15376"},{"taxonomy":"post_tag","embeddable":true,"href":"https:\/\/impronte.eu\/news\/wp-json\/wp\/v2\/tags?post=15376"}],"curies":[{"name":"wp","href":"https:\/\/api.w.org\/{rel}","templated":true}]}}