{"id":15465,"date":"2024-09-28T17:39:25","date_gmt":"2024-09-28T16:39:25","guid":{"rendered":"https:\/\/impronte.eu\/news\/?p=15465"},"modified":"2024-10-03T14:56:47","modified_gmt":"2024-10-03T13:56:47","slug":"lacrime-di-fuoco","status":"publish","type":"post","link":"https:\/\/impronte.eu\/news\/lacrime-di-fuoco\/","title":{"rendered":"Lacrime di Fuoco"},"content":{"rendered":"\n<p><\/p>\n\n\n\n<figure class=\"wp-block-image size-full\"><img loading=\"lazy\" decoding=\"async\" width=\"843\" height=\"635\" src=\"https:\/\/impronte.eu\/news\/wp-content\/uploads\/2024\/09\/POESIA-BENIGNO-11-LACRIME.jpg\" alt=\"\" class=\"wp-image-15466\" srcset=\"https:\/\/impronte.eu\/news\/wp-content\/uploads\/2024\/09\/POESIA-BENIGNO-11-LACRIME.jpg 843w, https:\/\/impronte.eu\/news\/wp-content\/uploads\/2024\/09\/POESIA-BENIGNO-11-LACRIME-300x226.jpg 300w, https:\/\/impronte.eu\/news\/wp-content\/uploads\/2024\/09\/POESIA-BENIGNO-11-LACRIME-768x579.jpg 768w, https:\/\/impronte.eu\/news\/wp-content\/uploads\/2024\/09\/POESIA-BENIGNO-11-LACRIME-580x437.jpg 580w\" sizes=\"auto, (max-width: 843px) 100vw, 843px\" \/><\/figure>\n\n\n\n<div style=\"height:25px\" aria-hidden=\"true\" class=\"wp-block-spacer\"><\/div>\n\n\n\n<p>Sotto cieli d&#8217;incanto, dove il vulcano regna,<\/p>\n\n\n\n<p>Nascono lacrime di fuoco, ardenti e solenni.<\/p>\n\n\n\n<p><\/p>\n\n\n\n<p>Dal cuore della terra, un pianto incandescente,<\/p>\n\n\n\n<p>Un balletto di scintille, un&#8217;esplosione potente.<\/p>\n\n\n\n<p><\/p>\n\n\n\n<p>Il vulcano, gigante di fuoco, con la sua furia,<\/p>\n\n\n\n<p>Scolpisce il paesaggio, in un&#8217;opera pura.<\/p>\n\n\n\n<p><\/p>\n\n\n\n<p>Le sue lacrime, come stelle, illuminano la notte,<\/p>\n\n\n\n<p>Un&#8217;esplosione di colori, uno spettacolo da mozzare il fiato.<\/p>\n\n\n\n<p><\/p>\n\n\n\n<p>Ma dietro la bellezza, c&#8217;\u00e8 un&#8217;energia selvaggia,<\/p>\n\n\n\n<p>Un potere incontrollabile, una forza che spaventa e affascina.<\/p>\n\n\n\n<p><\/p>\n\n\n\n<p>Le lacrime del vulcano, un richiamo ancestrale,<\/p>\n\n\n\n<p>Un monito della natura, un potere fatale.<\/p>\n\n\n\n<p><\/p>\n\n\n\n<p>Eppure, in questa danza di fuoco e di cenere,<\/p>\n\n\n\n<p>C&#8217;\u00e8 una forza vitale, un rinnovamento sincero.<\/p>\n\n\n\n<p>Dalle ceneri rinascer\u00e0 la vita, pi\u00f9 forte e pi\u00f9 bella,<\/p>\n\n\n\n<p>Un ciclo senza fine, un&#8217;opera immortale.<\/p>\n\n\n\n<p><\/p>\n","protected":false},"excerpt":{"rendered":"<p>Sotto cieli d&#8217;incanto, dove il vulcano regna, Nascono lacrime di fuoco, ardenti e solenni. Dal cuore della terra, un pianto incandescente, Un balletto di scintille, un&#8217;esplosione potente. Il vulcano, gigante di fuoco, con la sua furia, Scolpisce il paesaggio, in un&#8217;opera pura. Le sue lacrime, come stelle, illuminano la notte, Un&#8217;esplosione di colori, uno spettacolo&#8230;<\/p>\n","protected":false},"author":9,"featured_media":0,"comment_status":"open","ping_status":"open","sticky":false,"template":"","format":"standard","meta":{"footnotes":""},"categories":[63,71],"tags":[],"class_list":["post-15465","post","type-post","status-publish","format-standard","hentry","category-cultura","category-poesia"],"_links":{"self":[{"href":"https:\/\/impronte.eu\/news\/wp-json\/wp\/v2\/posts\/15465","targetHints":{"allow":["GET"]}}],"collection":[{"href":"https:\/\/impronte.eu\/news\/wp-json\/wp\/v2\/posts"}],"about":[{"href":"https:\/\/impronte.eu\/news\/wp-json\/wp\/v2\/types\/post"}],"author":[{"embeddable":true,"href":"https:\/\/impronte.eu\/news\/wp-json\/wp\/v2\/users\/9"}],"replies":[{"embeddable":true,"href":"https:\/\/impronte.eu\/news\/wp-json\/wp\/v2\/comments?post=15465"}],"version-history":[{"count":1,"href":"https:\/\/impronte.eu\/news\/wp-json\/wp\/v2\/posts\/15465\/revisions"}],"predecessor-version":[{"id":15503,"href":"https:\/\/impronte.eu\/news\/wp-json\/wp\/v2\/posts\/15465\/revisions\/15503"}],"wp:attachment":[{"href":"https:\/\/impronte.eu\/news\/wp-json\/wp\/v2\/media?parent=15465"}],"wp:term":[{"taxonomy":"category","embeddable":true,"href":"https:\/\/impronte.eu\/news\/wp-json\/wp\/v2\/categories?post=15465"},{"taxonomy":"post_tag","embeddable":true,"href":"https:\/\/impronte.eu\/news\/wp-json\/wp\/v2\/tags?post=15465"}],"curies":[{"name":"wp","href":"https:\/\/api.w.org\/{rel}","templated":true}]}}