{"id":15505,"date":"2024-09-30T09:02:34","date_gmt":"2024-09-30T08:02:34","guid":{"rendered":"https:\/\/impronte.eu\/news\/?p=15505"},"modified":"2024-09-30T09:02:34","modified_gmt":"2024-09-30T08:02:34","slug":"giornata-internazionale-della-pace-premio-internazionale-la-rosa-doro-donne-al-centro","status":"publish","type":"post","link":"https:\/\/impronte.eu\/news\/giornata-internazionale-della-pace-premio-internazionale-la-rosa-doro-donne-al-centro\/","title":{"rendered":"Giornata internazionale della pace, Premio Internazionale \u201cLa Rosa D\u2019Oro\u201d, Donne al Centro."},"content":{"rendered":"<div class=\"wp-block-image\">\n<figure class=\"aligncenter size-large\"><img loading=\"lazy\" decoding=\"async\" width=\"1024\" height=\"750\" src=\"https:\/\/impronte.eu\/news\/wp-content\/uploads\/2024\/09\/STEFANO-11-RODA-DORO-LOCANDINA-1024x750.jpg\" alt=\"\" class=\"wp-image-15506\" srcset=\"https:\/\/impronte.eu\/news\/wp-content\/uploads\/2024\/09\/STEFANO-11-RODA-DORO-LOCANDINA-1024x750.jpg 1024w, https:\/\/impronte.eu\/news\/wp-content\/uploads\/2024\/09\/STEFANO-11-RODA-DORO-LOCANDINA-300x220.jpg 300w, https:\/\/impronte.eu\/news\/wp-content\/uploads\/2024\/09\/STEFANO-11-RODA-DORO-LOCANDINA-768x563.jpg 768w, https:\/\/impronte.eu\/news\/wp-content\/uploads\/2024\/09\/STEFANO-11-RODA-DORO-LOCANDINA-580x425.jpg 580w, https:\/\/impronte.eu\/news\/wp-content\/uploads\/2024\/09\/STEFANO-11-RODA-DORO-LOCANDINA-860x630.jpg 860w, https:\/\/impronte.eu\/news\/wp-content\/uploads\/2024\/09\/STEFANO-11-RODA-DORO-LOCANDINA.jpg 1078w\" sizes=\"auto, (max-width: 1024px) 100vw, 1024px\" \/><\/figure>\n<\/div>\n\n\n<p>Roma 22 Settembre 2024, presso lo storico Caff\u00e8 Letterario al 95 di via Ostiense in Roma,<\/p>\n\n\n\n<p>&nbsp;molto il pubblico presente in gran parte costituito da imprenditori, professionisti, professori universitari, registi e giornalisti della Rai, i diplomi e l\u2019ambita Rosa D\u2019oro sono stati consegnati dall\u2019<strong>On. Fabrizio Santori<\/strong>, segretario d\u2019aula dell\u2019assemblea capitolina e dalla presentatrice <strong>Angelica Loredana Atton<\/strong>.<\/p>\n\n\n<div class=\"wp-block-image\">\n<figure class=\"aligncenter size-full is-resized\"><img loading=\"lazy\" decoding=\"async\" width=\"485\" height=\"264\" src=\"https:\/\/impronte.eu\/news\/wp-content\/uploads\/2024\/09\/STEFANO-11-PREMIO-LA-ROSA-DORO-GRUPPO-FINALE-.jpg\" alt=\"\" class=\"wp-image-15507\" style=\"width:386px;height:auto\" srcset=\"https:\/\/impronte.eu\/news\/wp-content\/uploads\/2024\/09\/STEFANO-11-PREMIO-LA-ROSA-DORO-GRUPPO-FINALE-.jpg 485w, https:\/\/impronte.eu\/news\/wp-content\/uploads\/2024\/09\/STEFANO-11-PREMIO-LA-ROSA-DORO-GRUPPO-FINALE--300x163.jpg 300w\" sizes=\"auto, (max-width: 485px) 100vw, 485px\" \/><\/figure>\n<\/div>\n\n\n<p>Ad ogni insignita del premio \u201cLa Rosa D\u2019Oro\u201d, la presentatrice ha chiesto di raccontarci quale \u00e8 stato il segreto del suo successo, &nbsp;molte le risposte che hanno messo in risalto quanto il mondo al femminile nel&nbsp; lavoro e nella societ\u00e0 debba trovare con pi\u00f9 difficolt\u00e0 un proprio spazio.<\/p>\n\n\n\n<figure class=\"wp-block-image size-full is-resized\"><img loading=\"lazy\" decoding=\"async\" width=\"480\" height=\"640\" src=\"https:\/\/impronte.eu\/news\/wp-content\/uploads\/2024\/09\/STEFANO-11-PREMIO-LA-ROSA-DORO-.jpg\" alt=\"\" class=\"wp-image-15521\" style=\"width:228px;height:auto\" srcset=\"https:\/\/impronte.eu\/news\/wp-content\/uploads\/2024\/09\/STEFANO-11-PREMIO-LA-ROSA-DORO-.jpg 480w, https:\/\/impronte.eu\/news\/wp-content\/uploads\/2024\/09\/STEFANO-11-PREMIO-LA-ROSA-DORO--225x300.jpg 225w\" sizes=\"auto, (max-width: 480px) 100vw, 480px\" \/><\/figure>\n\n\n\n<p>Riportiamo di seguito, alcune di queste risposte.<\/p>\n\n\n<div class=\"wp-block-image\">\n<figure class=\"aligncenter size-full is-resized\"><img loading=\"lazy\" decoding=\"async\" width=\"355\" height=\"417\" src=\"https:\/\/impronte.eu\/news\/wp-content\/uploads\/2024\/09\/STEFANO-11-PREMIO-LA-ROSA-DORO-1.jpg\" alt=\"\" class=\"wp-image-15508\" style=\"width:386px;height:auto\" srcset=\"https:\/\/impronte.eu\/news\/wp-content\/uploads\/2024\/09\/STEFANO-11-PREMIO-LA-ROSA-DORO-1.jpg 355w, https:\/\/impronte.eu\/news\/wp-content\/uploads\/2024\/09\/STEFANO-11-PREMIO-LA-ROSA-DORO-1-255x300.jpg 255w\" sizes=\"auto, (max-width: 355px) 100vw, 355px\" \/><\/figure>\n<\/div>\n\n\n<ul class=\"wp-block-list\">\n<li><strong>Maria Berardi<\/strong>, artista di molti livelli, impegnata nel sociale e nel mondo degli animali, accompagnata dalla sua cagnolina \u00a0una chihuahua di nome Olimpia, ci ricorda che il 2025 sar\u00e0 l&#8217;anno della pace. Noi vogliamo lanciarlo da qui e penso che di pace ce ne sia veramente bisogno e grazie a questo riconoscimento io posso dire a tutti di fare un pensiero su questo ed essere pi\u00f9 incisivi possibili e noi donne ritengo che lo abbiamo fatto. Le donne sono al centro\u00a0 della cultura, dell&#8217;amore, delle cose importanti, dei valori importanti, dei valori fondanti della nostra societ\u00e0.                                                         <\/li>\n\n\n\n<li><strong>Catizzone Andrea<\/strong>, avvocato, da parte mia ci sar\u00e0 sempre la massima attenzione nei confronti delle donne perch\u00e9 il loro, il nostro mondo ha delle caratteristiche molto particolari, degli ostacoli si creano nei confronti delle donne che a volte sono naturali, ma tanti sono generati dalla societ\u00e0, dal mondo del lavoro. Altri sono consequenziali al fatto che una donna ha degli impegni superiori all&#8217;uomo,\u00a0 soprattutto familiari, e tutto questo genera una difficolt\u00e0 in pi\u00f9, quindi quando una donna arriva \u00e8 perch\u00e9 ha dovuto superare molti pi\u00f9 ostacoli dell&#8217;uomo, questo \u00e8 evidente. Altre donne che magari fanno quotidianamente il lavoro di aiuto per la crescita della societ\u00e0,<\/li>\n\n\n\n<li>e lo fanno con grande spirito di attenzione nei confronti dei loro figli o magari della societ\u00e0 in generale. Il loro ruolo chiave \u00e8 quello che spinge ognuno di noi avanti sosteniamolo con la massima attenzione. Gli uomini soprattutto nei confronti di queste\u00a0 donne devono aiutarle in questo percorso a crescere di pi\u00f9, questo \u00e8 quindi un percorso di crescita reciproca. \u00a0Apriamo delle porte anche nei confronti delle giovani generazioni che comunque, nonostante tutte le istituzioni facciano tanto per tutelare le donne, soprattutto sul tema della violenza, i casi ci sono, continuano ad esserci, e vorrei che in questo momento di un cosi importante riconoscimento alle donne, possa servire \u00a0anche a riflettere su cosa fare di pi\u00f9 e meglio per arginare questi fenomeni.<\/li>\n\n\n\n<li><strong>D\u2019Ambrosio Federica<\/strong>, giornalista le donne hanno conquistato dei posti di potere, ma con tanta difficolt\u00e0, il cammino verso una vera e propria parit\u00e0 \u00e8 ancora molto arduo e forse lontano e il nostro obiettivo, la nostra conquista penso che sia quella di creare un mondo dove le qualit\u00e0 femminili e le qualit\u00e0 maschili si completano e si arricchiscono a vicenda.<\/li>\n\n\n\n<li><strong>Di Pierro Maria Teresa<\/strong>,\u00a0 musicista in arte Merysse<strong>, <\/strong><strong>\u00a0<\/strong>innanzitutto volevo esortarvi ad avere sempre coraggio, avere la costanza, la disciplina di continuare a studiare, di continuare a crederci e di essere sempre determinate. Quindi coraggio e disciplina. Penso siano le cose fondamentali.<\/li>\n\n\n\n<li><strong>Giancarlo Anna, <\/strong>scrittrice poetessa, quando ero ancora adolescente avevo due amiche.<br>che avevano delle problematiche non indifferenti nell&#8217;ambito familiare. Gi\u00e0 da allora io ho iniziato a darmi da fare, a cercare di aiutarle, a stimolarle, a sostenerle, e darle tanta forza. Perch\u00e9 questo \u00e8 quello che noi dobbiamo fare. Noi siamo donne. Nel passato tante donne sono state ostacolate, per\u00f2 sono riuscite ad ottenere quello che desideravano. E questo dobbiamo farlo anche noi. Siamo guerriere e come tali ci pieghiamo ma non ci spezziamo.<\/li>\n\n\n\n<li><strong>La Rosa Anna Francesca<\/strong>, Oncologia Femminile dell&#8217;Annunziata di Cosenza \u00e8 vero che ci vuole coraggio, il coraggio non si trova subito. Bisogna temprarsi, bisogna credere in se stessi, ma non \u00e8 facile tante volte, perch\u00e9 io sono sempre stata un po&#8217; insicura. Devo dire che la scrittura ha colorato la mia vita. Io sono, come tu sai, anche scrittrice. La poesia \u00e8 lo specchio della nostra anima, \u00e8 ci\u00f2 che siamo, \u00e8 ci\u00f2 che dobbiamo agli altri. Grazie Pap\u00e0 perch\u00e9 era\u00a0 l&#8217;unico che leggeva i miei scritti e mi invitava sempre a pubblicare le cose che scrivevo.<\/li>\n\n\n\n<li><strong>Novak Caterina<\/strong>, mezzo soprano e scrittrice, parto dall\u2019istituto \u201cvissi d&#8217;arte, vissi d&#8217;amore\u201d, che ha sede in Roma. Ha inciso innumerevoli opere, questo premio inaspettato, mi conferma che l&#8217;importanza del sogno \u00e8 fondamentale per ogni essere umano e in particolare le donne non devono mai smettere di sognare e sognando credere nelle proprie potenzialit\u00e0.<br>Quando tutte le nostre potenzialit\u00e0 sono esplicate al meglio di quello che possiamo, noi ritroviamo noi stessi, la nostra vera essenza, che \u00e8 quella di dare agli altri quello che noi abbiamo.<\/li>\n\n\n\n<li><strong>Sparta Maria Antonietta<\/strong>, vice questore di polizia, ho contribuito alla campagna di sensibilizzazione contro la violenza di genere con il progetto \u201cQuesto non \u00e8 amore\u201d. La rosa \u00e8 il fiore che pi\u00f9 rappresenta la donna, \u00e8 quello che pi\u00f9 rappresenta i vari sentimenti nei confronti della donna. Io parlo per me stessa e credo di essere la portavoce per tutte le altre rappresentanti, donne delle forze dell&#8217;ordine, di polizia, guardia di finanza, ecc. ormai noi donne siamo entrate in tutti i corpi dello Stato, quindi dietro tutto questo c&#8217;\u00e8 soprattutto una grandissima passione, quindi il sentimento unico per eccellenza \u00e8 l&#8217;amore, che \u00e8 quello che spinge una donna. Questa scelta comporta un grandissimo sacrificio, soprattutto quando la donna deve&#8230; dover conciliare il proprio ruolo istituzionale con quello di madre. Chi mi vede cos\u00ec adesso non immagina mai quanto sacrificio, quanta forza, quanta determinazione,<br>quanta passione, quanti notti insonni, quanti pasti saltati.\u00a0 Io quando i bambini erano piccoli non sono mai andata ad accompagnarli a scuola, dovevo essere altrove in servizio. Dedico questa rosa alla mia famiglia, perch\u00e9 \u00e8 quella che maggiormente si \u00e8 sacrificata, alla mia istituzione, alla Polizia di Stato, perch\u00e9 grazie a questa istituzione io ho realizzato la mia personalit\u00e0, ho fatto il lavoro per il quale mi sentivo attratta, appassionata, per la quale ho studiato, quindi ho investito, nella mia formazione, mi sono aggiornata quotidianamente, bisogna aggiornarsi, quindi l&#8217;istruzione, la formazione e il sacrificio continuano sempre.<\/li>\n\n\n\n<li><strong>Spinelli Roberta <\/strong>giornalista, inviata e video report per le reti Mediaset, Rai e La7, se ti arrendi ai primi ostacoli o quando le cose diventano difficili non otterrai nulla di importante, quindi bisogna andare avanti perch\u00e9 la strada \u00e8 in salita, allora ogni sacrificio e ogni difficolt\u00e0 che incontri viene superata e d\u00e0 un senso a tutto quello che fai e a tutto quello che hai fatto, al percorso, quindi ti guardi indietro e dici ho dato un senso a tutto ci\u00f2 che ho.<br>vorrei dedicare questo premio La Rosa D\u2019Oro a tutte quelle donne che non ci sono pi\u00f9, molte sono romane perch\u00e9 quest&#8217;estate \u00e8 stata un&#8217;estate drammatica anche per Roma. Quelle donne che pensavano di avere accanto un uomo che le amasse, hanno in un momento deciso di far valere la propria libert\u00e0 e i propri diritti e sono state uccise proprio da quegli uomini e da quelle persone che gli giuravano amore eterno. Ecco, la rosa deve essere per noi<br>una gratificazione e io la guarder\u00f2 ogni giorno per cercare di poter sempre ricordare qual \u00e8 il nostro obiettivo.<\/li>\n\n\n\n<li><strong>Nata Camilla, <\/strong>giornalista Rai,\u00a0 Le donne hanno un ruolo fondamentale nella nostra societ\u00e0, non ultimo quello di riportare le cose a posto quando qualcosa va storto, Abbiamo un&#8217;innata capacit\u00e0 nel saper far coordinare tutti i cassetti di un&#8217;unica cassettiera e questo \u00e8 l&#8217;aspetto bello di noi donne. Mi chiedi qual \u00e8 il segreto per raggiungere i propri successi ed obiettivi, ti dico che per noi donne significa sempre lavorare il doppio degli altri. Devo dire che \u00a0non solo grazie a noi stessi, ma anche grazie ad altre donne e grazie naturalmente agli uomini, perch\u00e9 non possiamo dimenticarli. Quando ci sono uomini che comprendono il nostro animo e comunque comprendono quelle che sono le nostre caratteristiche e le nostre affinit\u00e0 elettive e selettive con loro, beh, allora la strada \u00e8 spianata. Certamente ogni tanto dobbiamo faticare di pi\u00f9, ma questo, io credo, ne valga la pena perch\u00e9 ci rende pi\u00f9 forti. Ci\u00f2 che non riesci ad avere subito ci fortifica nel tempo. Queste risposte ci pongono davanti ad interrogativi ed a consigli per portare le donne al successo, nulla \u00e8 regalato, tutto si basa su abnegazione, motivazione, studio, dedizione, sacrificio, amore, amore per se stesse, amore e convinzione per le scelte che si sono fatte. Con gli uomini non separazione o raffronto negativo ma ricerca costante di mediazione reciproca \u00a0e comprensione. Attendiamo la prossima assegnazione del premio La Rosa D\u2019oro nel febbraio 2025 per apprendere altri spunti di riflessione e di crescita.<\/li>\n<\/ul>\n\n\n<div class=\"wp-block-image\">\n<figure class=\"aligncenter size-full is-resized\"><img loading=\"lazy\" decoding=\"async\" width=\"480\" height=\"640\" src=\"https:\/\/impronte.eu\/news\/wp-content\/uploads\/2024\/09\/STEFANO-11-PREMIO-LA-ROSA-DORO-10-.jpg\" alt=\"\" class=\"wp-image-15509\" style=\"width:227px;height:auto\" srcset=\"https:\/\/impronte.eu\/news\/wp-content\/uploads\/2024\/09\/STEFANO-11-PREMIO-LA-ROSA-DORO-10-.jpg 480w, https:\/\/impronte.eu\/news\/wp-content\/uploads\/2024\/09\/STEFANO-11-PREMIO-LA-ROSA-DORO-10--225x300.jpg 225w\" sizes=\"auto, (max-width: 480px) 100vw, 480px\" \/><\/figure>\n<\/div>\n\n\n<figure class=\"wp-block-image size-full is-resized\"><img loading=\"lazy\" decoding=\"async\" width=\"480\" height=\"640\" src=\"https:\/\/impronte.eu\/news\/wp-content\/uploads\/2024\/09\/STEFANO-11-PREMIO-LA-ROSA-DORO-11-.jpg\" alt=\"\" class=\"wp-image-15510\" style=\"width:298px;height:auto\" srcset=\"https:\/\/impronte.eu\/news\/wp-content\/uploads\/2024\/09\/STEFANO-11-PREMIO-LA-ROSA-DORO-11-.jpg 480w, https:\/\/impronte.eu\/news\/wp-content\/uploads\/2024\/09\/STEFANO-11-PREMIO-LA-ROSA-DORO-11--225x300.jpg 225w\" sizes=\"auto, (max-width: 480px) 100vw, 480px\" \/><\/figure>\n\n\n\n<figure class=\"wp-block-image size-full is-resized\"><img loading=\"lazy\" decoding=\"async\" width=\"480\" height=\"640\" src=\"https:\/\/impronte.eu\/news\/wp-content\/uploads\/2024\/09\/STEFANO-11-PREMIO-LA-ROSA-DORO-8-.jpg\" alt=\"\" class=\"wp-image-15511\" style=\"width:303px;height:auto\" srcset=\"https:\/\/impronte.eu\/news\/wp-content\/uploads\/2024\/09\/STEFANO-11-PREMIO-LA-ROSA-DORO-8-.jpg 480w, https:\/\/impronte.eu\/news\/wp-content\/uploads\/2024\/09\/STEFANO-11-PREMIO-LA-ROSA-DORO-8--225x300.jpg 225w\" sizes=\"auto, (max-width: 480px) 100vw, 480px\" \/><\/figure>\n\n\n\n<figure class=\"wp-block-image size-full is-resized\"><img loading=\"lazy\" decoding=\"async\" width=\"480\" height=\"640\" src=\"https:\/\/impronte.eu\/news\/wp-content\/uploads\/2024\/09\/STEFANO-11-PREMIO-LA-ROSA-DORO-9-.jpg\" alt=\"\" class=\"wp-image-15512\" style=\"width:298px;height:auto\" srcset=\"https:\/\/impronte.eu\/news\/wp-content\/uploads\/2024\/09\/STEFANO-11-PREMIO-LA-ROSA-DORO-9-.jpg 480w, https:\/\/impronte.eu\/news\/wp-content\/uploads\/2024\/09\/STEFANO-11-PREMIO-LA-ROSA-DORO-9--225x300.jpg 225w\" sizes=\"auto, (max-width: 480px) 100vw, 480px\" \/><\/figure>\n\n\n<div class=\"wp-block-image\">\n<figure class=\"aligncenter size-full is-resized\"><img loading=\"lazy\" decoding=\"async\" width=\"480\" height=\"640\" src=\"https:\/\/impronte.eu\/news\/wp-content\/uploads\/2024\/09\/STEFANO-11-PREMIO-LA-ROSA-DORO-2.jpg\" alt=\"\" class=\"wp-image-15514\" style=\"width:296px;height:auto\" srcset=\"https:\/\/impronte.eu\/news\/wp-content\/uploads\/2024\/09\/STEFANO-11-PREMIO-LA-ROSA-DORO-2.jpg 480w, https:\/\/impronte.eu\/news\/wp-content\/uploads\/2024\/09\/STEFANO-11-PREMIO-LA-ROSA-DORO-2-225x300.jpg 225w\" sizes=\"auto, (max-width: 480px) 100vw, 480px\" \/><\/figure>\n<\/div>\n\n<div class=\"wp-block-image\">\n<figure class=\"aligncenter size-full is-resized\"><img loading=\"lazy\" decoding=\"async\" width=\"640\" height=\"480\" src=\"https:\/\/impronte.eu\/news\/wp-content\/uploads\/2024\/09\/STEFANO-11-PREMIO-LA-ROSA-DORO-5.jpg\" alt=\"\" class=\"wp-image-15515\" style=\"width:294px;height:auto\" srcset=\"https:\/\/impronte.eu\/news\/wp-content\/uploads\/2024\/09\/STEFANO-11-PREMIO-LA-ROSA-DORO-5.jpg 640w, https:\/\/impronte.eu\/news\/wp-content\/uploads\/2024\/09\/STEFANO-11-PREMIO-LA-ROSA-DORO-5-300x225.jpg 300w, https:\/\/impronte.eu\/news\/wp-content\/uploads\/2024\/09\/STEFANO-11-PREMIO-LA-ROSA-DORO-5-580x435.jpg 580w\" sizes=\"auto, (max-width: 640px) 100vw, 640px\" \/><\/figure>\n<\/div>\n\n\n<figure class=\"wp-block-image size-full is-resized\"><img loading=\"lazy\" decoding=\"async\" width=\"480\" height=\"640\" src=\"https:\/\/impronte.eu\/news\/wp-content\/uploads\/2024\/09\/STEFANO-11-PREMIO-LA-ROSA-DORO-6-.jpg\" alt=\"\" class=\"wp-image-15516\" style=\"width:290px;height:auto\" srcset=\"https:\/\/impronte.eu\/news\/wp-content\/uploads\/2024\/09\/STEFANO-11-PREMIO-LA-ROSA-DORO-6-.jpg 480w, https:\/\/impronte.eu\/news\/wp-content\/uploads\/2024\/09\/STEFANO-11-PREMIO-LA-ROSA-DORO-6--225x300.jpg 225w\" sizes=\"auto, (max-width: 480px) 100vw, 480px\" \/><\/figure>\n\n\n\n<figure class=\"wp-block-image size-full is-resized\"><img loading=\"lazy\" decoding=\"async\" width=\"480\" height=\"640\" src=\"https:\/\/impronte.eu\/news\/wp-content\/uploads\/2024\/09\/STEFANO-11-PREMIO-LA-ROSA-DORO-7.jpg\" alt=\"\" class=\"wp-image-15517\" style=\"width:287px;height:auto\" srcset=\"https:\/\/impronte.eu\/news\/wp-content\/uploads\/2024\/09\/STEFANO-11-PREMIO-LA-ROSA-DORO-7.jpg 480w, https:\/\/impronte.eu\/news\/wp-content\/uploads\/2024\/09\/STEFANO-11-PREMIO-LA-ROSA-DORO-7-225x300.jpg 225w\" sizes=\"auto, (max-width: 480px) 100vw, 480px\" \/><\/figure>\n\n\n\n<figure class=\"wp-block-image size-full is-resized\"><img loading=\"lazy\" decoding=\"async\" width=\"480\" height=\"640\" src=\"https:\/\/impronte.eu\/news\/wp-content\/uploads\/2024\/09\/STEFANO-11-PREMIO-LA-ROSA-DORO-11.jpg\" alt=\"\" class=\"wp-image-15518\" style=\"width:285px;height:auto\" srcset=\"https:\/\/impronte.eu\/news\/wp-content\/uploads\/2024\/09\/STEFANO-11-PREMIO-LA-ROSA-DORO-11.jpg 480w, https:\/\/impronte.eu\/news\/wp-content\/uploads\/2024\/09\/STEFANO-11-PREMIO-LA-ROSA-DORO-11-225x300.jpg 225w\" sizes=\"auto, (max-width: 480px) 100vw, 480px\" \/><\/figure>\n\n\n<div class=\"wp-block-image\">\n<figure class=\"aligncenter size-full is-resized\"><img loading=\"lazy\" decoding=\"async\" width=\"212\" height=\"355\" src=\"https:\/\/impronte.eu\/news\/wp-content\/uploads\/2024\/09\/STEFANO-11-ROSA-DORO-2.jpg\" alt=\"\" class=\"wp-image-15520\" style=\"width:281px;height:auto\" srcset=\"https:\/\/impronte.eu\/news\/wp-content\/uploads\/2024\/09\/STEFANO-11-ROSA-DORO-2.jpg 212w, https:\/\/impronte.eu\/news\/wp-content\/uploads\/2024\/09\/STEFANO-11-ROSA-DORO-2-179x300.jpg 179w\" sizes=\"auto, (max-width: 212px) 100vw, 212px\" \/><\/figure>\n<\/div>\n\n<div class=\"wp-block-image\">\n<figure class=\"aligncenter size-full\"><img loading=\"lazy\" decoding=\"async\" width=\"485\" height=\"264\" src=\"https:\/\/impronte.eu\/news\/wp-content\/uploads\/2024\/09\/STEFANO-11-PREMIO-LA-ROSA-DORO-GRUPPO-FINALE-1-1.jpg\" alt=\"\" class=\"wp-image-15522\" srcset=\"https:\/\/impronte.eu\/news\/wp-content\/uploads\/2024\/09\/STEFANO-11-PREMIO-LA-ROSA-DORO-GRUPPO-FINALE-1-1.jpg 485w, https:\/\/impronte.eu\/news\/wp-content\/uploads\/2024\/09\/STEFANO-11-PREMIO-LA-ROSA-DORO-GRUPPO-FINALE-1-1-300x163.jpg 300w\" sizes=\"auto, (max-width: 485px) 100vw, 485px\" \/><\/figure>\n<\/div>\n\n\n<p><\/p>\n","protected":false},"excerpt":{"rendered":"<p>Roma 22 Settembre 2024, presso lo storico Caff\u00e8 Letterario al 95 di via Ostiense in Roma, &nbsp;molto il pubblico presente in gran parte costituito da imprenditori, professionisti, professori universitari, registi e giornalisti della Rai, i diplomi e l\u2019ambita Rosa D\u2019oro sono stati consegnati dall\u2019On. Fabrizio Santori, segretario d\u2019aula dell\u2019assemblea capitolina e dalla presentatrice Angelica Loredana&#8230;<\/p>\n","protected":false},"author":15,"featured_media":0,"comment_status":"open","ping_status":"open","sticky":false,"template":"","format":"standard","meta":{"footnotes":""},"categories":[63,69,73,71],"tags":[],"class_list":["post-15505","post","type-post","status-publish","format-standard","hentry","category-cultura","category-fashion","category-musica","category-poesia"],"_links":{"self":[{"href":"https:\/\/impronte.eu\/news\/wp-json\/wp\/v2\/posts\/15505","targetHints":{"allow":["GET"]}}],"collection":[{"href":"https:\/\/impronte.eu\/news\/wp-json\/wp\/v2\/posts"}],"about":[{"href":"https:\/\/impronte.eu\/news\/wp-json\/wp\/v2\/types\/post"}],"author":[{"embeddable":true,"href":"https:\/\/impronte.eu\/news\/wp-json\/wp\/v2\/users\/15"}],"replies":[{"embeddable":true,"href":"https:\/\/impronte.eu\/news\/wp-json\/wp\/v2\/comments?post=15505"}],"version-history":[{"count":1,"href":"https:\/\/impronte.eu\/news\/wp-json\/wp\/v2\/posts\/15505\/revisions"}],"predecessor-version":[{"id":15523,"href":"https:\/\/impronte.eu\/news\/wp-json\/wp\/v2\/posts\/15505\/revisions\/15523"}],"wp:attachment":[{"href":"https:\/\/impronte.eu\/news\/wp-json\/wp\/v2\/media?parent=15505"}],"wp:term":[{"taxonomy":"category","embeddable":true,"href":"https:\/\/impronte.eu\/news\/wp-json\/wp\/v2\/categories?post=15505"},{"taxonomy":"post_tag","embeddable":true,"href":"https:\/\/impronte.eu\/news\/wp-json\/wp\/v2\/tags?post=15505"}],"curies":[{"name":"wp","href":"https:\/\/api.w.org\/{rel}","templated":true}]}}