{"id":15524,"date":"2024-10-03T08:34:40","date_gmt":"2024-10-03T07:34:40","guid":{"rendered":"https:\/\/impronte.eu\/news\/?p=15524"},"modified":"2024-10-04T14:41:45","modified_gmt":"2024-10-04T13:41:45","slug":"little-boy-di-giorgio-orano","status":"publish","type":"post","link":"https:\/\/impronte.eu\/news\/little-boy-di-giorgio-orano\/","title":{"rendered":"Little boy di Giorgio Orano"},"content":{"rendered":"\n<p><strong>Con la Bussola  una profonda introspezione maieutica<\/strong><\/p>\n\n\n<div class=\"wp-block-image\">\n<figure class=\"aligncenter size-full is-resized\"><img loading=\"lazy\" decoding=\"async\" width=\"300\" height=\"452\" src=\"https:\/\/impronte.eu\/news\/wp-content\/uploads\/2024\/10\/anna-bella-11.jpg\" alt=\"\" class=\"wp-image-15525\" style=\"width:387px;height:auto\" srcset=\"https:\/\/impronte.eu\/news\/wp-content\/uploads\/2024\/10\/anna-bella-11.jpg 300w, https:\/\/impronte.eu\/news\/wp-content\/uploads\/2024\/10\/anna-bella-11-199x300.jpg 199w\" sizes=\"auto, (max-width: 300px) 100vw, 300px\" \/><\/figure>\n<\/div>\n\n\n<figure class=\"wp-block-table\"><table class=\"has-fixed-layout\"><tbody><tr><td><a><em>Little boy<\/em><\/a> di Giorgio Orano, edito da la Bussola , Roma, febbraio 2024, \u00e8 un libro suggestivo, poich\u00e9 \u00e8 frutto di una personale introspezione dell\u2019autore che diviene, nella lettura, una forza maieutica che pervade pagina dopo pagina. Un percorso che analizza il dolore della storia mondiale del passato per giungere, attraverso la grande sofferenza, alla rinascita. Un excursus storico di anni passati in cui troppo forte ardeva il contrasto tra il bene e il male e in cui la scelleratezza dell\u2019uomo sembrava prendere inesorabilmente il sopravvento. \u00c8 solo il finale di questo appassionato testo che ci regala la luce della rivincita del bene che ciascuno di noi ha dentro s\u00e9. \u201cQuesto libro &#8211; sottolinea l\u2019autore Giorgio Orano &#8211; nasce dal fatto che ho sempre vissuto veramente male la fortissima contrapposizione di queste persone che, negli anni di cui tratto, si odiavano, ferme come erano, nelle loro posizioni inconciliabili. Tutto questo andava troppo contro la mia natura di ricerca costante di armonia e conciliazione, tanto appunto che dovevo scriverne. Il mio libro termina con la conquista della rinascita e voglio sottolineare come, quando ho terminato di scriverlo avevo la sensazione che le vicende di cui parlavo fossero relegate nel passato, ed invece drammaticamente me le sono ritrovate difronte nei notiziari quotidiani. Ma come nel mio libro, in cui narro della natura umana che si contraddistingue fortemente per un qualcosa che ci spinge verso l\u2019autodistruzione, ma che sa trovare la forza per rialzarsi e rinascere, mi auguro che presto il mondo cessi le guerre e insorga forte la parte buona connaturata nell\u2019essere umano, il bene&#8221;. Il titolo, come ammette lo stesso autore: \u201cnon ha probabilmente il profumo della novit\u00e0, ma l\u2019ho scelto poich\u00e9 incarnava bene alcune caratteristiche del mio scritto: \u00e8 infatti il nome della bomba e del personaggio del mio libro.\u00a0 \u00c8 dunque il bambino vietnamita, senza passato e senza futuro, che incarna l\u2019anima sperduta del mondo e che, sul finale, si prende la scena e incarna la rinascita. \u00c8 lui l\u2019ultimo little boy, quello buono: la speranza\u201d. \u00a0 \u00a0 \u00a0 \u00a0 \u00a0 \u00a0 <em>Giorgio Orano \u00e8 attualmente Sostituto Procuratore presso la Procura di Roma e fa parte da nove anni del Pool Reati Economici; coordina presso l\u2019ufficio suddetto il lavoro del Nucleo di Polizia Giudiziaria denominato Unit\u00e0 Crisi d\u2019Impresa; si occupa di bancarotte sin dal 2000 e ha partecipato alle attivit\u00e0 formative del CSM in materia e tenuto lezioni e corsi sui reati economici presso l\u2019Ordine dei Commercialisti di Roma.<\/em> \u00a0<\/td><\/tr><\/tbody><\/table><\/figure>\n\n\n\n<p><\/p>\n","protected":false},"excerpt":{"rendered":"<p>Con la Bussola una profonda introspezione maieutica Little boy di Giorgio Orano, edito da la Bussola , Roma, febbraio 2024, \u00e8 un libro suggestivo, poich\u00e9 \u00e8 frutto di una personale introspezione dell\u2019autore che diviene, nella lettura, una forza maieutica che pervade pagina dopo pagina. Un percorso che analizza il dolore della storia mondiale del passato&#8230;<\/p>\n","protected":false},"author":57,"featured_media":0,"comment_status":"open","ping_status":"open","sticky":false,"template":"","format":"standard","meta":{"footnotes":""},"categories":[63,65],"tags":[],"class_list":["post-15524","post","type-post","status-publish","format-standard","hentry","category-cultura","category-scuola"],"_links":{"self":[{"href":"https:\/\/impronte.eu\/news\/wp-json\/wp\/v2\/posts\/15524","targetHints":{"allow":["GET"]}}],"collection":[{"href":"https:\/\/impronte.eu\/news\/wp-json\/wp\/v2\/posts"}],"about":[{"href":"https:\/\/impronte.eu\/news\/wp-json\/wp\/v2\/types\/post"}],"author":[{"embeddable":true,"href":"https:\/\/impronte.eu\/news\/wp-json\/wp\/v2\/users\/57"}],"replies":[{"embeddable":true,"href":"https:\/\/impronte.eu\/news\/wp-json\/wp\/v2\/comments?post=15524"}],"version-history":[{"count":4,"href":"https:\/\/impronte.eu\/news\/wp-json\/wp\/v2\/posts\/15524\/revisions"}],"predecessor-version":[{"id":15534,"href":"https:\/\/impronte.eu\/news\/wp-json\/wp\/v2\/posts\/15524\/revisions\/15534"}],"wp:attachment":[{"href":"https:\/\/impronte.eu\/news\/wp-json\/wp\/v2\/media?parent=15524"}],"wp:term":[{"taxonomy":"category","embeddable":true,"href":"https:\/\/impronte.eu\/news\/wp-json\/wp\/v2\/categories?post=15524"},{"taxonomy":"post_tag","embeddable":true,"href":"https:\/\/impronte.eu\/news\/wp-json\/wp\/v2\/tags?post=15524"}],"curies":[{"name":"wp","href":"https:\/\/api.w.org\/{rel}","templated":true}]}}