{"id":15643,"date":"2024-10-13T19:42:25","date_gmt":"2024-10-13T18:42:25","guid":{"rendered":"https:\/\/impronte.eu\/news\/?p=15643"},"modified":"2024-10-13T21:48:31","modified_gmt":"2024-10-13T20:48:31","slug":"monsignor-paglia-e-lintelligenza-artificiale","status":"publish","type":"post","link":"https:\/\/impronte.eu\/news\/monsignor-paglia-e-lintelligenza-artificiale\/","title":{"rendered":"Monsignor Paglia e l\u2019Intelligenza Artificiale"},"content":{"rendered":"\n<figure class=\"wp-block-image size-large\"><img loading=\"lazy\" decoding=\"async\" width=\"669\" height=\"1024\" src=\"https:\/\/impronte.eu\/news\/wp-content\/uploads\/2024\/10\/ben-12-paglia-5-2-669x1024.jpg\" alt=\"\" class=\"wp-image-15644\" srcset=\"https:\/\/impronte.eu\/news\/wp-content\/uploads\/2024\/10\/ben-12-paglia-5-2-669x1024.jpg 669w, https:\/\/impronte.eu\/news\/wp-content\/uploads\/2024\/10\/ben-12-paglia-5-2-196x300.jpg 196w, https:\/\/impronte.eu\/news\/wp-content\/uploads\/2024\/10\/ben-12-paglia-5-2-768x1175.jpg 768w, https:\/\/impronte.eu\/news\/wp-content\/uploads\/2024\/10\/ben-12-paglia-5-2-1004x1536.jpg 1004w, https:\/\/impronte.eu\/news\/wp-content\/uploads\/2024\/10\/ben-12-paglia-5-2-1338x2048.jpg 1338w, https:\/\/impronte.eu\/news\/wp-content\/uploads\/2024\/10\/ben-12-paglia-5-2-580x888.jpg 580w, https:\/\/impronte.eu\/news\/wp-content\/uploads\/2024\/10\/ben-12-paglia-5-2-860x1316.jpg 860w, https:\/\/impronte.eu\/news\/wp-content\/uploads\/2024\/10\/ben-12-paglia-5-2-1160x1775.jpg 1160w, https:\/\/impronte.eu\/news\/wp-content\/uploads\/2024\/10\/ben-12-paglia-5-2-scaled.jpg 1673w\" sizes=\"auto, (max-width: 669px) 100vw, 669px\" \/><\/figure>\n\n\n\n<div style=\"height:25px\" aria-hidden=\"true\" class=\"wp-block-spacer\"><\/div>\n\n\n\n<p><em>L&#8217;algoritmo della vita. Etica e Intelligenza Artificiale <\/em>diMons. Vincenzo Paglia, Presidente della Pontificia Accademia per la vita, edizioni Piemme,2024 \u00e8 un testo molto suggestivo che spiega come questa nuova tecnologia si avvicini all\u2019ambiente della Chiesa. In occasione della presentazione del volume, tenutasi nella stupenda cornice del parco della Nocetta a Roma presso la sede di Mediterranea Rete Onlus, il 2 ottobre scorso, Monsignore ha risposto ad alcune nostre domande.<\/p>\n\n\n\n<figure class=\"wp-block-image size-large\"><img loading=\"lazy\" decoding=\"async\" width=\"707\" height=\"1024\" src=\"https:\/\/impronte.eu\/news\/wp-content\/uploads\/2024\/10\/BEN-12-LIBRO-PAGLIA-5-jpg-2-707x1024.jpg\" alt=\"\" class=\"wp-image-15645\" srcset=\"https:\/\/impronte.eu\/news\/wp-content\/uploads\/2024\/10\/BEN-12-LIBRO-PAGLIA-5-jpg-2-707x1024.jpg 707w, https:\/\/impronte.eu\/news\/wp-content\/uploads\/2024\/10\/BEN-12-LIBRO-PAGLIA-5-jpg-2-207x300.jpg 207w, https:\/\/impronte.eu\/news\/wp-content\/uploads\/2024\/10\/BEN-12-LIBRO-PAGLIA-5-jpg-2-768x1112.jpg 768w, https:\/\/impronte.eu\/news\/wp-content\/uploads\/2024\/10\/BEN-12-LIBRO-PAGLIA-5-jpg-2-580x840.jpg 580w, https:\/\/impronte.eu\/news\/wp-content\/uploads\/2024\/10\/BEN-12-LIBRO-PAGLIA-5-jpg-2-860x1245.jpg 860w, https:\/\/impronte.eu\/news\/wp-content\/uploads\/2024\/10\/BEN-12-LIBRO-PAGLIA-5-jpg-2.jpg 1060w\" sizes=\"auto, (max-width: 707px) 100vw, 707px\" \/><\/figure>\n\n\n\n<div style=\"height:25px\" aria-hidden=\"true\" class=\"wp-block-spacer\"><\/div>\n\n\n\n<p>D: La Chiesa come vede L\u2019I.A.?<\/p>\n\n\n\n<p>R: <em>La Tecnica \u00e8 un dono di Dio, \u00e8 parte della Creazione nell\u2019eden, \u00e8 la scintilla di Dio.<\/em><\/p>\n\n\n\n<p>D: Nel suo libro lei parla dell\u2019incontro con Brad Smith presidente Microsoft avvenuto nel 2019 perch\u00e9 tale incontro \u00e8 stato cos\u00ec importante?<\/p>\n\n\n\n<p>R: <em>Un uomo che ogni giorno gestisce migliaia di ingegneri che sviluppano IA, ha sentito il bisogno di venire a Roma per parlare con la Chiesa cristiana perch\u00e9 in lui \u00e8 nata la preoccupazione che tali progetti, se non arginati nel loro sviluppo da un\u2019etica pregnante, possano essere usati per fini non eticamente corretti, e la Chiesa in questo pu\u00f2 essere la sponda necessaria e certa.<\/em><\/p>\n\n\n\n<p><em>Nel Feb. del 2019 Hiroschi Hishiguro, presentando il suo robot antropomorfo, affermo che l\u2019anima non \u00e8 solo presente nell\u2019uomo ma in ogni cosa, sorprendente vero!<\/em><\/p>\n\n\n<div class=\"wp-block-image\">\n<figure class=\"aligncenter size-full is-resized\"><img loading=\"lazy\" decoding=\"async\" width=\"116\" height=\"162\" src=\"https:\/\/impronte.eu\/news\/wp-content\/uploads\/2024\/10\/mons-paglia.jpg\" alt=\"\" class=\"wp-image-15647\" style=\"width:387px;height:auto\"\/><\/figure>\n<\/div>\n\n\n<div style=\"height:25px\" aria-hidden=\"true\" class=\"wp-block-spacer\"><\/div>\n\n\n\n<p>D: Qual \u00e8 la posizione di Papa Francesco su questo tema?<\/p>\n\n\n\n<p>R: <em>Esortava la chiesa a coinvolgersi di pi\u00f9.<\/em><\/p>\n\n\n\n<p><em>In occasione del 25\u00b0 anno della Pontificia Accademia Per La Vita, il Papa mi ha inviato \u201cHumanitas Comunitas\u201d, sollecitando ad incrementare le riflessioni sulle nuove tecnologie anche sullo stesso corpo umano.<\/em><\/p>\n\n\n\n<p><em>Il Santo Padre invita tutti a tener conto delle periferie del mondo, la fraternit\u00e0 \u00e8 la promessa mancata del mondo nell\u2019 enciclica \u201cFratelli Tutti\u201d. Tutti devono poter godere dei benefici della I A non solo i pi\u00f9 fortunati, questo determinerebbe una diseguaglianza sociale ed una asimmetria eticamente non corretta.<\/em><\/p>\n\n\n\n<p><em>Papa Francesco torna sul tema anche alla Giornata della Pace del 1\u00b0 gennaio 2024, dove esorta le nazioni a dare vita ad un trattato vincolante che regoli lo sviluppo dell\u2019I A nelle sue molteplici forme.<\/em><\/p>\n\n\n\n<p>D:<em> Il<\/em> G7 14 giugno 2024 tornando sulla I A e sulla pace Papa Francesco esprime la paura che gli algoritmi possano far perdere alle persone il controllo sulle proprie scelte.<\/p>\n\n\n\n<p>R:<em> L\u2019 I A permette di elaborare e sperimentare nuove armi portando il conflitto alla disumanizzazione operazioni militari ancora pi\u00f9 fredde asettiche. Solo l\u2019Uomo pu\u00f2 esercitare ed essere dotato di libero arbitrio e intenzionalit\u00e0 dell\u2019agire Etico.<\/em><\/p>\n\n\n\n<p>D:Tornando a Brad Smith, lei &nbsp;riporta nel libro \u201c<em>L\u2019Algoritmo della vita\u201d<\/em> i concetti che sono emersi nell\u2019incontro?<\/p>\n\n\n\n<p>R: <em>durante il nostro incontro egli afferma che la ricerca senza regole pu\u00f2 creare mostri, stabilire limiti tra macchina e uomo.<\/em><\/p>\n\n\n\n<p><em>Con l\u2019I. A. le informazioni vengono immesse dall\u2019uomo nella macchina, la chiesa ci accompagni, portando etica nel sistema. E\u2019 infatti fondamentale tenere a mente che \u00e8 sempre necessaria una base etica; che se la tecnica invade la vita, l\u2019uomo pu\u00f2 distruggere s\u00e9 stesso ed il creato ed infine che se l\u2019umo usa la scienza con etica, pu\u00f2 favorire la vita.<\/em><\/p>\n\n\n\n<figure class=\"wp-block-image size-large\"><img loading=\"lazy\" decoding=\"async\" width=\"1024\" height=\"484\" src=\"https:\/\/impronte.eu\/news\/wp-content\/uploads\/2024\/10\/BEN-12-LIBRO-PAGLIA-1-1-1024x484.jpg\" alt=\"\" class=\"wp-image-15648\" srcset=\"https:\/\/impronte.eu\/news\/wp-content\/uploads\/2024\/10\/BEN-12-LIBRO-PAGLIA-1-1-1024x484.jpg 1024w, https:\/\/impronte.eu\/news\/wp-content\/uploads\/2024\/10\/BEN-12-LIBRO-PAGLIA-1-1-300x142.jpg 300w, https:\/\/impronte.eu\/news\/wp-content\/uploads\/2024\/10\/BEN-12-LIBRO-PAGLIA-1-1-768x363.jpg 768w, https:\/\/impronte.eu\/news\/wp-content\/uploads\/2024\/10\/BEN-12-LIBRO-PAGLIA-1-1-1536x726.jpg 1536w, https:\/\/impronte.eu\/news\/wp-content\/uploads\/2024\/10\/BEN-12-LIBRO-PAGLIA-1-1-580x274.jpg 580w, https:\/\/impronte.eu\/news\/wp-content\/uploads\/2024\/10\/BEN-12-LIBRO-PAGLIA-1-1-860x406.jpg 860w, https:\/\/impronte.eu\/news\/wp-content\/uploads\/2024\/10\/BEN-12-LIBRO-PAGLIA-1-1-1160x548.jpg 1160w, https:\/\/impronte.eu\/news\/wp-content\/uploads\/2024\/10\/BEN-12-LIBRO-PAGLIA-1-1.jpg 1653w\" sizes=\"auto, (max-width: 1024px) 100vw, 1024px\" \/><\/figure>\n\n\n\n<div style=\"height:26px\" aria-hidden=\"true\" class=\"wp-block-spacer\"><\/div>\n\n\n\n<p>D:A luglio ad Hiroshima Lei ha firmato con tutti i capi religiosi del mondo UNA CARTA ETICA, con quale intento?<\/p>\n\n\n\n<p>R: <em>I potenti del mondo e chi ha i mezzi ed il controllo dei dati, li debbono usare per il bene, altrimenti si potrebbero generare conflitti analoghi al nucleare. La paura del disastro deve portarci a leggi che tutelino l\u2019uomo, la vita e il mondo. Auspico pertanto un\u2019assemblea planetaria sul tema etico e giuridico ed infatti ho nominato a capo del gruppo di studio, Padre Paolo Benanti e abbiamo costruito la fondazione RenAIssance creata a questo scopo.<\/em><\/p>\n\n\n\n<p>Cosa \u00e8 l\u2019Algocrazia?<\/p>\n\n\n\n<p>R: con il termine <em>Algocrazia, si denotano coloro che hanno il potere. Il Papa ci ricorda che l\u2019Intelligenza artificiale pu\u00f2 essere forviante se non \u00e8 a favore di tutti e sviluppata in modo etico. Nasce cos\u00ec L\u2019Algoretica cio\u00e8 il controllo etico sugli algoritmi.<\/em><\/p>\n\n\n\n<p>D: In campo medico come vede l\u2019IA?<\/p>\n\n\n\n<p>R: <em>La prescrizione medica personalizza il lavoro e valorizza il lavoro medico ed il suo spirito critico e l\u2019esperienza pregressa nella diagnosi, l\u2019I A spersonalizza tutto questo. Il Medico resti libero ed indipendente; il Papa nella \u201cI A e pace\u201d sostiene che la cultura deve rispettare la dignit\u00e0 umana e deve essere rispettato il pensiero critico.<\/em><\/p>\n\n\n\n<p>D: Nasce il B. C. I. \u201cBrain-Computer-Interfaces\u201d, nascita e sviluppo di interfacce cervello e corpo umano con macchie e micro cip, passo avanti enorme nella possibilit\u00e0 dell\u2019uomo di recuperare danni fisici anche gravi e gravissimi, \u201cFar vedere i ciechi e sentire i sordi\u201d, ma anche generare super uomini, con quali finalit\u00e0?<\/p>\n\n\n\n<p>R: <em>Nel 1970 il film di Kubrik \u201c2001 odissea nello spazio\u201d che ci fornisce un quadro di possibile interazione dell\u2019uomo e macchina, il super computer Hall, con la domanda finale \u201cPotr\u00f2 sognare\u201d prima di essere spento? l\u2019uomo pu\u00f2 sognare, avere sentimenti, emozioni, il libero arbitrio?<\/em><\/p>\n\n\n\n<p>D: E cosa dobbiamo pensare della formazione e dei Bambini?<\/p>\n\n\n\n<p>R: <em>Il Papa, partecipando al \u201cchild dignity in the digita word\u201d, sottolinea la quantit\u00e0 di interessi economici enormi in questo settore e quindi il rischio che comportamenti non etici possano portare ad un condizionamento da parte delle imprese con conseguente danno ai giovani.<\/em><\/p>\n\n\n\n<p>D: In merito all\u2019apprendimento possiamo andare verso Algoretica-Algocrazia con il poter assoluto delle macchine e dei loro programmatori se non etici?<\/p>\n\n\n\n<p>R: <em>Papa Francesco nella Giornata della Comunicazione Sociale invita tutti a partire dal cuore, generare quindi regolamenti condivisi e super nazionali per risolvere questo problema gi\u00e0 presente.<\/em><\/p>\n\n\n\n<p>D: Come ci stanno abituando alla presenza della I A nella vita quotidiana?<\/p>\n\n\n\n<p>R: <em>nel 2011 Apple immette sul mercato l\u2019assistente Virtuale Siri legandoci ed abituandoci sempre pi\u00f9 alla sua presenza ed utilit\u00e0, quando torniamo a casa la trattiamo come una collaboratrice, gli chiediamo di mettere la musica, di accendere e dosare le luci, di ascoltarci\u2026<\/em><\/p>\n\n\n\n<p>D: Quanto siamo lontani da un approccio etico e morale condiviso in modo universale?<\/p>\n\n\n\n<p>R: <em>Molte le nazioni, le religioni, gli imprenditori, le associazioni, i governi, che hanno sottoscritto questi accordi o che hanno dichiarato di essere intenzionati a farlo. Il mio impegno personale \u00e8 quello di portare alla firma tutti, per assicurare un futuro etico e controllabile eticamente dell\u2019IA e dei suoi algoritmi.<\/em><\/p>\n\n\n<div class=\"wp-block-image\">\n<figure class=\"aligncenter size-large\"><img loading=\"lazy\" decoding=\"async\" width=\"1024\" height=\"940\" src=\"https:\/\/impronte.eu\/news\/wp-content\/uploads\/2024\/10\/BEN-12-LIBRO-PAGLIA-2-jpg-1-1024x940.jpg\" alt=\"\" class=\"wp-image-15649\" srcset=\"https:\/\/impronte.eu\/news\/wp-content\/uploads\/2024\/10\/BEN-12-LIBRO-PAGLIA-2-jpg-1-1024x940.jpg 1024w, https:\/\/impronte.eu\/news\/wp-content\/uploads\/2024\/10\/BEN-12-LIBRO-PAGLIA-2-jpg-1-300x275.jpg 300w, https:\/\/impronte.eu\/news\/wp-content\/uploads\/2024\/10\/BEN-12-LIBRO-PAGLIA-2-jpg-1-768x705.jpg 768w, https:\/\/impronte.eu\/news\/wp-content\/uploads\/2024\/10\/BEN-12-LIBRO-PAGLIA-2-jpg-1-1536x1410.jpg 1536w, https:\/\/impronte.eu\/news\/wp-content\/uploads\/2024\/10\/BEN-12-LIBRO-PAGLIA-2-jpg-1-580x532.jpg 580w, https:\/\/impronte.eu\/news\/wp-content\/uploads\/2024\/10\/BEN-12-LIBRO-PAGLIA-2-jpg-1-860x789.jpg 860w, https:\/\/impronte.eu\/news\/wp-content\/uploads\/2024\/10\/BEN-12-LIBRO-PAGLIA-2-jpg-1-1160x1065.jpg 1160w, https:\/\/impronte.eu\/news\/wp-content\/uploads\/2024\/10\/BEN-12-LIBRO-PAGLIA-2-jpg-1.jpg 1547w\" sizes=\"auto, (max-width: 1024px) 100vw, 1024px\" \/><\/figure>\n<\/div>","protected":false},"excerpt":{"rendered":"<p>L&#8217;algoritmo della vita. Etica e Intelligenza Artificiale diMons. Vincenzo Paglia, Presidente della Pontificia Accademia per la vita, edizioni Piemme,2024 \u00e8 un testo molto suggestivo che spiega come questa nuova tecnologia si avvicini all\u2019ambiente della Chiesa. In occasione della presentazione del volume, tenutasi nella stupenda cornice del parco della Nocetta a Roma presso la sede di&#8230;<\/p>\n","protected":false},"author":15,"featured_media":15651,"comment_status":"open","ping_status":"open","sticky":false,"template":"","format":"standard","meta":{"footnotes":""},"categories":[63,60,74,62],"tags":[],"class_list":["post-15643","post","type-post","status-publish","format-standard","has-post-thumbnail","hentry","category-cultura","category-editoriali","category-ricerca","category-tecnologia-scienza"],"_links":{"self":[{"href":"https:\/\/impronte.eu\/news\/wp-json\/wp\/v2\/posts\/15643","targetHints":{"allow":["GET"]}}],"collection":[{"href":"https:\/\/impronte.eu\/news\/wp-json\/wp\/v2\/posts"}],"about":[{"href":"https:\/\/impronte.eu\/news\/wp-json\/wp\/v2\/types\/post"}],"author":[{"embeddable":true,"href":"https:\/\/impronte.eu\/news\/wp-json\/wp\/v2\/users\/15"}],"replies":[{"embeddable":true,"href":"https:\/\/impronte.eu\/news\/wp-json\/wp\/v2\/comments?post=15643"}],"version-history":[{"count":2,"href":"https:\/\/impronte.eu\/news\/wp-json\/wp\/v2\/posts\/15643\/revisions"}],"predecessor-version":[{"id":15654,"href":"https:\/\/impronte.eu\/news\/wp-json\/wp\/v2\/posts\/15643\/revisions\/15654"}],"wp:featuredmedia":[{"embeddable":true,"href":"https:\/\/impronte.eu\/news\/wp-json\/wp\/v2\/media\/15651"}],"wp:attachment":[{"href":"https:\/\/impronte.eu\/news\/wp-json\/wp\/v2\/media?parent=15643"}],"wp:term":[{"taxonomy":"category","embeddable":true,"href":"https:\/\/impronte.eu\/news\/wp-json\/wp\/v2\/categories?post=15643"},{"taxonomy":"post_tag","embeddable":true,"href":"https:\/\/impronte.eu\/news\/wp-json\/wp\/v2\/tags?post=15643"}],"curies":[{"name":"wp","href":"https:\/\/api.w.org\/{rel}","templated":true}]}}