{"id":15673,"date":"2024-10-28T09:57:13","date_gmt":"2024-10-28T08:57:13","guid":{"rendered":"https:\/\/impronte.eu\/news\/?p=15673"},"modified":"2024-10-28T10:14:43","modified_gmt":"2024-10-28T09:14:43","slug":"premio-carlo-castelli-premiazione-dei-testi-vincenti","status":"publish","type":"post","link":"https:\/\/impronte.eu\/news\/premio-carlo-castelli-premiazione-dei-testi-vincenti\/","title":{"rendered":"\u00a0Premio Carlo Castelli, premiazione dei testi vincenti"},"content":{"rendered":"<div class=\"wp-block-image\">\n<figure class=\"aligncenter size-full\"><img loading=\"lazy\" decoding=\"async\" width=\"937\" height=\"631\" src=\"https:\/\/impronte.eu\/news\/wp-content\/uploads\/2024\/10\/gruppo-con-presidente-nazionale-c-castelli-13.jpg\" alt=\"\" class=\"wp-image-15674\" srcset=\"https:\/\/impronte.eu\/news\/wp-content\/uploads\/2024\/10\/gruppo-con-presidente-nazionale-c-castelli-13.jpg 937w, https:\/\/impronte.eu\/news\/wp-content\/uploads\/2024\/10\/gruppo-con-presidente-nazionale-c-castelli-13-300x202.jpg 300w, https:\/\/impronte.eu\/news\/wp-content\/uploads\/2024\/10\/gruppo-con-presidente-nazionale-c-castelli-13-768x517.jpg 768w, https:\/\/impronte.eu\/news\/wp-content\/uploads\/2024\/10\/gruppo-con-presidente-nazionale-c-castelli-13-580x391.jpg 580w, https:\/\/impronte.eu\/news\/wp-content\/uploads\/2024\/10\/gruppo-con-presidente-nazionale-c-castelli-13-860x579.jpg 860w\" sizes=\"auto, (max-width: 937px) 100vw, 937px\" \/><\/figure>\n<\/div>\n\n\n<p>Verona &#8211; Si \u00e8 tenuta venerd\u00ec 04 Ottobre, a Verona presso la Casa Circondariale di Montorio, la cerimonia di premiazione del Premio Castelli:<\/p>\n\n\n\n<p>&nbsp;\u201c<em>La speranza \u00e8 un bene prezioso, una luce che accompagna e sostiene, soprattutto nei momenti pi\u00f9 difficili\u201d,<\/em> afferma <strong>Paola Da Ros, Presidente Federazione Nazionale Societ\u00e0 di San Vincenzo De Paoli.<\/strong><\/p>\n\n\n\n<figure class=\"wp-block-image size-large\"><img loading=\"lazy\" decoding=\"async\" width=\"1024\" height=\"682\" src=\"https:\/\/impronte.eu\/news\/wp-content\/uploads\/2024\/10\/Foto-Presidente-con-medagli-castelli-13-1024x682.jpg\" alt=\"\" class=\"wp-image-15675\" srcset=\"https:\/\/impronte.eu\/news\/wp-content\/uploads\/2024\/10\/Foto-Presidente-con-medagli-castelli-13-1024x682.jpg 1024w, https:\/\/impronte.eu\/news\/wp-content\/uploads\/2024\/10\/Foto-Presidente-con-medagli-castelli-13-300x200.jpg 300w, https:\/\/impronte.eu\/news\/wp-content\/uploads\/2024\/10\/Foto-Presidente-con-medagli-castelli-13-768x512.jpg 768w, https:\/\/impronte.eu\/news\/wp-content\/uploads\/2024\/10\/Foto-Presidente-con-medagli-castelli-13-1536x1023.jpg 1536w, https:\/\/impronte.eu\/news\/wp-content\/uploads\/2024\/10\/Foto-Presidente-con-medagli-castelli-13-580x386.jpg 580w, https:\/\/impronte.eu\/news\/wp-content\/uploads\/2024\/10\/Foto-Presidente-con-medagli-castelli-13-860x573.jpg 860w, https:\/\/impronte.eu\/news\/wp-content\/uploads\/2024\/10\/Foto-Presidente-con-medagli-castelli-13-1160x773.jpg 1160w, https:\/\/impronte.eu\/news\/wp-content\/uploads\/2024\/10\/Foto-Presidente-con-medagli-castelli-13.jpg 1600w\" sizes=\"auto, (max-width: 1024px) 100vw, 1024px\" \/><\/figure>\n\n\n\n<p>\u201c<em>E in questo luogo, dove la libert\u00e0 \u00e8 limitata, il nostro desiderio \u00e8 che nessuno perda mai questa luce<\/em>\u201d e aggiunge: <a>\u201c<em>Il Premio Carlo Castelli <\/em><\/a><em>non si limita a offrire uno spazio di riflessione e espressione per i detenuti, ma prosegue nel tempo, <strong>grazie ai progetti di reinserimento sociale sviluppati in collaborazione con le istituzioni<\/strong>.<\/em><\/p>\n\n\n\n<p><em>Con il contributo in denaro che eroghiamo per ciascuno dei tre premi oltre alla somma che spetta al vincitore, <strong>ogni anno realizziamo tre progetti.<\/strong><\/em><\/p>\n\n\n\n<p><em>Il primo premio di questa edizione finanzier\u00e0 un importante progetto di reinserimento nel mondo del lavoro per i ristretti del carcere di Brescia che hanno finito di scontare la loro pena; il secondo aiuter\u00e0 i giovani dell\u2019Istituto per Minori di Catania, il terzo premio andr\u00e0 a favore delle attivit\u00e0 dell\u2019Ufficio Distrettuale di Esecuzione Penale Esterna di Pisa\u201d, <\/em>dichiara la Presidente Paola Da Ros.<\/p>\n\n\n\n<figure class=\"wp-block-image size-large\"><img loading=\"lazy\" decoding=\"async\" width=\"1024\" height=\"544\" src=\"https:\/\/impronte.eu\/news\/wp-content\/uploads\/2024\/10\/castelli-sala-13-1024x544.jpg\" alt=\"\" class=\"wp-image-15676\" srcset=\"https:\/\/impronte.eu\/news\/wp-content\/uploads\/2024\/10\/castelli-sala-13-1024x544.jpg 1024w, https:\/\/impronte.eu\/news\/wp-content\/uploads\/2024\/10\/castelli-sala-13-300x159.jpg 300w, https:\/\/impronte.eu\/news\/wp-content\/uploads\/2024\/10\/castelli-sala-13-768x408.jpg 768w, https:\/\/impronte.eu\/news\/wp-content\/uploads\/2024\/10\/castelli-sala-13-1536x816.jpg 1536w, https:\/\/impronte.eu\/news\/wp-content\/uploads\/2024\/10\/castelli-sala-13-2048x1089.jpg 2048w, https:\/\/impronte.eu\/news\/wp-content\/uploads\/2024\/10\/castelli-sala-13-580x308.jpg 580w, https:\/\/impronte.eu\/news\/wp-content\/uploads\/2024\/10\/castelli-sala-13-860x457.jpg 860w, https:\/\/impronte.eu\/news\/wp-content\/uploads\/2024\/10\/castelli-sala-13-1160x617.jpg 1160w\" sizes=\"auto, (max-width: 1024px) 100vw, 1024px\" \/><\/figure>\n\n\n\n<p>Al termine dell\u2019incontro tre detenuti hanno testimoniato il cambiamento avuto nel tempo di reclusione grazie al sostegno dei volontari e alle attivit\u00e0 rieducative organizzate nel carcere di Verona Montorio. Tra di loro c\u2019\u00e8 anche chi ha composto dei brani e, chitarra in mano, ha deliziato i presenti. &nbsp;<\/p>\n\n\n\n<p>Non sono mancati momenti di commozione e di gioia anche per chi rende possibile il funzionamento di questa complessa struttura. Un particolare ringraziamento va alla direttrice, <strong>Dottoressa Francesca Gioieni<\/strong>, agli educatori, al corpo della polizia penitenziaria e a tutto il personale. &nbsp;<\/p>\n\n\n\n<p>I racconti vincitori della XVI Edizione del Premio Carlo Castelli sono stati:<\/p>\n\n\n<div class=\"wp-block-image\">\n<figure class=\"aligncenter size-large\"><img loading=\"lazy\" decoding=\"async\" width=\"1024\" height=\"789\" src=\"https:\/\/impronte.eu\/news\/wp-content\/uploads\/2024\/10\/MASSIMO-BIAGINI-I-PREMIO-carcere-castelli-13-1024x789.jpg\" alt=\"\" class=\"wp-image-15677\" srcset=\"https:\/\/impronte.eu\/news\/wp-content\/uploads\/2024\/10\/MASSIMO-BIAGINI-I-PREMIO-carcere-castelli-13-1024x789.jpg 1024w, https:\/\/impronte.eu\/news\/wp-content\/uploads\/2024\/10\/MASSIMO-BIAGINI-I-PREMIO-carcere-castelli-13-300x231.jpg 300w, https:\/\/impronte.eu\/news\/wp-content\/uploads\/2024\/10\/MASSIMO-BIAGINI-I-PREMIO-carcere-castelli-13-768x592.jpg 768w, https:\/\/impronte.eu\/news\/wp-content\/uploads\/2024\/10\/MASSIMO-BIAGINI-I-PREMIO-carcere-castelli-13-1536x1184.jpg 1536w, https:\/\/impronte.eu\/news\/wp-content\/uploads\/2024\/10\/MASSIMO-BIAGINI-I-PREMIO-carcere-castelli-13-2048x1579.jpg 2048w, https:\/\/impronte.eu\/news\/wp-content\/uploads\/2024\/10\/MASSIMO-BIAGINI-I-PREMIO-carcere-castelli-13-580x447.jpg 580w, https:\/\/impronte.eu\/news\/wp-content\/uploads\/2024\/10\/MASSIMO-BIAGINI-I-PREMIO-carcere-castelli-13-860x663.jpg 860w, https:\/\/impronte.eu\/news\/wp-content\/uploads\/2024\/10\/MASSIMO-BIAGINI-I-PREMIO-carcere-castelli-13-1160x894.jpg 1160w\" sizes=\"auto, (max-width: 1024px) 100vw, 1024px\" \/><\/figure>\n<\/div>\n\n\n<p><strong>Primo Classificato<\/strong>:&nbsp;<strong>\u201c<\/strong><strong>S\u00ec, c\u2019\u00e8 ancora un domani<\/strong><strong>\u201d<\/strong>racconta il grido di una coscienza che, nel lento trascorrere del tempo, si interroga, medita, riflette, soffre, al cuore bussa la colpa per quanto compiuto, si eleva e guarda alla propria e altrui vita con occhi nuovi. Occhi di speranza perch\u00e9 \u201c<em>Tutti hanno il diritto di avere una seconda possibilit\u00e0\u201d. <\/em>Occhi privi di ogni forma di giudizio e condanna, perch\u00e9, come afferma l\u2019autore \u201c<em>Anche il pi\u00f9 specchiato e morigerato potrebbe incappare in un errore fatale\u201d<\/em>. Occhi volti al bene, capaci di vedere dietro i gesti quotidiani del personale di sorveglianza \u201c<em>Uomini che fanno il loro lavoro con dedizione, con impegno e professionalit\u00e0 lasciando ampio spazio anche a doti di innata umanit\u00e0<\/em>\u201d.<\/p>\n\n\n\n<p><strong>Secondo Classificato<\/strong>: <strong>\u201cAcque tempestose<\/strong><strong>\u201d<\/strong> descrive la rinascita di chi, grazie alle acque turbolente vissute nella cella di un penitenziario, ha riconquistato lentamente la propria umanit\u00e0 soffocata per anni da una terribile avidit\u00e0. Un male che lo ha condotto sino in carcere: \u201c<em>Mi sono macchiato di un reato finanziario. Sono stato soverchiato dai miei demoni. Demoni interiori che mi hanno reso avido di potere, che mi hanno reso diverso, cinico, che mi hanno tolto il meglio di me stesso\u201d, <\/em>scrive l\u2019autore. &nbsp;<\/p>\n\n\n\n<p>Oggi Giovanni, forte delle sue nuove consapevolezze, pu\u00f2 ricominciare a guardare al futuro con speranza,<em> a <\/em>\u201c<em>Fare <\/em><em>programmi e quando oggi mi si chiede \u201ccome ti vedi fra cinque anni?\u201d so bene cosa rispondere\u201d.<\/em><\/p>\n\n\n\n<p><strong>Terzo Classificato<\/strong>:&nbsp;<strong>&#8220;<\/strong><strong>Cecit\u00e0<\/strong><strong>\u201d <\/strong><strong>\u00e8 la storia di chi vuole aprire gli occhi a una nuova vita dopo il lungo periodo trascorso in carcere. \u00c8 la storia di chi vuole continuare a crederci, \u201c<\/strong><em>Non \u00e8 mai troppo tardi per essere un uomo migliore e credere nel Domani che verr\u00e0\u201d<\/em><strong>, scrive l\u2019autore. \u00c8 il racconto di chi vuole tornare a onorare un padre che non c\u2019\u00e8 pi\u00f9 e che, dal buio della sua cecit\u00e0 fisica, ha sempre saputo infondergli amore cogliendo ogni sfumatura del suo cuore. \u00c8 la storia di chi vuole iniziare a camminare, riappropriandosi dei valori ricevuti sin da piccolo. \u00c8 la storia di chi vuole <em>\u201ctornare a vederci davvero\u201d<\/em><\/strong> <strong>ponendosi sotto la potente protezione di Santa Lucia<em>.<\/em><\/strong><\/p>\n\n\n<div class=\"wp-block-image\">\n<figure class=\"aligncenter size-large is-resized\"><img loading=\"lazy\" decoding=\"async\" width=\"550\" height=\"1024\" src=\"https:\/\/impronte.eu\/news\/wp-content\/uploads\/2024\/10\/GINOTTA-Teatro-1Ginotta-castelli-13-550x1024.jpg\" alt=\"\" class=\"wp-image-15678\" style=\"width:386px;height:auto\" srcset=\"https:\/\/impronte.eu\/news\/wp-content\/uploads\/2024\/10\/GINOTTA-Teatro-1Ginotta-castelli-13-550x1024.jpg 550w, https:\/\/impronte.eu\/news\/wp-content\/uploads\/2024\/10\/GINOTTA-Teatro-1Ginotta-castelli-13-161x300.jpg 161w, https:\/\/impronte.eu\/news\/wp-content\/uploads\/2024\/10\/GINOTTA-Teatro-1Ginotta-castelli-13-768x1429.jpg 768w, https:\/\/impronte.eu\/news\/wp-content\/uploads\/2024\/10\/GINOTTA-Teatro-1Ginotta-castelli-13-826x1536.jpg 826w, https:\/\/impronte.eu\/news\/wp-content\/uploads\/2024\/10\/GINOTTA-Teatro-1Ginotta-castelli-13-1101x2048.jpg 1101w, https:\/\/impronte.eu\/news\/wp-content\/uploads\/2024\/10\/GINOTTA-Teatro-1Ginotta-castelli-13-580x1079.jpg 580w, https:\/\/impronte.eu\/news\/wp-content\/uploads\/2024\/10\/GINOTTA-Teatro-1Ginotta-castelli-13-860x1600.jpg 860w, https:\/\/impronte.eu\/news\/wp-content\/uploads\/2024\/10\/GINOTTA-Teatro-1Ginotta-castelli-13-1160x2158.jpg 1160w, https:\/\/impronte.eu\/news\/wp-content\/uploads\/2024\/10\/GINOTTA-Teatro-1Ginotta-castelli-13-scaled.jpg 1376w\" sizes=\"auto, (max-width: 550px) 100vw, 550px\" \/><\/figure>\n<\/div>\n\n\n<p>La XVII Edizione del Premio letterario Carlo Castelli ha riaffermato il potere della scrittura come uno strumento fondamentale per i detenuti, un ponte tra il loro mondo interno e l&#8217;esterno.<\/p>\n\n\n\n<p>Sabato 5 ottobre nel Teatro Nuovo di San Michele a Verona si \u00e8 concluso l&#8217;incontro: <strong><em>&#8220;Dialogo in punta di cuore&#8221;<\/em><\/strong> con toccanti testimonianze di alcuni ristretti. S\u00ec \u00e8 affrontato il tema della Giustizia riparativa e del reinserimento dei detenuti nel mondo del lavoro, con il coinvolgimento della societ\u00e0 civile.<\/p>\n\n\n\n<p>La <strong>Dottoressa Stefania Zambelli<\/strong>, assistente sociale e responsabile Area Misure e Sanzioni di Comunit\u00e0 UDEPE Verona, ha illustrato i nuovi percorsi di Giustizia Riparativa sottolineando l&#8217;importanza di mettere in contatto le vittime con i colpevoli accompagnandoli con percorsi di avvicinamento.<\/p>\n\n\n\n<p>Tra gli ospiti della mattina, il <strong>professor Sergio Premoli<\/strong>, psicanalista e formatore, che ha invitato a non confondere mai l\u2019uomo con il reato commesso.<\/p>\n\n\n\n<p>Un\u2019attenzione particolare \u00e8 stata dedicata ai sentimenti delle vittime e dei loro famigliari, e si \u00e8 ragionato su come aiutarli a gestire il dolore e ad avvicinarsi, dove possibile, ad una dimensione di perdono.<\/p>\n\n\n\n<p><strong>Don Paolo dal Fior<\/strong> ha portato il suo vissuto di cappellano del Carcere di Verona Montorio e ha raccontato episodi di straordinaria umanit\u00e0 registrati nella casa circondariale.<\/p>\n\n\n\n<p>Alto il coinvolgimento del pubblico che ha gremito il teatro ed ha partecipato attivamente con interventi e domande da cui \u00e8 emersa la forte la consapevolezza che l&#8217;aiuto non deve limitarsi ad un sostegno materiale, ma deve arrivare dritto dal cuore.<\/p>\n\n\n\n<p>Come di consueto al termine della manifestazione \u00e8 avvenuto il passaggio del testimone: l&#8217;edizione numero <strong>XVIII si celebrer\u00e0 nella Casa Circondariale di Brescia<\/strong> &#8211; Canton Mombello nell&#8217; ottobre 2025.<\/p>\n\n\n<div class=\"wp-block-image\">\n<figure class=\"aligncenter size-large is-resized\"><img loading=\"lazy\" decoding=\"async\" width=\"1024\" height=\"1014\" src=\"https:\/\/impronte.eu\/news\/wp-content\/uploads\/2024\/10\/FOTO-premiazione-castelli-13-1024x1014.jpg\" alt=\"\" class=\"wp-image-15680\" style=\"width:386px;height:auto\" srcset=\"https:\/\/impronte.eu\/news\/wp-content\/uploads\/2024\/10\/FOTO-premiazione-castelli-13-1024x1014.jpg 1024w, https:\/\/impronte.eu\/news\/wp-content\/uploads\/2024\/10\/FOTO-premiazione-castelli-13-300x297.jpg 300w, https:\/\/impronte.eu\/news\/wp-content\/uploads\/2024\/10\/FOTO-premiazione-castelli-13-150x150.jpg 150w, https:\/\/impronte.eu\/news\/wp-content\/uploads\/2024\/10\/FOTO-premiazione-castelli-13-768x760.jpg 768w, https:\/\/impronte.eu\/news\/wp-content\/uploads\/2024\/10\/FOTO-premiazione-castelli-13-70x70.jpg 70w, https:\/\/impronte.eu\/news\/wp-content\/uploads\/2024\/10\/FOTO-premiazione-castelli-13-580x574.jpg 580w, https:\/\/impronte.eu\/news\/wp-content\/uploads\/2024\/10\/FOTO-premiazione-castelli-13-860x851.jpg 860w, https:\/\/impronte.eu\/news\/wp-content\/uploads\/2024\/10\/FOTO-premiazione-castelli-13.jpg 1077w\" sizes=\"auto, (max-width: 1024px) 100vw, 1024px\" \/><\/figure>\n<\/div>","protected":false},"excerpt":{"rendered":"<p>Verona &#8211; Si \u00e8 tenuta venerd\u00ec 04 Ottobre, a Verona presso la Casa Circondariale di Montorio, la cerimonia di premiazione del Premio Castelli: &nbsp;\u201cLa speranza \u00e8 un bene prezioso, una luce che accompagna e sostiene, soprattutto nei momenti pi\u00f9 difficili\u201d, afferma Paola Da Ros, Presidente Federazione Nazionale Societ\u00e0 di San Vincenzo De Paoli. \u201cE in&#8230;<\/p>\n","protected":false},"author":61,"featured_media":0,"comment_status":"open","ping_status":"open","sticky":false,"template":"","format":"standard","meta":{"footnotes":""},"categories":[63,75],"tags":[],"class_list":["post-15673","post","type-post","status-publish","format-standard","hentry","category-cultura","category-volontariato"],"_links":{"self":[{"href":"https:\/\/impronte.eu\/news\/wp-json\/wp\/v2\/posts\/15673","targetHints":{"allow":["GET"]}}],"collection":[{"href":"https:\/\/impronte.eu\/news\/wp-json\/wp\/v2\/posts"}],"about":[{"href":"https:\/\/impronte.eu\/news\/wp-json\/wp\/v2\/types\/post"}],"author":[{"embeddable":true,"href":"https:\/\/impronte.eu\/news\/wp-json\/wp\/v2\/users\/61"}],"replies":[{"embeddable":true,"href":"https:\/\/impronte.eu\/news\/wp-json\/wp\/v2\/comments?post=15673"}],"version-history":[{"count":1,"href":"https:\/\/impronte.eu\/news\/wp-json\/wp\/v2\/posts\/15673\/revisions"}],"predecessor-version":[{"id":15681,"href":"https:\/\/impronte.eu\/news\/wp-json\/wp\/v2\/posts\/15673\/revisions\/15681"}],"wp:attachment":[{"href":"https:\/\/impronte.eu\/news\/wp-json\/wp\/v2\/media?parent=15673"}],"wp:term":[{"taxonomy":"category","embeddable":true,"href":"https:\/\/impronte.eu\/news\/wp-json\/wp\/v2\/categories?post=15673"},{"taxonomy":"post_tag","embeddable":true,"href":"https:\/\/impronte.eu\/news\/wp-json\/wp\/v2\/tags?post=15673"}],"curies":[{"name":"wp","href":"https:\/\/api.w.org\/{rel}","templated":true}]}}