{"id":15682,"date":"2024-10-28T10:13:41","date_gmt":"2024-10-28T09:13:41","guid":{"rendered":"https:\/\/impronte.eu\/news\/?p=15682"},"modified":"2024-10-28T10:13:41","modified_gmt":"2024-10-28T09:13:41","slug":"premio-castelli-cerimonia-di-premiazione-del-concorso-letterario-testimonianze","status":"publish","type":"post","link":"https:\/\/impronte.eu\/news\/premio-castelli-cerimonia-di-premiazione-del-concorso-letterario-testimonianze\/","title":{"rendered":"Premio Castelli, cerimonia di premiazione del concorso letterario, testimonianze"},"content":{"rendered":"<div class=\"wp-block-image\">\n<figure class=\"aligncenter size-large\"><img loading=\"lazy\" decoding=\"async\" width=\"1024\" height=\"572\" src=\"https:\/\/impronte.eu\/news\/wp-content\/uploads\/2024\/10\/GIOVANNI-teatro-Verona-Copia-castelli-13-1024x572.jpg\" alt=\"\" class=\"wp-image-15683\" srcset=\"https:\/\/impronte.eu\/news\/wp-content\/uploads\/2024\/10\/GIOVANNI-teatro-Verona-Copia-castelli-13-1024x572.jpg 1024w, https:\/\/impronte.eu\/news\/wp-content\/uploads\/2024\/10\/GIOVANNI-teatro-Verona-Copia-castelli-13-300x168.jpg 300w, https:\/\/impronte.eu\/news\/wp-content\/uploads\/2024\/10\/GIOVANNI-teatro-Verona-Copia-castelli-13-768x429.jpg 768w, https:\/\/impronte.eu\/news\/wp-content\/uploads\/2024\/10\/GIOVANNI-teatro-Verona-Copia-castelli-13-1536x858.jpg 1536w, https:\/\/impronte.eu\/news\/wp-content\/uploads\/2024\/10\/GIOVANNI-teatro-Verona-Copia-castelli-13-2048x1144.jpg 2048w, https:\/\/impronte.eu\/news\/wp-content\/uploads\/2024\/10\/GIOVANNI-teatro-Verona-Copia-castelli-13-580x324.jpg 580w, https:\/\/impronte.eu\/news\/wp-content\/uploads\/2024\/10\/GIOVANNI-teatro-Verona-Copia-castelli-13-860x480.jpg 860w, https:\/\/impronte.eu\/news\/wp-content\/uploads\/2024\/10\/GIOVANNI-teatro-Verona-Copia-castelli-13-1160x648.jpg 1160w\" sizes=\"auto, (max-width: 1024px) 100vw, 1024px\" \/><\/figure>\n<\/div>\n\n\n<p>ROMA \u2013 11 ottobre 2024<\/p>\n\n\n\n<p>Il tempo si \u00e8 fermato per un po\u2019 nella Casa Circondariale di Montorio, a Verona, durante la <a>cerimonia di premiazione del <strong>concorso letterario <\/strong><\/a><strong>Carlo Castelli<\/strong>. Il silenzio ha accompagnato il profondo rispetto dei presenti verso chi ha messo da parte la vergogna e con dignit\u00e0 ha deciso di soffermarsi su come la vita, tra le mura del carcere, riesca a sopravvivere, a ritrovare un pizzico di gioia e a mantenere salda la speranza di un domani migliore nonostante non arresti il dolore della colpa.<\/p>\n\n\n\n<p>Tre i ristretti che hanno voluto rilasciare le loro testimonianze restituendo ai presenti la possibilit\u00e0 di entrare, anche solo per pochi minuti, in un mondo di dolore, di sofferenza, di privazione, ma anche di timore quando raccontano i momenti vissuti dopo la concessione del primo permesso, \u201c<strong><em>Ho attraversato pi\u00f9 di 10 cancelli o porte<\/em><\/strong><em>, li ho contati. Il mio cuore batteva a mille e avevo un po\u2019 di paura\u2026<\/em>\u201d, ha affermato Ndrec Laska.<\/p>\n\n\n<div class=\"wp-block-image\">\n<figure class=\"aligncenter size-large\"><img loading=\"lazy\" decoding=\"async\" width=\"1024\" height=\"710\" src=\"https:\/\/impronte.eu\/news\/wp-content\/uploads\/2024\/10\/NDREC-castelli-13--1024x710.jpg\" alt=\"\" class=\"wp-image-15684\" srcset=\"https:\/\/impronte.eu\/news\/wp-content\/uploads\/2024\/10\/NDREC-castelli-13--1024x710.jpg 1024w, https:\/\/impronte.eu\/news\/wp-content\/uploads\/2024\/10\/NDREC-castelli-13--300x208.jpg 300w, https:\/\/impronte.eu\/news\/wp-content\/uploads\/2024\/10\/NDREC-castelli-13--768x532.jpg 768w, https:\/\/impronte.eu\/news\/wp-content\/uploads\/2024\/10\/NDREC-castelli-13--1536x1065.jpg 1536w, https:\/\/impronte.eu\/news\/wp-content\/uploads\/2024\/10\/NDREC-castelli-13--2048x1420.jpg 2048w, https:\/\/impronte.eu\/news\/wp-content\/uploads\/2024\/10\/NDREC-castelli-13--580x402.jpg 580w, https:\/\/impronte.eu\/news\/wp-content\/uploads\/2024\/10\/NDREC-castelli-13--860x596.jpg 860w, https:\/\/impronte.eu\/news\/wp-content\/uploads\/2024\/10\/NDREC-castelli-13--1160x804.jpg 1160w\" sizes=\"auto, (max-width: 1024px) 100vw, 1024px\" \/><\/figure>\n<\/div>\n\n\n<p>Il mondo fuori spaventa e a stento si riesce a guardarlo: \u201c<em>Attraverso l\u2019ultima porta, salgo in macchina e passo pi\u00f9 della met\u00e0 della strada con la testa bassa, poi ho cominciato a vedere\u2026<\/em>\u201d.&nbsp;<\/p>\n\n\n\n<p>Si temono le reazioni, ritornano alla mente le sofferenze arrecate, anche ai propri cari, e prevale un forte senso di angoscia che piano piano lascia nuovamente spazio alla speranza di una vita nuova.<\/p>\n\n\n\n<p>Una vita che ritrova l\u2019opportunit\u00e0 e la possibilit\u00e0 di essere nuovamente vita tra gli spazi ristretti di un luogo da cui bisogna necessariamente trarre forza per non essere risucchiati dal lento scandire di giornate che sembrano tutte uguali. Si rischierebbe di impazzire: \u201c<em>Ho pensato che se mi lasciavo trascinare, senza fare niente, il tempo non sarebbe passato mai, <strong>sarei impazzito<\/strong>!\u201d, <\/em>ha dichiarato Gianantonio Farinelli.<\/p>\n\n\n\n<p>Cresce cos\u00ec il bisogno e la consapevolezza di trarre beneficio da un nuovo vissuto segnato dalla condizione di privazione della libert\u00e0. Sostenuti instancabilmente dal personale preposto, dai volontari, inseriti in attivit\u00e0 rieducative mirate, le persone in stato di detenzione iniziano lentamente a ritrovare se stessi, a riavvicinarsi alla propria coscienza, a mettersi alla prova, a scoprire nuovi talenti e a rispolverare quelli di un tempo: <strong>\u201c<\/strong><em>Ho avuto l&#8217;opportunit\u00e0 in questo Istituto di riprendere in mano una chitarra. Quando suono e canto le mie canzoni non mi sento in carcere e condivido il mio universo di emozioni. <strong>La musica mi ha sempre salvato nella vita<\/strong><\/em>\u201d, continua Gianantonio che, al termine del suo discorso, si \u00e8 potuto esibire suonando i brani composti negli anni di reclusione.<\/p>\n\n\n\n<figure class=\"wp-block-image size-large\"><img loading=\"lazy\" decoding=\"async\" width=\"1024\" height=\"854\" src=\"https:\/\/impronte.eu\/news\/wp-content\/uploads\/2024\/10\/ALBERTO-Carcere-Verona-castelli-13--1024x854.jpg\" alt=\"\" class=\"wp-image-15685\" srcset=\"https:\/\/impronte.eu\/news\/wp-content\/uploads\/2024\/10\/ALBERTO-Carcere-Verona-castelli-13--1024x854.jpg 1024w, https:\/\/impronte.eu\/news\/wp-content\/uploads\/2024\/10\/ALBERTO-Carcere-Verona-castelli-13--300x250.jpg 300w, https:\/\/impronte.eu\/news\/wp-content\/uploads\/2024\/10\/ALBERTO-Carcere-Verona-castelli-13--768x640.jpg 768w, https:\/\/impronte.eu\/news\/wp-content\/uploads\/2024\/10\/ALBERTO-Carcere-Verona-castelli-13--1536x1281.jpg 1536w, https:\/\/impronte.eu\/news\/wp-content\/uploads\/2024\/10\/ALBERTO-Carcere-Verona-castelli-13--2048x1708.jpg 2048w, https:\/\/impronte.eu\/news\/wp-content\/uploads\/2024\/10\/ALBERTO-Carcere-Verona-castelli-13--580x484.jpg 580w, https:\/\/impronte.eu\/news\/wp-content\/uploads\/2024\/10\/ALBERTO-Carcere-Verona-castelli-13--860x717.jpg 860w, https:\/\/impronte.eu\/news\/wp-content\/uploads\/2024\/10\/ALBERTO-Carcere-Verona-castelli-13--1160x967.jpg 1160w\" sizes=\"auto, (max-width: 1024px) 100vw, 1024px\" \/><\/figure>\n\n\n\n<p>In carcere, anche le cose pi\u00f9 semplici diventano un mezzo e un modo possibile da cui ripartire, ricominciare a camminare e a guardare la vita con speranza:<em> \u201cUn domani ci sar\u00e0 un qualcosa di buono\u201d, <\/em>ha dettoAlberto Brianti che nella sua testimonianza ha raccontato come anche la visione di un film, dietro le sbarre, ha acquisito maggiore valore e lo ha aiutato a comprendere che si possa vivere \u201c<em>Una vita senza eccessi riuscendo a nutrirsi delle cose pi\u00f9 normali &#8211; sono le cose normali che ti regalano la felicit\u00e0 &#8211; cosa che io spesso ho dimenticato per colpa della mia vita poco regolare\u2026 <strong>Solo quando guardi fuori, attraverso le sbarre, ti rendi conto di tutto quello che ti manca davvero<\/strong>\u2026\u201d.<\/em><\/p>\n\n\n\n<p>A chiusura della due giorni del <strong>Premio Carlo Castelli<\/strong>, nel Teatro Nuovo di San Michele, il racconto di Giovanni ha catturato l\u2019attenzione dei presenti. Vincitore del premio Carlo Castelli nel 2009, con il racconto \u201c<em>La storia di Frank<\/em>\u201d, Giovanni ha raccontato come sia riuscito a riavere pace e a parlare al mondo delle scuole raccomandando ai ragazzi di non delinquere.<\/p>\n\n\n\n<p>Il <strong>Premio Carlo Castelli<\/strong> \u00e8 un evento organizzato e promosso dal Settore Carcere e Devianza della Federazione Nazionale Italiana Societ\u00e0 di San Vincenzo De Paoli ODV, con il patrocinio di Camera, Senato, Ministero della Giustizia e con il riconoscimento della medaglia del <strong>Presidente della Repubblica<\/strong> Sergio Mattarella.<\/p>\n\n\n\n<p>L\u2019appuntamento coinvolge detenuti provenienti da penitenziari di tutta Italia, offrendo loro un&#8217;opportunit\u00e0 unica di esprimersi attraverso la scrittura. Ogni anno, un carcere o un Istituto Penitenziario Minorile (IPM) viene scelto come sede della cerimonia, durante la quale vengono letti e premiati i racconti selezionati da un&#8217;apposita giuria.<\/p>\n\n\n\n<p>Il tema di quest\u2019anno, intitolato \u201cPerch\u00e9? \u2013 Ti scrivo perch\u00e9 ho scoperto che c\u2019\u00e8 ancora un domani\u201d ha invitato a riflettere sul valore della speranza e sul riscatto possibile.<\/p>\n\n\n\n<p>\u201c<em>La speranza \u00e8 un bene prezioso, una luce che accompagna e sostiene, soprattutto nei momenti pi\u00f9 difficili\u201d,<\/em> afferma <strong>Paola Da Ros, Presidente Federazione Nazionale Societ\u00e0 di San Vincenzo De Paoli.<\/strong><\/p>\n\n\n<div class=\"wp-block-image\">\n<figure class=\"aligncenter size-large is-resized\"><img loading=\"lazy\" decoding=\"async\" width=\"654\" height=\"1024\" src=\"https:\/\/impronte.eu\/news\/wp-content\/uploads\/2024\/10\/Foto-Presidente-castelli-13-654x1024.jpg\" alt=\"\" class=\"wp-image-15686\" style=\"width:386px;height:auto\" srcset=\"https:\/\/impronte.eu\/news\/wp-content\/uploads\/2024\/10\/Foto-Presidente-castelli-13-654x1024.jpg 654w, https:\/\/impronte.eu\/news\/wp-content\/uploads\/2024\/10\/Foto-Presidente-castelli-13-192x300.jpg 192w, https:\/\/impronte.eu\/news\/wp-content\/uploads\/2024\/10\/Foto-Presidente-castelli-13-580x908.jpg 580w, https:\/\/impronte.eu\/news\/wp-content\/uploads\/2024\/10\/Foto-Presidente-castelli-13.jpg 681w\" sizes=\"auto, (max-width: 654px) 100vw, 654px\" \/><\/figure>\n<\/div>\n\n\n<p>\u201c<em>E in questo luogo, dove la libert\u00e0 \u00e8 limitata, il nostro desiderio \u00e8 che nessuno perda mai questa luce<\/em>\u201d e aggiunge: \u201c<em>Il Premio Carlo Castelli non si limita a offrire uno spazio di riflessione e espressione per i detenuti, ma prosegue nel tempo, <strong>grazie ai progetti di reinserimento sociale sviluppati in collaborazione con le istituzioni<\/strong>.<\/em><\/p>\n\n\n\n<p><em>Con il contributo in denaro che eroghiamo per ciascuno dei tre premi oltre alla somma che spetta al vincitore, <strong>ogni anno realizziamo tre progetti.<\/strong><\/em><\/p>\n\n\n\n<p><em>Il primo premio di questa edizione finanzier\u00e0 un importante progetto di reinserimento nel mondo del lavoro per i ristretti del carcere di Brescia che hanno finito di scontare la loro pena; il secondo aiuter\u00e0 i giovani dell\u2019Istituto per Minori di Catania, il terzo premio andr\u00e0 a favore delle attivit\u00e0 dell\u2019Ufficio Distrettuale di Esecuzione Penale Esterna di Pisa\u201d, <\/em>dichiara la Presidente Paola Da Ros.<\/p>\n","protected":false},"excerpt":{"rendered":"<p>ROMA \u2013 11 ottobre 2024 Il tempo si \u00e8 fermato per un po\u2019 nella Casa Circondariale di Montorio, a Verona, durante la cerimonia di premiazione del concorso letterario Carlo Castelli. Il silenzio ha accompagnato il profondo rispetto dei presenti verso chi ha messo da parte la vergogna e con dignit\u00e0 ha deciso di soffermarsi su&#8230;<\/p>\n","protected":false},"author":61,"featured_media":0,"comment_status":"open","ping_status":"open","sticky":false,"template":"","format":"standard","meta":{"footnotes":""},"categories":[63,75],"tags":[],"class_list":["post-15682","post","type-post","status-publish","format-standard","hentry","category-cultura","category-volontariato"],"_links":{"self":[{"href":"https:\/\/impronte.eu\/news\/wp-json\/wp\/v2\/posts\/15682","targetHints":{"allow":["GET"]}}],"collection":[{"href":"https:\/\/impronte.eu\/news\/wp-json\/wp\/v2\/posts"}],"about":[{"href":"https:\/\/impronte.eu\/news\/wp-json\/wp\/v2\/types\/post"}],"author":[{"embeddable":true,"href":"https:\/\/impronte.eu\/news\/wp-json\/wp\/v2\/users\/61"}],"replies":[{"embeddable":true,"href":"https:\/\/impronte.eu\/news\/wp-json\/wp\/v2\/comments?post=15682"}],"version-history":[{"count":1,"href":"https:\/\/impronte.eu\/news\/wp-json\/wp\/v2\/posts\/15682\/revisions"}],"predecessor-version":[{"id":15687,"href":"https:\/\/impronte.eu\/news\/wp-json\/wp\/v2\/posts\/15682\/revisions\/15687"}],"wp:attachment":[{"href":"https:\/\/impronte.eu\/news\/wp-json\/wp\/v2\/media?parent=15682"}],"wp:term":[{"taxonomy":"category","embeddable":true,"href":"https:\/\/impronte.eu\/news\/wp-json\/wp\/v2\/categories?post=15682"},{"taxonomy":"post_tag","embeddable":true,"href":"https:\/\/impronte.eu\/news\/wp-json\/wp\/v2\/tags?post=15682"}],"curies":[{"name":"wp","href":"https:\/\/api.w.org\/{rel}","templated":true}]}}