{"id":15695,"date":"2024-11-06T17:47:31","date_gmt":"2024-11-06T16:47:31","guid":{"rendered":"https:\/\/impronte.eu\/news\/?p=15695"},"modified":"2024-11-06T18:52:20","modified_gmt":"2024-11-06T17:52:20","slug":"viggo-mortensen-osannato-alla-festa-del-cinema-di-roma","status":"publish","type":"post","link":"https:\/\/impronte.eu\/news\/viggo-mortensen-osannato-alla-festa-del-cinema-di-roma\/","title":{"rendered":"Viggo Mortensen osannato alla Festa del Cinema di Roma."},"content":{"rendered":"\n<p><\/p>\n\n\n<div class=\"wp-block-image\">\n<figure class=\"aligncenter size-large\"><img loading=\"lazy\" decoding=\"async\" width=\"836\" height=\"1024\" src=\"https:\/\/impronte.eu\/news\/wp-content\/uploads\/2024\/11\/alex-de-gironimo-13-viggo-2-836x1024.jpg\" alt=\"\" class=\"wp-image-15696\" srcset=\"https:\/\/impronte.eu\/news\/wp-content\/uploads\/2024\/11\/alex-de-gironimo-13-viggo-2-836x1024.jpg 836w, https:\/\/impronte.eu\/news\/wp-content\/uploads\/2024\/11\/alex-de-gironimo-13-viggo-2-245x300.jpg 245w, https:\/\/impronte.eu\/news\/wp-content\/uploads\/2024\/11\/alex-de-gironimo-13-viggo-2-768x941.jpg 768w, https:\/\/impronte.eu\/news\/wp-content\/uploads\/2024\/11\/alex-de-gironimo-13-viggo-2-580x711.jpg 580w, https:\/\/impronte.eu\/news\/wp-content\/uploads\/2024\/11\/alex-de-gironimo-13-viggo-2-860x1054.jpg 860w, https:\/\/impronte.eu\/news\/wp-content\/uploads\/2024\/11\/alex-de-gironimo-13-viggo-2.jpg 920w\" sizes=\"auto, (max-width: 836px) 100vw, 836px\" \/><\/figure>\n<\/div>\n\n\n<p>Va certamente riconosciuta a Mortensen, oltre alla recitazione particolarmente intensa ed efficace, una spiccata capacit\u00e0 registica, soprattutto nel cogliere e sottolineare la bellezza, la luce e i colori di ci\u00f2 che riprende, in una maniera che a sua volta rimanda all&#8217;arte pittorica europea. Vivienne \u00e8 interpretata dalla bravissima attrice lussemburghese Vicky Krieps, gi\u00e0 nota per essere la protagonista femminile nel capolavoro &#8220;Il Filo Nascosto&#8221;, al fianco di Daniel Day-Lewis. Ancora una volta quindi la Krieps \u00e8 alle prese con un ruolo femminile complicato e irrisolto, che esplora i risvolti degli eventi nell&#8217;animo femminile, con soluzioni insolite e sorprendenti. Il regista inoltre ha dichiarato che il personaggio della donna forte e indipendente \u00e8 ispirato e dedicato a sua madre, attorno al quale ha poi ideato il resto del film.<\/p>\n\n\n\n<figure class=\"wp-block-image size-large\"><img loading=\"lazy\" decoding=\"async\" width=\"461\" height=\"1024\" src=\"https:\/\/impronte.eu\/news\/wp-content\/uploads\/2024\/11\/alex-de-gironimo-13-viggio-1-461x1024.jpg\" alt=\"\" class=\"wp-image-15697\" srcset=\"https:\/\/impronte.eu\/news\/wp-content\/uploads\/2024\/11\/alex-de-gironimo-13-viggio-1-461x1024.jpg 461w, https:\/\/impronte.eu\/news\/wp-content\/uploads\/2024\/11\/alex-de-gironimo-13-viggio-1-135x300.jpg 135w, https:\/\/impronte.eu\/news\/wp-content\/uploads\/2024\/11\/alex-de-gironimo-13-viggio-1-768x1707.jpg 768w, https:\/\/impronte.eu\/news\/wp-content\/uploads\/2024\/11\/alex-de-gironimo-13-viggio-1-691x1536.jpg 691w, https:\/\/impronte.eu\/news\/wp-content\/uploads\/2024\/11\/alex-de-gironimo-13-viggio-1-922x2048.jpg 922w, https:\/\/impronte.eu\/news\/wp-content\/uploads\/2024\/11\/alex-de-gironimo-13-viggio-1-580x1289.jpg 580w, https:\/\/impronte.eu\/news\/wp-content\/uploads\/2024\/11\/alex-de-gironimo-13-viggio-1-860x1911.jpg 860w, https:\/\/impronte.eu\/news\/wp-content\/uploads\/2024\/11\/alex-de-gironimo-13-viggio-1-1160x2578.jpg 1160w, https:\/\/impronte.eu\/news\/wp-content\/uploads\/2024\/11\/alex-de-gironimo-13-viggio-1-scaled.jpg 1152w\" sizes=\"auto, (max-width: 461px) 100vw, 461px\" \/><\/figure>\n\n\n\n<p>Viggo Mortensen ha ricevuto inoltre il Premio alla Carriera e in tale occasione ha rivolto alcune parole (in italiano, una delle tante lingue che conosce) all&#8217;ammirato pubblico presente, in particolare circa il fatto che nella sua vita ha imparato \u201csia dalle persone brave che da quelle cattive e anche &nbsp;da quelle brutte\u201d<a><\/a> (citazione da Sergio Leone), concludendo poi con un&#8217;azzeccatissima battuta rivolta alle sembianze capitoline della statuetta: &#8220;In bocca alla lupa!&#8221;. Durante i lunghi e appassionati applausi al termine della proiezione, Viggo Mortensen si \u00e8 anche commosso, salutando e ringraziando il pubblico per aver apprezzato un film che ha una particolare importanza per lui e adesso anche per noi.<br><br><\/p>\n","protected":false},"excerpt":{"rendered":"<p>Va certamente riconosciuta a Mortensen, oltre alla recitazione particolarmente intensa ed efficace, una spiccata capacit\u00e0 registica, soprattutto nel cogliere e sottolineare la bellezza, la luce e i colori di ci\u00f2 che riprende, in una maniera che a sua volta rimanda all&#8217;arte pittorica europea. Vivienne \u00e8 interpretata dalla bravissima attrice lussemburghese Vicky Krieps, gi\u00e0 nota per&#8230;<\/p>\n","protected":false},"author":45,"featured_media":15720,"comment_status":"open","ping_status":"open","sticky":false,"template":"","format":"standard","meta":{"footnotes":""},"categories":[70,63],"tags":[],"class_list":["post-15695","post","type-post","status-publish","format-standard","has-post-thumbnail","hentry","category-cinema","category-cultura"],"_links":{"self":[{"href":"https:\/\/impronte.eu\/news\/wp-json\/wp\/v2\/posts\/15695","targetHints":{"allow":["GET"]}}],"collection":[{"href":"https:\/\/impronte.eu\/news\/wp-json\/wp\/v2\/posts"}],"about":[{"href":"https:\/\/impronte.eu\/news\/wp-json\/wp\/v2\/types\/post"}],"author":[{"embeddable":true,"href":"https:\/\/impronte.eu\/news\/wp-json\/wp\/v2\/users\/45"}],"replies":[{"embeddable":true,"href":"https:\/\/impronte.eu\/news\/wp-json\/wp\/v2\/comments?post=15695"}],"version-history":[{"count":1,"href":"https:\/\/impronte.eu\/news\/wp-json\/wp\/v2\/posts\/15695\/revisions"}],"predecessor-version":[{"id":15698,"href":"https:\/\/impronte.eu\/news\/wp-json\/wp\/v2\/posts\/15695\/revisions\/15698"}],"wp:featuredmedia":[{"embeddable":true,"href":"https:\/\/impronte.eu\/news\/wp-json\/wp\/v2\/media\/15720"}],"wp:attachment":[{"href":"https:\/\/impronte.eu\/news\/wp-json\/wp\/v2\/media?parent=15695"}],"wp:term":[{"taxonomy":"category","embeddable":true,"href":"https:\/\/impronte.eu\/news\/wp-json\/wp\/v2\/categories?post=15695"},{"taxonomy":"post_tag","embeddable":true,"href":"https:\/\/impronte.eu\/news\/wp-json\/wp\/v2\/tags?post=15695"}],"curies":[{"name":"wp","href":"https:\/\/api.w.org\/{rel}","templated":true}]}}