{"id":15857,"date":"2024-11-26T21:06:13","date_gmt":"2024-11-26T20:06:13","guid":{"rendered":"https:\/\/impronte.eu\/news\/?p=15857"},"modified":"2024-11-26T21:08:25","modified_gmt":"2024-11-26T20:08:25","slug":"i-edizione-del-premio-santercole","status":"publish","type":"post","link":"https:\/\/impronte.eu\/news\/i-edizione-del-premio-santercole\/","title":{"rendered":"I\u00b0 edizione del Premio Santercole"},"content":{"rendered":"\n<p><\/p>\n\n\n<div class=\"wp-block-image\">\n<figure class=\"aligncenter size-large\"><img loading=\"lazy\" decoding=\"async\" width=\"893\" height=\"1024\" src=\"https:\/\/impronte.eu\/news\/wp-content\/uploads\/2024\/11\/premio-santercole-14-1-893x1024.jpg\" alt=\"\" class=\"wp-image-15860\" srcset=\"https:\/\/impronte.eu\/news\/wp-content\/uploads\/2024\/11\/premio-santercole-14-1-893x1024.jpg 893w, https:\/\/impronte.eu\/news\/wp-content\/uploads\/2024\/11\/premio-santercole-14-1-262x300.jpg 262w, https:\/\/impronte.eu\/news\/wp-content\/uploads\/2024\/11\/premio-santercole-14-1-768x881.jpg 768w, https:\/\/impronte.eu\/news\/wp-content\/uploads\/2024\/11\/premio-santercole-14-1-580x665.jpg 580w, https:\/\/impronte.eu\/news\/wp-content\/uploads\/2024\/11\/premio-santercole-14-1-860x987.jpg 860w, https:\/\/impronte.eu\/news\/wp-content\/uploads\/2024\/11\/premio-santercole-14-1.jpg 1080w\" sizes=\"auto, (max-width: 893px) 100vw, 893px\" \/><\/figure>\n<\/div>\n\n\n<p>\u00a0Il 9 Novembre all\u2019Auditorium \u201cDon Sebastiano Plutino\u201d alle ore 20,30, si \u00e8 svolta con la partecipazione dell\u2019UNICEF la prima edizione del prestigioso Premio Santercole. Mi ha accolto una sala piena in cui le emozioni erano palpabili. Un evento preparato con cura nei minimi dettagli perch\u00e9 scaturiva dal cuore, per la celebrazione di un artista che ha lasciato un segno sia nella musica che nella cinematografia ma che forse non ha avuto la fortuna che avrebbe meritato. <\/p>\n\n\n\n<figure class=\"wp-block-image size-large\"><img loading=\"lazy\" decoding=\"async\" width=\"1024\" height=\"796\" src=\"https:\/\/impronte.eu\/news\/wp-content\/uploads\/2024\/11\/premio-santercole-14-2-1024x796.jpg\" alt=\"\" class=\"wp-image-15862\" srcset=\"https:\/\/impronte.eu\/news\/wp-content\/uploads\/2024\/11\/premio-santercole-14-2-1024x796.jpg 1024w, https:\/\/impronte.eu\/news\/wp-content\/uploads\/2024\/11\/premio-santercole-14-2-300x233.jpg 300w, https:\/\/impronte.eu\/news\/wp-content\/uploads\/2024\/11\/premio-santercole-14-2-768x597.jpg 768w, https:\/\/impronte.eu\/news\/wp-content\/uploads\/2024\/11\/premio-santercole-14-2-580x451.jpg 580w, https:\/\/impronte.eu\/news\/wp-content\/uploads\/2024\/11\/premio-santercole-14-2-860x669.jpg 860w, https:\/\/impronte.eu\/news\/wp-content\/uploads\/2024\/11\/premio-santercole-14-2.jpg 1080w\" sizes=\"auto, (max-width: 1024px) 100vw, 1024px\" \/><\/figure>\n\n\n\n<p><\/p>\n\n\n\n<p>Organizzatori Mel\u00f9 Santercole, Alberto Zeppieri e Bruno Targusi. La giuria che dovr\u00e0 premiare i 7 finalisti per il brano inedito, testo, musica e interpretazione nonch\u00e9 una cover scelta tra i brani del maestro Santercole, \u00e8 stata scelta con cura tra i professionisti doc quali: Grazia Di Michele, Mita Medici, Giancarlo Nisi, Stefano Pozzovivo, Ryan Paris, Daniela Martami ed altri. Tra i premiati Lucio Avitabile, Giorgio Lenoci e Maria Francesca Pompella. La conduzione \u00e8 stata affidata all\u2019attrice e presentatrice, Francesca Ceci. I brani che gli interpreti hanno eseguito si sono susseguiti con professionalit\u00e0 e carattere. Si \u00e8 voluto dare spazio nella premiazione ai pi\u00f9 giovani ma con molta professionalit\u00e0 e talento.<\/p>\n\n\n\n<p><\/p>\n","protected":false},"excerpt":{"rendered":"<p>\u00a0Il 9 Novembre all\u2019Auditorium \u201cDon Sebastiano Plutino\u201d alle ore 20,30, si \u00e8 svolta con la partecipazione dell\u2019UNICEF la prima edizione del prestigioso Premio Santercole. Mi ha accolto una sala piena in cui le emozioni erano palpabili. Un evento preparato con cura nei minimi dettagli perch\u00e9 scaturiva dal cuore, per la celebrazione di un artista che&#8230;<\/p>\n","protected":false},"author":4,"featured_media":15858,"comment_status":"open","ping_status":"open","sticky":false,"template":"","format":"standard","meta":{"footnotes":""},"categories":[63,73],"tags":[],"class_list":["post-15857","post","type-post","status-publish","format-standard","has-post-thumbnail","hentry","category-cultura","category-musica"],"_links":{"self":[{"href":"https:\/\/impronte.eu\/news\/wp-json\/wp\/v2\/posts\/15857","targetHints":{"allow":["GET"]}}],"collection":[{"href":"https:\/\/impronte.eu\/news\/wp-json\/wp\/v2\/posts"}],"about":[{"href":"https:\/\/impronte.eu\/news\/wp-json\/wp\/v2\/types\/post"}],"author":[{"embeddable":true,"href":"https:\/\/impronte.eu\/news\/wp-json\/wp\/v2\/users\/4"}],"replies":[{"embeddable":true,"href":"https:\/\/impronte.eu\/news\/wp-json\/wp\/v2\/comments?post=15857"}],"version-history":[{"count":2,"href":"https:\/\/impronte.eu\/news\/wp-json\/wp\/v2\/posts\/15857\/revisions"}],"predecessor-version":[{"id":15863,"href":"https:\/\/impronte.eu\/news\/wp-json\/wp\/v2\/posts\/15857\/revisions\/15863"}],"wp:featuredmedia":[{"embeddable":true,"href":"https:\/\/impronte.eu\/news\/wp-json\/wp\/v2\/media\/15858"}],"wp:attachment":[{"href":"https:\/\/impronte.eu\/news\/wp-json\/wp\/v2\/media?parent=15857"}],"wp:term":[{"taxonomy":"category","embeddable":true,"href":"https:\/\/impronte.eu\/news\/wp-json\/wp\/v2\/categories?post=15857"},{"taxonomy":"post_tag","embeddable":true,"href":"https:\/\/impronte.eu\/news\/wp-json\/wp\/v2\/tags?post=15857"}],"curies":[{"name":"wp","href":"https:\/\/api.w.org\/{rel}","templated":true}]}}