{"id":15868,"date":"2024-11-26T22:40:29","date_gmt":"2024-11-26T21:40:29","guid":{"rendered":"https:\/\/impronte.eu\/news\/?p=15868"},"modified":"2024-11-26T22:40:29","modified_gmt":"2024-11-26T21:40:29","slug":"preghiera-e-riflessioni-comportamentali-per-la-pace","status":"publish","type":"post","link":"https:\/\/impronte.eu\/news\/preghiera-e-riflessioni-comportamentali-per-la-pace\/","title":{"rendered":"Preghiera e riflessioni comportamentali per la Pace"},"content":{"rendered":"<div class=\"wp-block-image\">\n<figure class=\"aligncenter size-full is-resized\"><img loading=\"lazy\" decoding=\"async\" width=\"245\" height=\"321\" src=\"https:\/\/impronte.eu\/news\/wp-content\/uploads\/2024\/11\/anna-pace-14-2.jpg\" alt=\"\" class=\"wp-image-15869\" style=\"width:262px;height:auto\" srcset=\"https:\/\/impronte.eu\/news\/wp-content\/uploads\/2024\/11\/anna-pace-14-2.jpg 245w, https:\/\/impronte.eu\/news\/wp-content\/uploads\/2024\/11\/anna-pace-14-2-229x300.jpg 229w\" sizes=\"auto, (max-width: 245px) 100vw, 245px\" \/><\/figure>\n<\/div>\n\n\n<p><strong>O Signore, Dio di pace,<\/strong><\/p>\n\n\n\n<p>Tu che hai creato l&#8217;universo intero con un amore infinito, guarda con compassione il nostro mondo ferito. Senti le grida dei bambini orfani, le lacrime delle madri, i gemiti dei feriti. La violenza e l&#8217;odio hanno seminato distruzione e paura nei cuori degli uomini.<\/p>\n\n\n\n<p><strong>Ti supplichiamo, Padre misericordioso,<\/strong><\/p>\n\n\n\n<p>Versa il tuo Spirito Santo sui governanti delle nazioni, affinch\u00e9 prendano decisioni sagge e ispirino la cooperazione tra i popoli. Tocca i cuori dei combattenti, affinch\u00e9 depongano le armi e scelgano la via del dialogo. Illumina le menti degli scienziati, affinch\u00e9 le loro scoperte siano usate per il bene comune e non per la distruzione.<\/p>\n\n\n\n<p><strong>Donaci, o Dio,<\/strong><\/p>\n\n\n<div class=\"wp-block-image\">\n<figure class=\"aligncenter size-full\"><img loading=\"lazy\" decoding=\"async\" width=\"478\" height=\"720\" src=\"https:\/\/impronte.eu\/news\/wp-content\/uploads\/2024\/11\/anna-pace-14-1.jpg\" alt=\"\" class=\"wp-image-15871\" srcset=\"https:\/\/impronte.eu\/news\/wp-content\/uploads\/2024\/11\/anna-pace-14-1.jpg 478w, https:\/\/impronte.eu\/news\/wp-content\/uploads\/2024\/11\/anna-pace-14-1-199x300.jpg 199w\" sizes=\"auto, (max-width: 478px) 100vw, 478px\" \/><\/figure>\n<\/div>\n\n\n<p>La forza di perdonare chi ci ha offeso, la capacit\u00e0 di amare i nostri nemici e il coraggio di costruire un mondo migliore per le generazioni future. Fa&#8217; che la pace, frutto della giustizia e della carit\u00e0, regni in ogni cuore e in ogni angolo della terra.<\/p>\n\n\n\n<p><strong>Madre di Dio, Regina della pace,<\/strong><\/p>\n\n\n\n<p>Intercedi per noi presso tuo Figlio. Con la tua materna tenerezza, placa le tempeste che agitano il nostro mondo e guidaci verso un futuro di serenit\u00e0 e di prosperit\u00e0.<\/p>\n\n\n\n<p><strong>Amen.<\/strong><\/p>\n\n\n\n<p><strong>Suggerimenti per promuovere la Pace nel tuo quotidiano:<\/strong><\/p>\n\n\n\n<figure class=\"wp-block-image size-full\"><img loading=\"lazy\" decoding=\"async\" width=\"346\" height=\"227\" src=\"https:\/\/impronte.eu\/news\/wp-content\/uploads\/2024\/11\/anna-pace-14-3.jpg\" alt=\"\" class=\"wp-image-15872\" srcset=\"https:\/\/impronte.eu\/news\/wp-content\/uploads\/2024\/11\/anna-pace-14-3.jpg 346w, https:\/\/impronte.eu\/news\/wp-content\/uploads\/2024\/11\/anna-pace-14-3-300x197.jpg 300w\" sizes=\"auto, (max-width: 346px) 100vw, 346px\" \/><\/figure>\n\n\n\n<ul class=\"wp-block-list\">\n<li><strong>Coltivare l&#8217;empatia:<\/strong> Mettersi nei panni degli altri, cercare di comprendere i loro punti di vista e le loro emozioni. Questo aiuter\u00e0 a costruire relazioni pi\u00f9 profonde e a gestire i conflitti in modo pi\u00f9 costruttivo.<\/li>\n\n\n\n<li><strong>Comunicazione non violenta:<\/strong> Esprimere i propri pensieri e le preoccupazioni in modo chiaro e rispettoso. Ascoltare attentamente le opinioni degli altri, cercando punti in comune e soluzioni condivise.<\/li>\n\n\n\n<li><strong>Risoluzione pacifica dei conflitti:<\/strong> Quando sorgono divergenze, cercare di trovare una soluzione che soddisfi tutti i coinvolti. Evitare di alimentare l&#8217;ostilit\u00e0 e cerca di mediare tra le diverse posizioni.<\/li>\n\n\n\n<li><strong>Promuovere la giustizia sociale:<\/strong> Impegnarsi per un mondo pi\u00f9 equo e inclusivo, sostenendo le cause che promuovono i diritti umani e la dignit\u00e0 di ogni individuo.<\/li>\n\n\n\n<li><strong>Essere un modello di pace:<\/strong> Il nostro comportamento influenza le persone che ci circondano. Essere un esempio di gentilezza, tolleranza e rispetto per gli altri.<\/li>\n\n\n\n<li><strong>Condividere la propria visione di pace:<\/strong> Parlare con gli amici, familiari e colleghi della propria convinzione che un mondo migliore sia possibile. Incoraggiare gli altri a impegnarsi per la pace.<\/li>\n<\/ul>\n\n\n\n<p><strong>Piccoli gesti, grandi cambiamenti:<\/strong><\/p>\n\n\n\n<p>Ricordare che ogni gesto di gentilezza, ogni parola di conforto, ogni azione di solidariet\u00e0 contribuisce a creare un clima di pace e armonia. Non sottovalutare il potere delle piccole azioni quotidiane.<\/p>\n\n\n\n<figure class=\"wp-block-image size-full\"><img loading=\"lazy\" decoding=\"async\" width=\"411\" height=\"720\" src=\"https:\/\/impronte.eu\/news\/wp-content\/uploads\/2024\/11\/anna-pace-14-4.jpg.png\" alt=\"\" class=\"wp-image-15873\" srcset=\"https:\/\/impronte.eu\/news\/wp-content\/uploads\/2024\/11\/anna-pace-14-4.jpg.png 411w, https:\/\/impronte.eu\/news\/wp-content\/uploads\/2024\/11\/anna-pace-14-4.jpg-171x300.png 171w\" sizes=\"auto, (max-width: 411px) 100vw, 411px\" \/><\/figure>\n","protected":false},"excerpt":{"rendered":"<p>O Signore, Dio di pace, Tu che hai creato l&#8217;universo intero con un amore infinito, guarda con compassione il nostro mondo ferito. Senti le grida dei bambini orfani, le lacrime delle madri, i gemiti dei feriti. La violenza e l&#8217;odio hanno seminato distruzione e paura nei cuori degli uomini. Ti supplichiamo, Padre misericordioso, Versa il&#8230;<\/p>\n","protected":false},"author":30,"featured_media":15870,"comment_status":"open","ping_status":"open","sticky":false,"template":"","format":"standard","meta":{"footnotes":""},"categories":[63,72],"tags":[],"class_list":["post-15868","post","type-post","status-publish","format-standard","has-post-thumbnail","hentry","category-cultura","category-fede"],"_links":{"self":[{"href":"https:\/\/impronte.eu\/news\/wp-json\/wp\/v2\/posts\/15868","targetHints":{"allow":["GET"]}}],"collection":[{"href":"https:\/\/impronte.eu\/news\/wp-json\/wp\/v2\/posts"}],"about":[{"href":"https:\/\/impronte.eu\/news\/wp-json\/wp\/v2\/types\/post"}],"author":[{"embeddable":true,"href":"https:\/\/impronte.eu\/news\/wp-json\/wp\/v2\/users\/30"}],"replies":[{"embeddable":true,"href":"https:\/\/impronte.eu\/news\/wp-json\/wp\/v2\/comments?post=15868"}],"version-history":[{"count":1,"href":"https:\/\/impronte.eu\/news\/wp-json\/wp\/v2\/posts\/15868\/revisions"}],"predecessor-version":[{"id":15874,"href":"https:\/\/impronte.eu\/news\/wp-json\/wp\/v2\/posts\/15868\/revisions\/15874"}],"wp:featuredmedia":[{"embeddable":true,"href":"https:\/\/impronte.eu\/news\/wp-json\/wp\/v2\/media\/15870"}],"wp:attachment":[{"href":"https:\/\/impronte.eu\/news\/wp-json\/wp\/v2\/media?parent=15868"}],"wp:term":[{"taxonomy":"category","embeddable":true,"href":"https:\/\/impronte.eu\/news\/wp-json\/wp\/v2\/categories?post=15868"},{"taxonomy":"post_tag","embeddable":true,"href":"https:\/\/impronte.eu\/news\/wp-json\/wp\/v2\/tags?post=15868"}],"curies":[{"name":"wp","href":"https:\/\/api.w.org\/{rel}","templated":true}]}}