{"id":15937,"date":"2025-01-09T11:08:12","date_gmt":"2025-01-09T10:08:12","guid":{"rendered":"https:\/\/impronte.eu\/news\/?p=15937"},"modified":"2025-01-09T11:08:13","modified_gmt":"2025-01-09T10:08:13","slug":"federazione-nazionale-italiana-societa-di-san-vincenzo-de-paoli-odv","status":"publish","type":"post","link":"https:\/\/impronte.eu\/news\/federazione-nazionale-italiana-societa-di-san-vincenzo-de-paoli-odv\/","title":{"rendered":"FEDERAZIONE NAZIONALE ITALIANA SOCIET\u00c0 DI SAN VINCENZO DE PAOLI ODV."},"content":{"rendered":"\n<p>\u00a0<strong>Settore Carcere e Devianza<\/strong>, <strong>Premio letterario \u201cCarlo Castelli\u201d XVIII edizione<\/strong>,<strong> bando di concorso<\/strong>, <strong><em>riservato ai detenuti delle carceri italiane e istituti penali minorili<\/em><\/strong>.<\/p>\n\n\n\n<figure class=\"wp-block-image size-large\"><img loading=\"lazy\" decoding=\"async\" width=\"1024\" height=\"683\" src=\"https:\/\/impronte.eu\/news\/wp-content\/uploads\/2025\/01\/GINOTTA-BANDO-16-1-1024x683.jpg\" alt=\"\" class=\"wp-image-15938\" srcset=\"https:\/\/impronte.eu\/news\/wp-content\/uploads\/2025\/01\/GINOTTA-BANDO-16-1-1024x683.jpg 1024w, https:\/\/impronte.eu\/news\/wp-content\/uploads\/2025\/01\/GINOTTA-BANDO-16-1-300x200.jpg 300w, https:\/\/impronte.eu\/news\/wp-content\/uploads\/2025\/01\/GINOTTA-BANDO-16-1-768x512.jpg 768w, https:\/\/impronte.eu\/news\/wp-content\/uploads\/2025\/01\/GINOTTA-BANDO-16-1-1536x1024.jpg 1536w, https:\/\/impronte.eu\/news\/wp-content\/uploads\/2025\/01\/GINOTTA-BANDO-16-1-2048x1365.jpg 2048w, https:\/\/impronte.eu\/news\/wp-content\/uploads\/2025\/01\/GINOTTA-BANDO-16-1-580x387.jpg 580w, https:\/\/impronte.eu\/news\/wp-content\/uploads\/2025\/01\/GINOTTA-BANDO-16-1-860x573.jpg 860w, https:\/\/impronte.eu\/news\/wp-content\/uploads\/2025\/01\/GINOTTA-BANDO-16-1-1160x773.jpg 1160w\" sizes=\"auto, (max-width: 1024px) 100vw, 1024px\" \/><\/figure>\n\n\n\n<p><strong>REGOLAMENTO E NORME DI PARTECIPAZIONE<\/strong><\/p>\n\n\n\n<p><strong>Finalit\u00e0<\/strong><\/p>\n\n\n\n<p>Il Premio letterario \u201cCarlo Castelli\u201d vuole dare concreta espressione al dettato dell\u2019art. 27 della nostra Costituzione, secondo il quale la pena deve tendere alla rieducazione del condannato. Tramite la scrittura il detenuto \u00e8 sollecitato a dare voce ai propri sentimenti, alle proprie riflessioni sul \u201cprima &#8211; durante \u2013 dopo\u201d e coinvolgere la societ\u00e0 civile con eventi di sensibilizzazione sul mondo carcerario.<\/p>\n\n\n\n<p><strong>Oggetto del Concorso<\/strong><\/p>\n\n\n\n<p>La Federazione Nazionale bandisce ogni anno un Concorso per opere inedite. Il tema prescelto per l\u2019edizione 2025 \u00e8 il seguente:<\/p>\n\n\n\n<p><strong>\u201cMi specchio e (non) mi riconosco: non sono e non sar\u00f2 il mio reato\u201d<\/strong><\/p>\n\n\n\n<p><em>Mi specchio e (non) mi riconosco: non sono e non sar\u00f2 il mio reato invita a distinguere la persona detenuta dal reato commesso, aprendo alla speranza di cambiamento e reintegrazione. Un titolo che parla di coscienza, miglioramento e umanit\u00e0: perch\u00e9 ogni persona merita un futuro, dentro o fuori dal carcere.<\/em><\/p>\n\n\n\n<p><strong>Destinatari del Concorso<\/strong><\/p>\n\n\n\n<p>Il Concorso \u00e8 riservato ai detenuti degli Istituti penitenziari e IPM italiani, sia provenienti da Case Circondariali sia di Reclusione. La partecipazione \u00e8 aperta a cittadini comunitari ed extracomunitari, senza limiti di et\u00e0, condannati almeno con sentenza di primo grado.<\/p>\n\n\n\n<p><strong>Sezioni del Concorso<\/strong><\/p>\n\n\n\n<p>Il Premio si articola nelle seguenti sezioni: narrativa (saggio breve, racconto, lettera, riflessione), scrittura autobiografica (testo autoriflessivo e introspettivo), poesia, opere multimediali (CD-rom\/DVD) realizzate in carcere.<\/p>\n\n\n\n<p>Per le prime due sezioni ogni componimento dovr\u00e0 contenere un massimo di 9.000 battute equivalenti a 5 cartelle dattiloscritte (1.800 battute a cartella, 30 righe da 60 battute ciascuna) o 5 pagine numerate A4 scritte a mano su un solo lato, per la terza sezione massimo 40 versi e per la quarta massimo 15 minuti. La lingua richiesta \u00e8 quella italiana.<\/p>\n\n\n\n<p><strong>Modalit\u00e0 di partecipazione<\/strong><\/p>\n\n\n\n<p>I concorrenti sono tenuti a presentare un testo con titolo diverso rispetto al tema proposto dal bando, che sia leggibile, possibilmente scritto su supporto informatico o su foglio A4. Gli elaborati dovranno essere inediti, originali, non firmati e privi di qualsiasi riferimento che possa permettere di risalire all\u2019autore. Obbligatoria la compilazione della \u201cscheda di partecipazione\u201d contenente i dati identificativi dell\u2019autore unitamente al consenso al trattamento dei dati personali (art. 9 reg. UE n 2016\/679) sottoscritto (che si allega al regolamento). \u00c8 possibile indicare uno pseudonimo da utilizzare per eventuale pubblicazione. Le opere presentate non devono ledere in alcun modo diritti d\u2019autore di terzi. La partecipazione al premio comporta l\u2019accettazione di tutte le norme del presente regolamento.<\/p>\n\n\n\n<p><strong>Termini di partecipazione e spedizione elaborati<\/strong><\/p>\n\n\n\n<p><strong>Il termine <\/strong>di scadenza per la spedizione dell\u2019elaborato <strong>\u00e8 il 15 aprile 2025. <\/strong>La spedizione dovr\u00e0 avvenire in busta chiusa con la \u201cscheda di partecipazione\u201d allegata al seguente indirizzo: Federazione Nazionale Italiana Societ\u00e0 di San Vincenzo De Paoli ODV- Premio Carlo Castelli \u2013 Via della Pigna 13 \/A 00186 Roma; oppure via email, o wetransfer, con la \u201cscheda di partecipazione\u201d allegata al seguente indirizzo di posta elettronica: <strong>\u201c<\/strong>nazionale@sanvincenzoitalia.it\u201d. Le copie degli elaborati pervenuti non saranno restituite. La Federazione Nazionale non risponde della mancata ricezione dei testi.<\/p>\n\n\n\n<p><strong>Esclusioni<\/strong><\/p>\n\n\n\n<p>Le opere pervenute alla Federazione Nazionale in modo difforme anche parzialmente a quanto richiesto nel presente regolamento saranno escluse. I vincitori di premi in denaro delle precedenti edizioni non potranno ricevere ulteriori premi in denaro.<\/p>\n\n\n\n<p>I premi sono cos\u00ec ripartiti:<\/p>\n\n\n\n<ul class=\"wp-block-list\">\n<li><strong>due premi da identificarsi negli elaborati pervenuti da Case Circondariali e di Reclusione per adulti <\/strong>pari per entrambi a \u20ac.1.000,00;<\/li>\n\n\n\n<li><strong>un premio da identificarsi negli elaborati pervenuti da Istituti Penali Minorili <\/strong>pari a \u20ac.1.000,00.<\/li>\n<\/ul>\n\n\n\n<p>A ciascun premio verr\u00e0 abbinata una donazione di \u20ac.1.000,00 destinata alle seguenti iniziative:<\/p>\n\n\n\n<ul class=\"wp-block-list\">\n<li>un progetto in atto o in fase di definizione presso un Istituto penitenziario italiano,<\/li>\n\n\n\n<li>un progetto in atto o in fase di definizione presso Ufficio di esecuzione penale esterna (UEPE),<\/li>\n\n\n\n<li>un progetto in atto o in fase di definizione presso un Istituto penale minorile italiano.<\/li>\n\n\n\n<li><strong>Attestato di merito ad altri dieci elaborati <\/strong>indicati dalla Giuria.<\/li>\n<\/ul>\n\n\n\n<p>Gli elaborati saranno valutati a giudizio insindacabile della Giuria composta da membri del mondo della cultura e di quello penitenziario. I 13 elaborati selezionati potranno essere pubblicati a cura degli organizzatori, come pure le opere multimediali prescelte.<\/p>\n\n\n\n<p>Ai vincitori e segnalati sar\u00e0 data tempestiva comunicazione scritta, con la possibilit\u00e0 di partecipare alla premiazione, che avverr\u00e0 entro ottobre 2025 nelle modalit\u00e0 consentite.<\/p>\n","protected":false},"excerpt":{"rendered":"<p>\u00a0Settore Carcere e Devianza, Premio letterario \u201cCarlo Castelli\u201d XVIII edizione, bando di concorso, riservato ai detenuti delle carceri italiane e istituti penali minorili. REGOLAMENTO E NORME DI PARTECIPAZIONE Finalit\u00e0 Il Premio letterario \u201cCarlo Castelli\u201d vuole dare concreta espressione al dettato dell\u2019art. 27 della nostra Costituzione, secondo il quale la pena deve tendere alla rieducazione del&#8230;<\/p>\n","protected":false},"author":48,"featured_media":0,"comment_status":"open","ping_status":"open","sticky":false,"template":"","format":"standard","meta":{"footnotes":""},"categories":[63,75],"tags":[],"class_list":["post-15937","post","type-post","status-publish","format-standard","hentry","category-cultura","category-volontariato"],"_links":{"self":[{"href":"https:\/\/impronte.eu\/news\/wp-json\/wp\/v2\/posts\/15937","targetHints":{"allow":["GET"]}}],"collection":[{"href":"https:\/\/impronte.eu\/news\/wp-json\/wp\/v2\/posts"}],"about":[{"href":"https:\/\/impronte.eu\/news\/wp-json\/wp\/v2\/types\/post"}],"author":[{"embeddable":true,"href":"https:\/\/impronte.eu\/news\/wp-json\/wp\/v2\/users\/48"}],"replies":[{"embeddable":true,"href":"https:\/\/impronte.eu\/news\/wp-json\/wp\/v2\/comments?post=15937"}],"version-history":[{"count":1,"href":"https:\/\/impronte.eu\/news\/wp-json\/wp\/v2\/posts\/15937\/revisions"}],"predecessor-version":[{"id":15939,"href":"https:\/\/impronte.eu\/news\/wp-json\/wp\/v2\/posts\/15937\/revisions\/15939"}],"wp:attachment":[{"href":"https:\/\/impronte.eu\/news\/wp-json\/wp\/v2\/media?parent=15937"}],"wp:term":[{"taxonomy":"category","embeddable":true,"href":"https:\/\/impronte.eu\/news\/wp-json\/wp\/v2\/categories?post=15937"},{"taxonomy":"post_tag","embeddable":true,"href":"https:\/\/impronte.eu\/news\/wp-json\/wp\/v2\/tags?post=15937"}],"curies":[{"name":"wp","href":"https:\/\/api.w.org\/{rel}","templated":true}]}}