{"id":16261,"date":"2025-03-19T15:53:20","date_gmt":"2025-03-19T14:53:20","guid":{"rendered":"https:\/\/impronte.eu\/news\/?p=16261"},"modified":"2025-03-19T15:53:20","modified_gmt":"2025-03-19T14:53:20","slug":"san-basilio-periferia-nord-est-di-roma-un-quartiere-ricco-di-storia-e-contraddizioni-la-cui-evoluzione-urbanistica-e-sociale-riflette-le-trasformazioni-della-capitale-nel-corso-del-xx-secolo","status":"publish","type":"post","link":"https:\/\/impronte.eu\/news\/san-basilio-periferia-nord-est-di-roma-un-quartiere-ricco-di-storia-e-contraddizioni-la-cui-evoluzione-urbanistica-e-sociale-riflette-le-trasformazioni-della-capitale-nel-corso-del-xx-secolo\/","title":{"rendered":"San Basilio, periferia nord est di Roma, un quartiere ricco di storia e contraddizioni, la cui evoluzione urbanistica e sociale riflette le trasformazioni della Capitale nel corso del XX secolo."},"content":{"rendered":"\n<p><strong>Storia e origini<\/strong><\/p>\n\n\n<div class=\"wp-block-image\">\n<figure class=\"aligncenter size-large\"><img loading=\"lazy\" decoding=\"async\" width=\"725\" height=\"1024\" src=\"https:\/\/impronte.eu\/news\/wp-content\/uploads\/2025\/03\/BENIGNO-19-S-BASILIO-3-725x1024.jpg\" alt=\"\" class=\"wp-image-16262\" srcset=\"https:\/\/impronte.eu\/news\/wp-content\/uploads\/2025\/03\/BENIGNO-19-S-BASILIO-3-725x1024.jpg 725w, https:\/\/impronte.eu\/news\/wp-content\/uploads\/2025\/03\/BENIGNO-19-S-BASILIO-3-212x300.jpg 212w, https:\/\/impronte.eu\/news\/wp-content\/uploads\/2025\/03\/BENIGNO-19-S-BASILIO-3-768x1084.jpg 768w, https:\/\/impronte.eu\/news\/wp-content\/uploads\/2025\/03\/BENIGNO-19-S-BASILIO-3-580x819.jpg 580w, https:\/\/impronte.eu\/news\/wp-content\/uploads\/2025\/03\/BENIGNO-19-S-BASILIO-3-860x1214.jpg 860w, https:\/\/impronte.eu\/news\/wp-content\/uploads\/2025\/03\/BENIGNO-19-S-BASILIO-3.jpg 927w\" sizes=\"auto, (max-width: 725px) 100vw, 725px\" \/><\/figure>\n<\/div>\n\n\n<ul class=\"wp-block-list\">\n<li><strong>Anni &#8217;30-&#8217;40<\/strong>:\n<ul class=\"wp-block-list\">\n<li>Le origini del quartiere romano di San Basilio risalgono agli anni &#8217;30, quando il regime fascista, nell&#8217;ambito dei piani di risanamento del centro storico, destin\u00f2 l&#8217;area ad accogliere gli sfollati.<\/li>\n\n\n\n<li>Le prime abitazioni, costruite con materiali poveri come la carpilite, diedero vita a una borgata caratterizzata da un&#8217;urbanistica precaria e da forti disagi sociali.<\/li>\n\n\n\n<li>In questo periodo, le costruzioni formavano, viste dall&#8217;alto, la parola &#8220;Dux&#8221;.<\/li>\n<\/ul>\n<\/li>\n\n\n\n<li><strong>Dopoguerra e boom economico<\/strong>:<\/li>\n\n\n\n<li><strong>Anni recenti<\/strong>:\n<ul class=\"wp-block-list\">\n<li>Negli ultimi decenni, San Basilio ha intrapreso un percorso di riqualificazione, con interventi volti a migliorare la qualit\u00e0 della vita e a contrastare il degrado.<\/li>\n\n\n\n<li>Sono stati sviluppati progetti per coinvolgere i giovani del quartiere, per valorizzarne la storia e per creare una maggiore coesione sociale.<\/li>\n\n\n\n<li>Permangono tuttavia sfide legate alla marginalit\u00e0 sociale, alla disoccupazione e alla criminalit\u00e0.<\/li>\n<\/ul>\n<\/li>\n<\/ul>\n\n\n<div class=\"wp-block-image\">\n<figure class=\"aligncenter size-large\"><img loading=\"lazy\" decoding=\"async\" width=\"1024\" height=\"768\" src=\"https:\/\/impronte.eu\/news\/wp-content\/uploads\/2025\/03\/BENIGNO-19-S-BASILIO-1-1024x768.jpg\" alt=\"\" class=\"wp-image-16263\" srcset=\"https:\/\/impronte.eu\/news\/wp-content\/uploads\/2025\/03\/BENIGNO-19-S-BASILIO-1-1024x768.jpg 1024w, https:\/\/impronte.eu\/news\/wp-content\/uploads\/2025\/03\/BENIGNO-19-S-BASILIO-1-300x225.jpg 300w, https:\/\/impronte.eu\/news\/wp-content\/uploads\/2025\/03\/BENIGNO-19-S-BASILIO-1-768x576.jpg 768w, https:\/\/impronte.eu\/news\/wp-content\/uploads\/2025\/03\/BENIGNO-19-S-BASILIO-1-1536x1152.jpg 1536w, https:\/\/impronte.eu\/news\/wp-content\/uploads\/2025\/03\/BENIGNO-19-S-BASILIO-1-580x435.jpg 580w, https:\/\/impronte.eu\/news\/wp-content\/uploads\/2025\/03\/BENIGNO-19-S-BASILIO-1-860x645.jpg 860w, https:\/\/impronte.eu\/news\/wp-content\/uploads\/2025\/03\/BENIGNO-19-S-BASILIO-1-1160x870.jpg 1160w, https:\/\/impronte.eu\/news\/wp-content\/uploads\/2025\/03\/BENIGNO-19-S-BASILIO-1.jpg 2016w\" sizes=\"auto, (max-width: 1024px) 100vw, 1024px\" \/><\/figure>\n<\/div>\n\n\n<p><strong>Curiosit\u00e0 e caratteristiche<\/strong><\/p>\n\n\n\n<ul class=\"wp-block-list\">\n<li>San Basilio \u00e8 noto per la sua forte identit\u00e0 popolare e per il senso di appartenenza dei suoi abitanti.<\/li>\n\n\n\n<li>Il quartiere ha una storia di lotte sociali e di rivendicazioni per il diritto alla casa e ai servizi essenziali.<\/li>\n\n\n\n<li>La presenza di spazi verdi e di aree agricole ai margini del quartiere contribuisce a preservare un legame con la campagna circostante.<\/li>\n\n\n\n<li>Il quartiere \u00e8 anche noto per essere stato luogo di fatti di cronaca avvenuti nel corso degli anni.<\/li>\n<\/ul>\n\n\n<div class=\"wp-block-image\">\n<figure class=\"aligncenter size-large\"><img loading=\"lazy\" decoding=\"async\" width=\"890\" height=\"1024\" src=\"https:\/\/impronte.eu\/news\/wp-content\/uploads\/2025\/03\/BENIGNO-19-S-BASILIO-4-890x1024.jpg\" alt=\"\" class=\"wp-image-16264\" srcset=\"https:\/\/impronte.eu\/news\/wp-content\/uploads\/2025\/03\/BENIGNO-19-S-BASILIO-4-890x1024.jpg 890w, https:\/\/impronte.eu\/news\/wp-content\/uploads\/2025\/03\/BENIGNO-19-S-BASILIO-4-261x300.jpg 261w, https:\/\/impronte.eu\/news\/wp-content\/uploads\/2025\/03\/BENIGNO-19-S-BASILIO-4-768x883.jpg 768w, https:\/\/impronte.eu\/news\/wp-content\/uploads\/2025\/03\/BENIGNO-19-S-BASILIO-4-1335x1536.jpg 1335w, https:\/\/impronte.eu\/news\/wp-content\/uploads\/2025\/03\/BENIGNO-19-S-BASILIO-4-580x667.jpg 580w, https:\/\/impronte.eu\/news\/wp-content\/uploads\/2025\/03\/BENIGNO-19-S-BASILIO-4-860x989.jpg 860w, https:\/\/impronte.eu\/news\/wp-content\/uploads\/2025\/03\/BENIGNO-19-S-BASILIO-4-1160x1334.jpg 1160w, https:\/\/impronte.eu\/news\/wp-content\/uploads\/2025\/03\/BENIGNO-19-S-BASILIO-4.jpg 1370w\" sizes=\"auto, (max-width: 890px) 100vw, 890px\" \/><\/figure>\n<\/div>\n\n\n<p><strong>Evoluzione attuale<\/strong><\/p>\n\n\n\n<ul class=\"wp-block-list\">\n<li>Oggi, San Basilio \u00e8 un quartiere in trasformazione, che cerca di superare le difficolt\u00e0 del passato e di costruire un futuro pi\u00f9 vivibile.<\/li>\n\n\n\n<li>La riqualificazione urbana, la promozione della cultura e dello sport, e il sostegno alle iniziative sociali sono alcune delle leve su cui si punta per migliorare la qualit\u00e0 della vita.<\/li>\n\n\n\n<li>La partecipazione attiva dei cittadini e la collaborazione tra istituzioni e associazioni locali sono fondamentali per il futuro del quartiere.<\/li>\n<\/ul>\n\n\n<div class=\"wp-block-image\">\n<figure class=\"aligncenter size-large\"><img loading=\"lazy\" decoding=\"async\" width=\"1024\" height=\"706\" src=\"https:\/\/impronte.eu\/news\/wp-content\/uploads\/2025\/03\/BENIGNO-19-S-BASILIO-5-1024x706.jpg\" alt=\"\" class=\"wp-image-16265\" srcset=\"https:\/\/impronte.eu\/news\/wp-content\/uploads\/2025\/03\/BENIGNO-19-S-BASILIO-5-1024x706.jpg 1024w, https:\/\/impronte.eu\/news\/wp-content\/uploads\/2025\/03\/BENIGNO-19-S-BASILIO-5-300x207.jpg 300w, https:\/\/impronte.eu\/news\/wp-content\/uploads\/2025\/03\/BENIGNO-19-S-BASILIO-5-768x529.jpg 768w, https:\/\/impronte.eu\/news\/wp-content\/uploads\/2025\/03\/BENIGNO-19-S-BASILIO-5-1536x1058.jpg 1536w, https:\/\/impronte.eu\/news\/wp-content\/uploads\/2025\/03\/BENIGNO-19-S-BASILIO-5-580x400.jpg 580w, https:\/\/impronte.eu\/news\/wp-content\/uploads\/2025\/03\/BENIGNO-19-S-BASILIO-5-860x593.jpg 860w, https:\/\/impronte.eu\/news\/wp-content\/uploads\/2025\/03\/BENIGNO-19-S-BASILIO-5-1160x799.jpg 1160w, https:\/\/impronte.eu\/news\/wp-content\/uploads\/2025\/03\/BENIGNO-19-S-BASILIO-5.jpg 1618w\" sizes=\"auto, (max-width: 1024px) 100vw, 1024px\" \/><\/figure>\n<\/div>\n\n\n<p>San Basilio rappresenta un esempio emblematico delle dinamiche che hanno caratterizzato lo sviluppo delle periferie romane, con le loro luci e ombre. La sua storia ci ricorda l&#8217;importanza di investire nella riqualificazione urbana e sociale, per garantire a tutti i cittadini pari opportunit\u00e0 e una vita dignitosa.<\/p>\n","protected":false},"excerpt":{"rendered":"<p>Storia e origini Curiosit\u00e0 e caratteristiche Evoluzione attuale San Basilio rappresenta un esempio emblematico delle dinamiche che hanno caratterizzato lo sviluppo delle periferie romane, con le loro luci e ombre. La sua storia ci ricorda l&#8217;importanza di investire nella riqualificazione urbana e sociale, per garantire a tutti i cittadini pari opportunit\u00e0 e una vita dignitosa.<\/p>\n","protected":false},"author":9,"featured_media":0,"comment_status":"open","ping_status":"open","sticky":false,"template":"","format":"standard","meta":{"footnotes":""},"categories":[63,75],"tags":[],"class_list":["post-16261","post","type-post","status-publish","format-standard","hentry","category-cultura","category-volontariato"],"_links":{"self":[{"href":"https:\/\/impronte.eu\/news\/wp-json\/wp\/v2\/posts\/16261","targetHints":{"allow":["GET"]}}],"collection":[{"href":"https:\/\/impronte.eu\/news\/wp-json\/wp\/v2\/posts"}],"about":[{"href":"https:\/\/impronte.eu\/news\/wp-json\/wp\/v2\/types\/post"}],"author":[{"embeddable":true,"href":"https:\/\/impronte.eu\/news\/wp-json\/wp\/v2\/users\/9"}],"replies":[{"embeddable":true,"href":"https:\/\/impronte.eu\/news\/wp-json\/wp\/v2\/comments?post=16261"}],"version-history":[{"count":1,"href":"https:\/\/impronte.eu\/news\/wp-json\/wp\/v2\/posts\/16261\/revisions"}],"predecessor-version":[{"id":16266,"href":"https:\/\/impronte.eu\/news\/wp-json\/wp\/v2\/posts\/16261\/revisions\/16266"}],"wp:attachment":[{"href":"https:\/\/impronte.eu\/news\/wp-json\/wp\/v2\/media?parent=16261"}],"wp:term":[{"taxonomy":"category","embeddable":true,"href":"https:\/\/impronte.eu\/news\/wp-json\/wp\/v2\/categories?post=16261"},{"taxonomy":"post_tag","embeddable":true,"href":"https:\/\/impronte.eu\/news\/wp-json\/wp\/v2\/tags?post=16261"}],"curies":[{"name":"wp","href":"https:\/\/api.w.org\/{rel}","templated":true}]}}