{"id":16325,"date":"2025-04-01T20:16:17","date_gmt":"2025-04-01T19:16:17","guid":{"rendered":"https:\/\/impronte.eu\/news\/?p=16325"},"modified":"2025-04-01T20:16:17","modified_gmt":"2025-04-01T19:16:17","slug":"assemblea-interregionale-piemonte-valle-daosta-della-societa-di-san-vincenzo-de-paoli-un-appuntamento-imperdibile-per-il-volontariato","status":"publish","type":"post","link":"https:\/\/impronte.eu\/news\/assemblea-interregionale-piemonte-valle-daosta-della-societa-di-san-vincenzo-de-paoli-un-appuntamento-imperdibile-per-il-volontariato\/","title":{"rendered":"Assemblea Interregionale Piemonte Valle d\u2019Aosta della Societ\u00e0 di San Vincenzo De Paoli: un appuntamento imperdibile per il Volontariato."},"content":{"rendered":"<div class=\"wp-block-image\">\n<figure class=\"aligncenter size-full is-resized\"><img loading=\"lazy\" decoding=\"async\" width=\"185\" height=\"185\" src=\"https:\/\/impronte.eu\/news\/wp-content\/uploads\/2025\/04\/ginotta.jpg\" alt=\"\" class=\"wp-image-16326\" style=\"width:387px;height:auto\" srcset=\"https:\/\/impronte.eu\/news\/wp-content\/uploads\/2025\/04\/ginotta.jpg 185w, https:\/\/impronte.eu\/news\/wp-content\/uploads\/2025\/04\/ginotta-150x150.jpg 150w, https:\/\/impronte.eu\/news\/wp-content\/uploads\/2025\/04\/ginotta-70x70.jpg 70w\" sizes=\"auto, (max-width: 185px) 100vw, 185px\" \/><\/figure>\n<\/div>\n\n\n<p><strong>Comunicato Stampa<\/strong><\/p>\n\n\n\n<p><em>A Saint-Pierre un incontro aperto a tutti per riflettere, condividere e costruire insieme<\/em><\/p>\n\n\n\n<p>Saint-Pierre (AO), 5 aprile 2025 \u2013 Il Priorato di Saint-Pierre ospiter\u00e0, sabato 5 aprile, l&#8217;Assemblea Interregionale Piemonte e Valle d&#8217;Aosta della Societ\u00e0 di San Vincenzo De Paoli, un&#8217;importante occasione di confronto e crescita per i volontari e per tutti coloro che desiderano approfondire i temi della solidariet\u00e0 e dell&#8217;impegno sociale.<\/p>\n\n\n\n<figure class=\"wp-block-image size-large\"><img loading=\"lazy\" decoding=\"async\" width=\"725\" height=\"1024\" src=\"https:\/\/impronte.eu\/news\/wp-content\/uploads\/2025\/04\/GINOTTA-20-COMUNICATO-STAMPA-TORINO-1-725x1024.jpg\" alt=\"\" class=\"wp-image-16327\" srcset=\"https:\/\/impronte.eu\/news\/wp-content\/uploads\/2025\/04\/GINOTTA-20-COMUNICATO-STAMPA-TORINO-1-725x1024.jpg 725w, https:\/\/impronte.eu\/news\/wp-content\/uploads\/2025\/04\/GINOTTA-20-COMUNICATO-STAMPA-TORINO-1-212x300.jpg 212w, https:\/\/impronte.eu\/news\/wp-content\/uploads\/2025\/04\/GINOTTA-20-COMUNICATO-STAMPA-TORINO-1-580x820.jpg 580w, https:\/\/impronte.eu\/news\/wp-content\/uploads\/2025\/04\/GINOTTA-20-COMUNICATO-STAMPA-TORINO-1.jpg 748w\" sizes=\"auto, (max-width: 725px) 100vw, 725px\" \/><\/figure>\n\n\n\n<p>L&#8217;incontro \u00e8 aperto non solo ai membri della Societ\u00e0 di San Vincenzo De Paoli, ma anche alle associazioni, ai movimenti e ai cittadini sensibili alle sfide del volontariato. Sar\u00e0 un momento prezioso per condividere esperienze, raccogliere idee e confrontarsi sulle buone pratiche per rendere ancora pi\u00f9 efficace l&#8217;azione solidale sul territorio.<\/p>\n\n\n\n<p><strong>Un programma ricco di incontri e riflessioni<\/strong><\/p>\n\n\n\n<p>L&#8217;Assemblea, che verr\u00e0 aperta dal Vescovo di Aosta S.E.R. Mons. Franco Lovignana, vedr\u00e0 la partecipazione della Presidente della Federazione Nazionale Italiana Societ\u00e0 di San Vincenzo De Paoli ODV, Paola Da Ros, che dialogher\u00e0 con i presenti, ascoltando domande e suggerimenti. Il Coordinatore Interregionale Federico Violo incontrer\u00e0 personalmente i soci e i volontari di Piemonte e Valle d&#8217;Aosta, rafforzando il legame tra le diverse realt\u00e0 vincenziane.<\/p>\n\n\n\n<p>Un focus particolare sar\u00e0 dedicato alla figura del Beato Pier Giorgio Frassati, la cui canonizzazione, prevista per il 3 agosto 2025 nel corso del Giubileo dei Giovani, rappresenta un evento storico per la Societ\u00e0 di San Vincenzo De Paoli. Attraverso gli interventi di esperti e con la guida di suor Carmela Busia, Coordinatrice della Pastorale Giovanile della Diocesi di Torino, si esplorer\u00e0 l&#8217;attualit\u00e0 del suo messaggio e il suo esempio di impegno caritatevole, con la presentazione di documenti inediti sulla sua partecipazione alle Conferenze di San Vincenzo.<\/p>\n\n\n\n<p><strong>Uno sguardo sulle sfide sociali del nostro tempo<\/strong><\/p>\n\n\n\n<p>L&#8217;Assemblea offrir\u00e0 anche un&#8217;importante occasione di approfondimento sulle tematiche legate al mondo del carcere, una delle realt\u00e0 pi\u00f9 delicate e bisognose di attenzione. Interverranno Antonella Caldart, Responsabile del Settore Carcere e Devianza, e gli autori del libro <em>I volti della povert\u00e0 in carcere<\/em>, Antonella Ruggiero e Matteo Pernaselci, che porteranno la loro testimonianza su questa dimensione spesso dimenticata della povert\u00e0.<\/p>\n\n\n\n<p><strong>Spiritualit\u00e0 e attualit\u00e0: un binomio imprescindibile<\/strong><\/p>\n\n\n\n<p>Non mancheranno momenti di riflessione spirituale, con la presenza di S.E.R. Mons. Franco Lovignana, Presidente della Conferenza Episcopale di Piemonte e Valle d&#8217;Aosta, padre Francesco Gonella CM, Consigliere Spirituale della Federazione Nazionale, e padre Giovanni Burdese CM, Consigliere Spirituale del Coordinamento Interregionale. Quest&#8217;ultimo guider\u00e0 una riflessione sull&#8217;enciclica <em>Dilexit Nos<\/em> di Papa Francesco, un documento che illumina il senso dell&#8217;amore cristiano per il prossimo.<\/p>\n\n\n\n<p>Come sottolinea il Coordinatore Interregionale Federico Violo: <em>&#8220;Le sfide del nostro tempo ci interpellano profondamente: dai conflitti che generano nuove povert\u00e0 e migrazioni, alle diseguaglianze sociali ed economiche, fino alla solitudine e ai disagi delle nuove generazioni. Questo appuntamento ad Aosta rappresenta per noi l\u2019occasione per rendere ancora pi\u00f9 vivo, fecondo ed attuale il nostro servizio a favore, e a fianco, dei pi\u00f9 fragili sentendoci spiritualmente uniti in modo profondo ed intimo al coraggio appassionato di Pier Giorgio Frassati e con il desiderio di contribuire a realizzare il sogno del Beato Federico Ozanam affinch\u00e9 una rete di Carit\u00e0 possa davvero abbracciare il mondo intero&#8221;.<\/em><\/p>\n\n\n\n<p><strong>Un appuntamento da non perdere<\/strong><\/p>\n\n\n\n<p>L&#8217;Assemblea Interregionale della Societ\u00e0 di San Vincenzo De Paoli non sar\u00e0 solo un momento di riflessione, ma anche un&#8217;occasione per consolidare relazioni e costruire insieme nuove prospettive per il volontariato.<\/p>\n\n\n\n<p>L\u2019evento gode del patrocinio della Diocesi di Aosta, delComitato per il centenario di Pier Giorgio Frassati, e di UCSI Piemonte (Unione Cattolica della Stampa Italiana).<\/p>\n\n\n\n<p>Per partecipare, \u00e8 possibile inviare la propria adesione all&#8217;indirizzo e-mail: <a href=\"mailto:coordinamento.piemonte.aosta@sanvincenzoitalia.it\">coordinamento.piemonte.aosta@sanvincenzoitalia.it<\/a>.<\/p>\n\n\n<div class=\"wp-block-image\">\n<figure class=\"aligncenter size-full is-resized\"><img loading=\"lazy\" decoding=\"async\" width=\"185\" height=\"185\" src=\"https:\/\/impronte.eu\/news\/wp-content\/uploads\/2025\/04\/ginotta-1.jpg\" alt=\"\" class=\"wp-image-16328\" style=\"width:387px;height:auto\" srcset=\"https:\/\/impronte.eu\/news\/wp-content\/uploads\/2025\/04\/ginotta-1.jpg 185w, https:\/\/impronte.eu\/news\/wp-content\/uploads\/2025\/04\/ginotta-1-150x150.jpg 150w, https:\/\/impronte.eu\/news\/wp-content\/uploads\/2025\/04\/ginotta-1-70x70.jpg 70w\" sizes=\"auto, (max-width: 185px) 100vw, 185px\" \/><\/figure>\n<\/div>","protected":false},"excerpt":{"rendered":"<p>Comunicato Stampa A Saint-Pierre un incontro aperto a tutti per riflettere, condividere e costruire insieme Saint-Pierre (AO), 5 aprile 2025 \u2013 Il Priorato di Saint-Pierre ospiter\u00e0, sabato 5 aprile, l&#8217;Assemblea Interregionale Piemonte e Valle d&#8217;Aosta della Societ\u00e0 di San Vincenzo De Paoli, un&#8217;importante occasione di confronto e crescita per i volontari e per tutti coloro&#8230;<\/p>\n","protected":false},"author":48,"featured_media":0,"comment_status":"open","ping_status":"open","sticky":false,"template":"","format":"standard","meta":{"footnotes":""},"categories":[75],"tags":[],"class_list":["post-16325","post","type-post","status-publish","format-standard","hentry","category-volontariato"],"_links":{"self":[{"href":"https:\/\/impronte.eu\/news\/wp-json\/wp\/v2\/posts\/16325","targetHints":{"allow":["GET"]}}],"collection":[{"href":"https:\/\/impronte.eu\/news\/wp-json\/wp\/v2\/posts"}],"about":[{"href":"https:\/\/impronte.eu\/news\/wp-json\/wp\/v2\/types\/post"}],"author":[{"embeddable":true,"href":"https:\/\/impronte.eu\/news\/wp-json\/wp\/v2\/users\/48"}],"replies":[{"embeddable":true,"href":"https:\/\/impronte.eu\/news\/wp-json\/wp\/v2\/comments?post=16325"}],"version-history":[{"count":1,"href":"https:\/\/impronte.eu\/news\/wp-json\/wp\/v2\/posts\/16325\/revisions"}],"predecessor-version":[{"id":16329,"href":"https:\/\/impronte.eu\/news\/wp-json\/wp\/v2\/posts\/16325\/revisions\/16329"}],"wp:attachment":[{"href":"https:\/\/impronte.eu\/news\/wp-json\/wp\/v2\/media?parent=16325"}],"wp:term":[{"taxonomy":"category","embeddable":true,"href":"https:\/\/impronte.eu\/news\/wp-json\/wp\/v2\/categories?post=16325"},{"taxonomy":"post_tag","embeddable":true,"href":"https:\/\/impronte.eu\/news\/wp-json\/wp\/v2\/tags?post=16325"}],"curies":[{"name":"wp","href":"https:\/\/api.w.org\/{rel}","templated":true}]}}