{"id":16330,"date":"2025-04-01T20:21:37","date_gmt":"2025-04-01T19:21:37","guid":{"rendered":"https:\/\/impronte.eu\/news\/?p=16330"},"modified":"2025-04-01T20:21:38","modified_gmt":"2025-04-01T19:21:38","slug":"come-prepararsi-spiritualmente-ad-attraversare-la-porta-santa-durante-il-giubileo","status":"publish","type":"post","link":"https:\/\/impronte.eu\/news\/come-prepararsi-spiritualmente-ad-attraversare-la-porta-santa-durante-il-giubileo\/","title":{"rendered":"Come prepararsi spiritualmente ad attraversare la Porta Santa durante il Giubileo"},"content":{"rendered":"<div class=\"wp-block-image\">\n<figure class=\"aligncenter size-full\"><img loading=\"lazy\" decoding=\"async\" width=\"386\" height=\"437\" src=\"https:\/\/impronte.eu\/news\/wp-content\/uploads\/2025\/04\/errede-20-giubileo-2.jpg\" alt=\"\" class=\"wp-image-16331\" srcset=\"https:\/\/impronte.eu\/news\/wp-content\/uploads\/2025\/04\/errede-20-giubileo-2.jpg 386w, https:\/\/impronte.eu\/news\/wp-content\/uploads\/2025\/04\/errede-20-giubileo-2-265x300.jpg 265w\" sizes=\"auto, (max-width: 386px) 100vw, 386px\" \/><\/figure>\n<\/div>\n\n\n<p>2025 Giubileo della Chiesa cattolica, un evento straordinario per milioni di fedeli in tutto il mondo. Uno dei momenti pi\u00f9 simbolici e intensi di questo pellegrinaggio spirituale \u00e8 l\u2019attraversamento della Porta Santa. Non si tratta di un semplice gesto rituale, ma di un passaggio carico di significato, che richiede una preparazione interiore autentica.<br>Ecco come viverlo con consapevolezza, fede e radici ben piantate nella storia e nella tradizione.<\/p>\n\n\n\n<p>Un po\u2019 di storia: le origini del Giubileo e della Porta Santa<\/p>\n\n\n\n<p>Il Giubileo affonda le sue radici nell\u2019Antico Testamento, dove ogni 50 anni si celebrava un anno di liberazione e di rinnovamento (Levitico 25). Fu Bonifacio VIII a istituirlo ufficialmente nel 1300 come tempo straordinario di grazia, perdono e riconciliazione.<\/p>\n\n\n<div class=\"wp-block-image\">\n<figure class=\"aligncenter size-full\"><img loading=\"lazy\" decoding=\"async\" width=\"592\" height=\"592\" src=\"https:\/\/impronte.eu\/news\/wp-content\/uploads\/2025\/04\/errede-20-giubileo-3.jpg\" alt=\"\" class=\"wp-image-16332\" srcset=\"https:\/\/impronte.eu\/news\/wp-content\/uploads\/2025\/04\/errede-20-giubileo-3.jpg 592w, https:\/\/impronte.eu\/news\/wp-content\/uploads\/2025\/04\/errede-20-giubileo-3-300x300.jpg 300w, https:\/\/impronte.eu\/news\/wp-content\/uploads\/2025\/04\/errede-20-giubileo-3-150x150.jpg 150w, https:\/\/impronte.eu\/news\/wp-content\/uploads\/2025\/04\/errede-20-giubileo-3-70x70.jpg 70w, https:\/\/impronte.eu\/news\/wp-content\/uploads\/2025\/04\/errede-20-giubileo-3-360x360.jpg 360w, https:\/\/impronte.eu\/news\/wp-content\/uploads\/2025\/04\/errede-20-giubileo-3-580x580.jpg 580w\" sizes=\"auto, (max-width: 592px) 100vw, 592px\" \/><\/figure>\n<\/div>\n\n\n<p>La Porta Santa, invece, \u00e8 un simbolo ancora pi\u00f9 potente. Viene aperta solo durante l\u2019Anno Santo in quattro basiliche maggiori di Roma:<\/p>\n\n\n\n<ul class=\"wp-block-list\">\n<li>San Pietro<\/li>\n\n\n\n<li>San Giovanni in Laterano<\/li>\n\n\n\n<li>San Paolo fuori le Mura<\/li>\n\n\n\n<li>Santa Maria Maggiore<\/li>\n<\/ul>\n\n\n\n<p>Attraversarla rappresenta l\u2019ingresso nel cuore della misericordia divina. &nbsp;\u00c8 un invito al cambiamento, alla conversione e al cammino interiore.<\/p>\n\n\n\n<p>Per accostarsi in modo serio a questo momento inteso \u00e8 buona cosa: Riconciliarsi con se stessi e con Dio; fare silenzio dentro e fuori di s\u00e9, leggere e meditare per entrare inannzitutto nella Parola, pregare per gli alti e compiere veri gesti concreti.<\/p>\n\n\n\n<p>Il senso profondo: attraversare una soglia<\/p>\n\n\n<div class=\"wp-block-image\">\n<figure class=\"aligncenter size-full is-resized\"><img loading=\"lazy\" decoding=\"async\" width=\"330\" height=\"330\" src=\"https:\/\/impronte.eu\/news\/wp-content\/uploads\/2025\/04\/errede-20-giubileo-1.jpg\" alt=\"\" class=\"wp-image-16333\" style=\"width:387px;height:auto\" srcset=\"https:\/\/impronte.eu\/news\/wp-content\/uploads\/2025\/04\/errede-20-giubileo-1.jpg 330w, https:\/\/impronte.eu\/news\/wp-content\/uploads\/2025\/04\/errede-20-giubileo-1-300x300.jpg 300w, https:\/\/impronte.eu\/news\/wp-content\/uploads\/2025\/04\/errede-20-giubileo-1-150x150.jpg 150w, https:\/\/impronte.eu\/news\/wp-content\/uploads\/2025\/04\/errede-20-giubileo-1-70x70.jpg 70w\" sizes=\"auto, (max-width: 330px) 100vw, 330px\" \/><\/figure>\n<\/div>\n\n\n<p>Nel mondo antico, passare una soglia significava entrare in un\u2019altra dimensione. Non \u00e8 diverso oggi. La Porta Santa \u00e8 il segno visibile di un passaggio invisibile: paura alla fiducia, dal peccato alla grazia, dalla chiusura all\u2019apertura.&nbsp; \u00c8 un richiamo a tornare a casa. Non in senso nostalgico, ma come chi riscopre le fondamenta e riparte con uno sguardo nuovo.<\/p>\n\n\n\n<p>Per vivere il Giubileo con coraggio e cuore aperto, bisogna prepararsi dunque spiritualmente e farsi delle domande. \u00c8 necessario mettersi in gioco e lasciare entrare Dio dove solitamente lo si tiene fuori. E allora s\u00ec, la Porta Santa non sar\u00e0 solo un arco da attraversare, ma una vita che si riapre.<\/p>\n\n\n\n<p><strong>Suggeriamo una Preghiera prima di attraversare la Porta Santa<\/strong><\/p>\n\n\n<div class=\"wp-block-image\">\n<figure class=\"aligncenter size-full\"><img loading=\"lazy\" decoding=\"async\" width=\"495\" height=\"604\" src=\"https:\/\/impronte.eu\/news\/wp-content\/uploads\/2025\/04\/errede-20-giubileo-4.jpg\" alt=\"\" class=\"wp-image-16334\" srcset=\"https:\/\/impronte.eu\/news\/wp-content\/uploads\/2025\/04\/errede-20-giubileo-4.jpg 495w, https:\/\/impronte.eu\/news\/wp-content\/uploads\/2025\/04\/errede-20-giubileo-4-246x300.jpg 246w\" sizes=\"auto, (max-width: 495px) 100vw, 495px\" \/><\/figure>\n<\/div>\n\n\n<p><strong>Signore, eccomi.<\/strong><br>Non sono venuto fin qui per fare un gesto vuoto.<br>Ho camminato con le mie ferite, le mie domande, i miei limiti.<br>Ma anche con il desiderio di ricominciare.<\/p>\n\n\n\n<p>Tu conosci ogni mio passo, anche quelli sbagliati.<br>Conosci i silenzi che porto dentro, le paure che non dico,<br>i sogni che ho lasciato a met\u00e0.<\/p>\n\n\n\n<p>Oggi mi fermo davanti a questa Porta con il cuore aperto.<br>Non chiedo miracoli, ma misericordia.<br>Non cerco scorciatoie, ma verit\u00e0.<br>Non voglio essere solo spettatore,<br>voglio lasciarmi trasformare.<\/p>\n\n\n\n<p>Aiutami ad entrare in Te come in una casa accogliente.<br>Fammi uscire da me stesso,<br>dai miei egoismi, dalle mie chiusure.<br>Apri Tu la porta del mio cuore.<\/p>\n\n\n\n<p>Che attraversare questa soglia<br>sia l\u2019inizio di un cammino nuovo,<br>pi\u00f9 vero, pi\u00f9 giusto, pi\u00f9 libero.<\/p>\n\n\n\n<p><em>A Te affido chi amo,<\/em><\/p>\n\n\n\n<p><em>chi ho deluso,<\/em><\/p>\n\n\n\n<p><em>chi non riesco ancora a perdonare.<\/em><\/p>\n\n\n\n<p><em><br><\/em>Accompagnami oltre questa porta,<br>e oltre ogni confine che mi tiene bloccato.<\/p>\n\n\n\n<p><strong>Amen.<\/strong><\/p>\n","protected":false},"excerpt":{"rendered":"<p>2025 Giubileo della Chiesa cattolica, un evento straordinario per milioni di fedeli in tutto il mondo. Uno dei momenti pi\u00f9 simbolici e intensi di questo pellegrinaggio spirituale \u00e8 l\u2019attraversamento della Porta Santa. Non si tratta di un semplice gesto rituale, ma di un passaggio carico di significato, che richiede una preparazione interiore autentica.Ecco come viverlo&#8230;<\/p>\n","protected":false},"author":30,"featured_media":0,"comment_status":"open","ping_status":"open","sticky":false,"template":"","format":"standard","meta":{"footnotes":""},"categories":[63,72,75],"tags":[],"class_list":["post-16330","post","type-post","status-publish","format-standard","hentry","category-cultura","category-fede","category-volontariato"],"_links":{"self":[{"href":"https:\/\/impronte.eu\/news\/wp-json\/wp\/v2\/posts\/16330","targetHints":{"allow":["GET"]}}],"collection":[{"href":"https:\/\/impronte.eu\/news\/wp-json\/wp\/v2\/posts"}],"about":[{"href":"https:\/\/impronte.eu\/news\/wp-json\/wp\/v2\/types\/post"}],"author":[{"embeddable":true,"href":"https:\/\/impronte.eu\/news\/wp-json\/wp\/v2\/users\/30"}],"replies":[{"embeddable":true,"href":"https:\/\/impronte.eu\/news\/wp-json\/wp\/v2\/comments?post=16330"}],"version-history":[{"count":1,"href":"https:\/\/impronte.eu\/news\/wp-json\/wp\/v2\/posts\/16330\/revisions"}],"predecessor-version":[{"id":16335,"href":"https:\/\/impronte.eu\/news\/wp-json\/wp\/v2\/posts\/16330\/revisions\/16335"}],"wp:attachment":[{"href":"https:\/\/impronte.eu\/news\/wp-json\/wp\/v2\/media?parent=16330"}],"wp:term":[{"taxonomy":"category","embeddable":true,"href":"https:\/\/impronte.eu\/news\/wp-json\/wp\/v2\/categories?post=16330"},{"taxonomy":"post_tag","embeddable":true,"href":"https:\/\/impronte.eu\/news\/wp-json\/wp\/v2\/tags?post=16330"}],"curies":[{"name":"wp","href":"https:\/\/api.w.org\/{rel}","templated":true}]}}