{"id":16389,"date":"2025-04-02T01:12:47","date_gmt":"2025-04-02T00:12:47","guid":{"rendered":"https:\/\/impronte.eu\/news\/?p=16389"},"modified":"2025-04-02T01:12:48","modified_gmt":"2025-04-02T00:12:48","slug":"art-symposium-larte-come-ponte-tra-umano-e-divino-a-roma","status":"publish","type":"post","link":"https:\/\/impronte.eu\/news\/art-symposium-larte-come-ponte-tra-umano-e-divino-a-roma\/","title":{"rendered":"\u201cArt Symposium\u201d, l\u2019Arte come ponte tra umano e Divino a Roma"},"content":{"rendered":"\n<p><strong>\u00a0<\/strong><\/p>\n\n\n<div class=\"wp-block-image\">\n<figure class=\"aligncenter size-full is-resized\"><img loading=\"lazy\" decoding=\"async\" width=\"327\" height=\"321\" src=\"https:\/\/impronte.eu\/news\/wp-content\/uploads\/2025\/04\/ben-arte-a-roma-20-2.jpg\" alt=\"\" class=\"wp-image-16390\" style=\"width:387px;height:auto\" srcset=\"https:\/\/impronte.eu\/news\/wp-content\/uploads\/2025\/04\/ben-arte-a-roma-20-2.jpg 327w, https:\/\/impronte.eu\/news\/wp-content\/uploads\/2025\/04\/ben-arte-a-roma-20-2-300x294.jpg 300w, https:\/\/impronte.eu\/news\/wp-content\/uploads\/2025\/04\/ben-arte-a-roma-20-2-70x70.jpg 70w\" sizes=\"auto, (max-width: 327px) 100vw, 327px\" \/><\/figure>\n<\/div>\n\n\n<p><strong>La Pontificia Accademia di Teologia<\/strong> ha ospitato un evento di straordinaria intensit\u00e0 artistica e spirituale: Art Symposium, dedicato al dialogo tra arte e spiritualit\u00e0 in occasione del Giubileo. L\u2019evento, presieduto da Monsignor Antonio Staglian\u00f2 e curato da Salvo Nugnes, ha riunito artisti di talento e personalit\u00e0 di spicco del mondo della cultura, in un dialogo profondo e ispiratore.<\/p>\n\n\n\n<p>L\u2019evento ha visto anche la partecipazione di personalit\u00e0 di spicco come Silvana Giacobini, Paolo Liguori, Monsignor Baldassarre Reina, Rossana Potenza, Antonino Zichichi e Riccardo Muti. Tutti hanno sottolineato il potere dell\u2019arte come strumento di pace, speranza e dialogo interculturale e interreligioso.<\/p>\n\n\n\n<p>Tra i protagonisti dell\u2019evento, l\u2019artista romana Barbara Peonia ha incantato il pubblico con le sue opere surrealiste, caratterizzate da trasparenze eteree e sovrapposizioni suggestive. Le sue opere, popolate da figure angeliche e simboli arcani, hanno invitato gli spettatori a un viaggio interiore, alla ricerca del significato pi\u00f9 profondo dell\u2019esistenza.<\/p>\n\n\n\n<p>\u201cLa mia arte \u00e8 un tentativo di esplorare le dimensioni nascoste della realt\u00e0, di dare forma ai sogni e alle intuizioni che emergono dal profondo della coscienza\u201d, ha spiegato Peonia. \u201cIn occasione di questo evento, ho voluto mettere in dialogo il mio linguaggio surrealista con il tema della spiritualit\u00e0, cercando di creare opere che potessero suscitare riflessioni e interrogativi sul senso della vita e sulla presenza del sacro nel mondo\u201d.<\/p>\n\n\n<div class=\"wp-block-image\">\n<figure class=\"aligncenter size-full is-resized\"><img loading=\"lazy\" decoding=\"async\" width=\"204\" height=\"237\" src=\"https:\/\/impronte.eu\/news\/wp-content\/uploads\/2025\/04\/ben-arte-a-roma-20-3.jpg\" alt=\"\" class=\"wp-image-16391\" style=\"width:387px;height:auto\"\/><\/figure>\n<\/div>\n\n\n<p>Le opere di Peonia, caratterizzate da una tecnica pittorica raffinata e da una tavolozza di colori intensi, hanno suscitato grande interesse e ammirazione tra il pubblico. La sua capacit\u00e0 di creare atmosfere suggestive e di evocare emozioni profonde ha reso le sue opere particolarmente adatte al contesto dell\u2019evento, che ha celebrato la capacit\u00e0 dell\u2019arte di elevare l\u2019Anima e di aprire le porte alla trascendenza.<\/p>\n\n\n\n<p>\u201cL\u2019arte ha il potere di connetterci con la dimensione spirituale, di farci percepire l\u2019invisibile e di farci riflettere sui misteri dell\u2019esistenza\u201d, ha affermato Barbara Peonia. \u201cSpero che le mie opere possano contribuire a questo dialogo tra arte e spiritualit\u00e0, offrendo spunti di riflessione e di ispirazione a chi le osserva\u201d.<\/p>\n\n\n\n<p>L\u2019evento \u201cArt Symposium\u201d ha rappresentato un momento di profonda riflessione sul ruolo dell\u2019arte nella societ\u00e0 contemporanea, evidenziando la sua capacit\u00e0 di promuovere il dialogo interculturale e interreligioso.<\/p>\n\n\n\n<figure class=\"wp-block-image size-full\"><img loading=\"lazy\" decoding=\"async\" width=\"807\" height=\"800\" src=\"https:\/\/impronte.eu\/news\/wp-content\/uploads\/2025\/04\/ben-arte-a-roma-20-1.jpg\" alt=\"\" class=\"wp-image-16392\" srcset=\"https:\/\/impronte.eu\/news\/wp-content\/uploads\/2025\/04\/ben-arte-a-roma-20-1.jpg 807w, https:\/\/impronte.eu\/news\/wp-content\/uploads\/2025\/04\/ben-arte-a-roma-20-1-300x297.jpg 300w, https:\/\/impronte.eu\/news\/wp-content\/uploads\/2025\/04\/ben-arte-a-roma-20-1-150x150.jpg 150w, https:\/\/impronte.eu\/news\/wp-content\/uploads\/2025\/04\/ben-arte-a-roma-20-1-768x761.jpg 768w, https:\/\/impronte.eu\/news\/wp-content\/uploads\/2025\/04\/ben-arte-a-roma-20-1-70x70.jpg 70w, https:\/\/impronte.eu\/news\/wp-content\/uploads\/2025\/04\/ben-arte-a-roma-20-1-580x575.jpg 580w\" sizes=\"auto, (max-width: 807px) 100vw, 807px\" \/><\/figure>\n\n\n\n<p>La Pontificia Accademia di Teologia si \u00e8 trasformata in un crocevia di idee e di emozioni, dove l\u2019arte ha celebrato la sua capacit\u00e0 di elevare l\u2019animo umano e di aprire le porte alla speranza.<\/p>\n\n\n\n<p><strong>La dimensione spirituale nell\u2019arte di Barbara Peonia<\/strong><\/p>\n\n\n\n<p>Per Barbara Peonia, la dimensione spirituale \u00e8 il cuore pulsante della sua arte. Non \u00e8 un tema che tratta occasionalmente, ma una presenza costante che permea ogni sua pennellata, ogni scelta di colore, ogni composizione.<\/p>\n\n\n\n<p>\u201cPer me, dipingere \u00e8 un atto di meditazione, un modo per entrare in contatto con il mio io pi\u00f9 profondo e con la realt\u00e0 che mi circonda\u201d, spiega Peonia. \u201cNon cerco di rappresentare la spiritualit\u00e0 in modo didascalico, attraverso simboli religiosi o scene sacre, ma piuttosto di evocarla attraverso l\u2019atmosfera, le emozioni, le sensazioni che le mie opere trasmettono\u201d.<\/p>\n\n\n<div class=\"wp-block-image\">\n<figure class=\"aligncenter size-full is-resized\"><img loading=\"lazy\" decoding=\"async\" width=\"229\" height=\"234\" src=\"https:\/\/impronte.eu\/news\/wp-content\/uploads\/2025\/04\/ben-arte-a-roma-20-5.jpg\" alt=\"\" class=\"wp-image-16393\" style=\"width:387px;height:auto\"\/><\/figure>\n<\/div>\n\n\n<p>Le trasparenze e le sovrapposizioni, elementi ricorrenti nel suo lavoro, sono un tentativo di rendere visibile l\u2019invisibile, di dare forma all\u2019intangibile. \u2018\u2019Cerco di creare un\u2019atmosfera di sospensione e leggerezza, come se le figure e gli oggetti rappresentati fossero sul punto di dissolversi, di fondersi con l\u2019Infinito\u201d \u2013 spiega ancora Barbara Peonia.<\/p>\n\n\n\n<p>I colori vibranti e le forme sinuose creano un\u2019atmosfera onirica, invitando lo spettatore a lasciarsi trasportare in un viaggio interiore. Le ombre allungate e le prospettive distorte suggeriscono l\u2019esistenza di dimensioni nascoste, di realt\u00e0 parallele che si celano dietro l\u2019apparenza.<\/p>\n\n\n\n<p>\u201cCredo che l\u2019arte abbia il potere di elevare l\u2019Anima, di aprire le porte alla trascendenza\u201d, afferma Peonia. \u201cAttraverso i miei dipinti, cerco di offrire all\u2019osservatore un\u2019esperienza che vada oltre la semplice contemplazione estetica, un\u2019esperienza che lo porti a interrogarsi sul significato della vita, sulla natura della realt\u00e0 e sulla presenza del sacro nel mondo\u201d.<\/p>\n\n\n\n<p><strong>La bellezza come manifestazione del Sacro<\/strong><\/p>\n\n\n\n<p>Barbara Peonia crede fermamente che la bellezza sia una manifestazione del sacro, un riflesso della trascendenza nel mondo materiale. Non \u00e8 solo una questione di estetica, di forme armoniose o colori piacevoli, ma qualcosa di molto pi\u00f9 profondo. \u00c8 una scintilla divina che risiede nelle cose, nelle persone, nei paesaggi, e che l\u2019arte ha il potere di rivelare.<\/p>\n\n\n<div class=\"wp-block-image\">\n<figure class=\"aligncenter size-full\"><img loading=\"lazy\" decoding=\"async\" width=\"560\" height=\"400\" src=\"https:\/\/impronte.eu\/news\/wp-content\/uploads\/2025\/04\/ben-arte-a-roma-20-7.jpg\" alt=\"\" class=\"wp-image-16394\" srcset=\"https:\/\/impronte.eu\/news\/wp-content\/uploads\/2025\/04\/ben-arte-a-roma-20-7.jpg 560w, https:\/\/impronte.eu\/news\/wp-content\/uploads\/2025\/04\/ben-arte-a-roma-20-7-300x214.jpg 300w\" sizes=\"auto, (max-width: 560px) 100vw, 560px\" \/><\/figure>\n<\/div>\n\n\n<p>\u201cNei miei dipinti, cerco di esprimere questa bellezza trascendente attraverso la creazione di atmosfere oniriche e sospese\u201d, spiega Peonia. \u201cLe trasparenze e le sovrapposizioni, elementi ricorrenti nel mio lavoro, contribuiscono a creare un senso di leggerezza e immaterialit\u00e0\u201d.<\/p>\n\n\n\n<p>I colori vibranti e le forme sinuose creano un\u2019armonia visiva che trascende la realt\u00e0 quotidiana, invitando lo spettatore a un\u2019esperienza contemplativa. Le ombre allungate e le prospettive a volte distorte suggeriscono l\u2019esistenza di dimensioni nascoste, di realt\u00e0 parallele che si celano dietro l\u2019apparenza.<\/p>\n\n\n\n<p>La partecipazione di Barbara Peonia all\u2019Art Symposium rappresenta un importante riconoscimento del suo talento e della sua capacit\u00e0 di creare opere di grande impatto emotivo e spirituale. La sua arte, radicata nella tradizione surrealista ma capace di aprirsi a nuove interpretazioni e significati, si conferma come una delle voci pi\u00f9 interessanti del panorama artistico contemporaneo.<\/p>\n","protected":false},"excerpt":{"rendered":"<p>\u00a0 La Pontificia Accademia di Teologia ha ospitato un evento di straordinaria intensit\u00e0 artistica e spirituale: Art Symposium, dedicato al dialogo tra arte e spiritualit\u00e0 in occasione del Giubileo. L\u2019evento, presieduto da Monsignor Antonio Staglian\u00f2 e curato da Salvo Nugnes, ha riunito artisti di talento e personalit\u00e0 di spicco del mondo della cultura, in un&#8230;<\/p>\n","protected":false},"author":9,"featured_media":0,"comment_status":"open","ping_status":"open","sticky":false,"template":"","format":"standard","meta":{"footnotes":""},"categories":[63],"tags":[],"class_list":["post-16389","post","type-post","status-publish","format-standard","hentry","category-cultura"],"_links":{"self":[{"href":"https:\/\/impronte.eu\/news\/wp-json\/wp\/v2\/posts\/16389","targetHints":{"allow":["GET"]}}],"collection":[{"href":"https:\/\/impronte.eu\/news\/wp-json\/wp\/v2\/posts"}],"about":[{"href":"https:\/\/impronte.eu\/news\/wp-json\/wp\/v2\/types\/post"}],"author":[{"embeddable":true,"href":"https:\/\/impronte.eu\/news\/wp-json\/wp\/v2\/users\/9"}],"replies":[{"embeddable":true,"href":"https:\/\/impronte.eu\/news\/wp-json\/wp\/v2\/comments?post=16389"}],"version-history":[{"count":1,"href":"https:\/\/impronte.eu\/news\/wp-json\/wp\/v2\/posts\/16389\/revisions"}],"predecessor-version":[{"id":16395,"href":"https:\/\/impronte.eu\/news\/wp-json\/wp\/v2\/posts\/16389\/revisions\/16395"}],"wp:attachment":[{"href":"https:\/\/impronte.eu\/news\/wp-json\/wp\/v2\/media?parent=16389"}],"wp:term":[{"taxonomy":"category","embeddable":true,"href":"https:\/\/impronte.eu\/news\/wp-json\/wp\/v2\/categories?post=16389"},{"taxonomy":"post_tag","embeddable":true,"href":"https:\/\/impronte.eu\/news\/wp-json\/wp\/v2\/tags?post=16389"}],"curies":[{"name":"wp","href":"https:\/\/api.w.org\/{rel}","templated":true}]}}