{"id":16486,"date":"2025-04-16T18:22:21","date_gmt":"2025-04-16T17:22:21","guid":{"rendered":"https:\/\/impronte.eu\/news\/?p=16486"},"modified":"2025-04-16T18:22:22","modified_gmt":"2025-04-16T17:22:22","slug":"val-dorcia-dove-il-tempo-si-piega-la-pietra-racconta-e-il-mistero-respira","status":"publish","type":"post","link":"https:\/\/impronte.eu\/news\/val-dorcia-dove-il-tempo-si-piega-la-pietra-racconta-e-il-mistero-respira\/","title":{"rendered":"Val d&#8217;Orcia, dove il tempo si piega, la pietra racconta e il mistero respira"},"content":{"rendered":"\n<p>Nel cuore pulsante della Toscana, dove le colline sembrano onde immobili e il silenzio profuma di grano, si nasconde <strong>San Vito<\/strong>, una perla poco chiacchierata della <strong>Val d\u2019Orcia<\/strong>. Un luogo che non ti urla addosso la sua bellezza, ma te la sussurra piano, come fanno le cose vere.<\/p>\n\n\n\n<figure class=\"wp-block-image size-full\"><img loading=\"lazy\" decoding=\"async\" width=\"569\" height=\"340\" src=\"https:\/\/impronte.eu\/news\/wp-content\/uploads\/2025\/04\/pietro-val-dorcia-1.jpg\" alt=\"\" class=\"wp-image-16487\" srcset=\"https:\/\/impronte.eu\/news\/wp-content\/uploads\/2025\/04\/pietro-val-dorcia-1.jpg 569w, https:\/\/impronte.eu\/news\/wp-content\/uploads\/2025\/04\/pietro-val-dorcia-1-300x179.jpg 300w\" sizes=\"auto, (max-width: 569px) 100vw, 569px\" \/><\/figure>\n\n\n\n<p><strong>Un po\u2019 di storia<\/strong><\/p>\n\n\n\n<p>San Vito (non va confuso con altri omonimi) era un minuscolo centro rurale, gi\u00e0 documentato in epoca <strong>medievale<\/strong>, anche se si pensa che i primi insediamenti risalgano addirittura ai tempi degli <strong>Etruschi<\/strong>. Non a caso, tutta la Val d\u2019Orcia \u00e8 disseminata di necropoli, tombe ipogee e cunicoli che raccontano un passato pi\u00f9 antico di Roma stessa.<\/p>\n\n\n\n<p>Nel Medioevo, la zona era un punto strategico lungo la <strong>Via Francigena<\/strong>, il cammino dei pellegrini verso Roma. San Vito era una sorta di stazione spirituale: piccola, raccolta, ma viva. Un luogo di passaggio, certo, ma anche di sosta per l\u2019anima.<\/p>\n\n\n\n<p><strong>Architettura che parla con le pietre<\/strong><\/p>\n\n\n<div class=\"wp-block-image\">\n<figure class=\"aligncenter size-full\"><img loading=\"lazy\" decoding=\"async\" width=\"539\" height=\"359\" src=\"https:\/\/impronte.eu\/news\/wp-content\/uploads\/2025\/04\/pietro-val-dorcia-5.jpg\" alt=\"\" class=\"wp-image-16488\" srcset=\"https:\/\/impronte.eu\/news\/wp-content\/uploads\/2025\/04\/pietro-val-dorcia-5.jpg 539w, https:\/\/impronte.eu\/news\/wp-content\/uploads\/2025\/04\/pietro-val-dorcia-5-300x200.jpg 300w\" sizes=\"auto, (max-width: 539px) 100vw, 539px\" \/><\/figure>\n<\/div>\n\n\n<p>Il borgo (o quello che ne resta) \u00e8 fatto di <strong>pietra viva<\/strong>, la stessa usata per costruire i casali della zona e le <strong>chiese romaniche<\/strong> che ancora resistono al tempo. C\u2019\u00e8 una piccola <strong>pieve<\/strong>, forse dedicata proprio a <strong>San Vito martire<\/strong>, con una facciata sobria e un\u2019abside semicircolare che al tramonto si accende di colori mistici.<\/p>\n\n\n\n<p>Il <em>genius loci<\/em> qui non \u00e8 un\u2019invenzione: lo <strong>senti davvero<\/strong>, camminando tra i resti delle case coloniche o osservando i cipressi disposti in fila come guardiani eterni.<\/p>\n\n\n\n<p><strong>Turismo slow per chi sa ascoltare<\/strong><\/p>\n\n\n\n<figure class=\"wp-block-image size-full\"><img loading=\"lazy\" decoding=\"async\" width=\"480\" height=\"320\" src=\"https:\/\/impronte.eu\/news\/wp-content\/uploads\/2025\/04\/pietro-val-dorcia-4.jpg\" alt=\"\" class=\"wp-image-16489\" srcset=\"https:\/\/impronte.eu\/news\/wp-content\/uploads\/2025\/04\/pietro-val-dorcia-4.jpg 480w, https:\/\/impronte.eu\/news\/wp-content\/uploads\/2025\/04\/pietro-val-dorcia-4-300x200.jpg 300w\" sizes=\"auto, (max-width: 480px) 100vw, 480px\" \/><\/figure>\n\n\n\n<p>San Vito non \u00e8 per tutti, e meno male. Non ci trovi il turismo da <em>selfie<\/em> compulsivo, ma viaggiatori veri, che cercano <strong>esperienze autentiche<\/strong>. Perfetta per un\u2019escursione a piedi o in bici, magari partendo da San Quirico o Castiglione d\u2019Orcia. La vista? Uno schiaffo all\u2019anima: <strong>campi di grano dorato, cipressi iconici, casali da cartolina<\/strong>.<\/p>\n\n\n\n<p>Qui puoi fare un picnic in silenzio, un\u2019escursione meditativa o semplicemente stare. Perch\u00e9 s\u00ec, <strong>stare \u00e8 un verbo rivoluzionario<\/strong>.<\/p>\n\n\n\n<p><strong>Curiosit\u00e0 e misteri, la Val d\u2019Orcia nascosta<\/strong><\/p>\n\n\n\n<p>E ora viene il bello: si dice che nei boschi intorno a San Vito ci siano <strong>vecchie cave etrusche<\/strong>, usate poi dai monaci come luoghi di ritiro. Alcuni parlano di una <strong>cripta sotterranea<\/strong> che congiunge idealmente San Vito con l\u2019Abbazia di Sant\u2019Antimo. Fantasie? Forse. Ma ci sono segnali: <strong>croci templari scolpite<\/strong>, <strong>simboli esoterici<\/strong> e leggende che parlano di <strong>fonti miracolose<\/strong> e di <strong>stelle cadute che indicano passaggi segreti<\/strong>.<\/p>\n\n\n\n<p>Alcuni esploratori del paranormale hanno segnalato \u201cstranezze energetiche\u201d nella zona, come <strong>campi magnetici anomali<\/strong> e <strong>presenze luminose<\/strong> inspiegabili. Nulla di turistico, tutto da scoprire col rispetto che merita.<\/p>\n\n\n\n<p><strong>Esoterismo toscano, quando il sacro incontra il magico<\/strong><\/p>\n\n\n\n<p>Secondo alcune teorie (e mappe misteriose conservate da pochi), <strong>San Vito si troverebbe su una linea energetica<\/strong> che collega <strong>Montepulciano, Pienza e Radicofani<\/strong>. Una specie di <strong><em>ley line<\/em><\/strong> toscana, dove sacro e profano si incontrano. Gli antichi lo sapevano bene: qui il <strong>cielo \u00e8 pi\u00f9 vicino<\/strong>, e i simboli scolpiti su alcune pietre sembrano pi\u00f9 <em>rune<\/em> che semplici decorazioni.<\/p>\n\n\n\n<p>Ci sono gruppi esoterici che organizzano meditazioni e letture astrologiche proprio nei campi tra San Vito e la Rocca d\u2019Orcia, soprattutto nei giorni di equinozio e solstizio.<\/p>\n\n\n\n<p><strong>Perch\u00e9 San Vito ti rimane dentro<\/strong><\/p>\n\n\n\n<p>Non ci vai per caso, a San Vito. E se ci vai, qualcosa ti cambia. \u00c8 un posto che ti fa <strong>rallentare<\/strong>, ti <strong>mette davanti alla storia<\/strong>, ma non quella scritta nei libri: quella vera, fatta di gesti, sassi, silenzi. \u00c8 un posto dove anche l\u2019ignoto trova casa. Dove puoi ancora <strong>credere nel mistero<\/strong>, senza sentirti scemo.<\/p>\n\n\n\n<p>Se cerchi un pezzo di Toscana dove <strong>la modernit\u00e0 non ha ancora vinto del tutto<\/strong>, San Vito \u00e8 il tuo posto.<\/p>\n\n\n\n<p><strong>Curiosit\u00e0 su San Vito nella Val d&#8217;Orcia<\/strong><\/p>\n\n\n\n<p><strong>1. Il Santo protettore dei \u201cpazzi\u201d, degli animali e dei fulmini<\/strong><\/p>\n\n\n\n<p>San Vito, il santo a cui \u00e8 dedicato il luogo, \u00e8 una figura <em>forte e controversa<\/em>. Era un ragazzo siciliano che sub\u00ec il martirio giovanissimo. \u00c8 considerato il patrono <strong>dei danzatori, degli epilettici e dei posseduti<\/strong>, e si dice protegga da <strong>tempeste, fulmini e animali selvatici<\/strong>. In epoca contadina, qui si facevano <strong>riti benedittivi per il bestiame<\/strong>, mescolando cristianesimo e riti antichi.<\/p>\n\n\n\n<figure class=\"wp-block-image size-full\"><img loading=\"lazy\" decoding=\"async\" width=\"615\" height=\"414\" src=\"https:\/\/impronte.eu\/news\/wp-content\/uploads\/2025\/04\/pietro-val-dorcia-10.jpg.jpg\" alt=\"\" class=\"wp-image-16494\" srcset=\"https:\/\/impronte.eu\/news\/wp-content\/uploads\/2025\/04\/pietro-val-dorcia-10.jpg.jpg 615w, https:\/\/impronte.eu\/news\/wp-content\/uploads\/2025\/04\/pietro-val-dorcia-10.jpg-300x202.jpg 300w, https:\/\/impronte.eu\/news\/wp-content\/uploads\/2025\/04\/pietro-val-dorcia-10.jpg-580x390.jpg 580w\" sizes=\"auto, (max-width: 615px) 100vw, 615px\" \/><\/figure>\n\n\n\n<p><strong>2. Antiche ceramiche e misteriose incisioni<\/strong><\/p>\n\n\n\n<p>Durante alcuni scavi agricoli nei dintorni, sono stati ritrovati <strong>frammenti di ceramica etrusca<\/strong> e <strong>pietre con incisioni circolari<\/strong>. Nessuno ha ancora dato una spiegazione definitiva. Alcuni le attribuiscono a riti propiziatori legati al raccolto o addirittura alla <strong>luna<\/strong>.<\/p>\n\n\n\n<p><strong>3. Un cielo da cinema<\/strong><\/p>\n\n\n\n<figure class=\"wp-block-image size-full\"><img loading=\"lazy\" decoding=\"async\" width=\"645\" height=\"363\" src=\"https:\/\/impronte.eu\/news\/wp-content\/uploads\/2025\/04\/pietro-val-dorcia-7.jpg\" alt=\"\" class=\"wp-image-16491\" srcset=\"https:\/\/impronte.eu\/news\/wp-content\/uploads\/2025\/04\/pietro-val-dorcia-7.jpg 645w, https:\/\/impronte.eu\/news\/wp-content\/uploads\/2025\/04\/pietro-val-dorcia-7-300x169.jpg 300w, https:\/\/impronte.eu\/news\/wp-content\/uploads\/2025\/04\/pietro-val-dorcia-7-580x326.jpg 580w\" sizes=\"auto, (max-width: 645px) 100vw, 645px\" \/><\/figure>\n\n\n\n<p>San Vito \u00e8 lontano da tutto. Niente inquinamento luminoso. Di notte, puoi vedere <strong>la Via Lattea a occhio nudo<\/strong>. \u00c8 uno dei punti pi\u00f9 usati da <strong>fotografi e astrofili<\/strong> per immortalare il cielo d&#8217;estate. Il top? Le notti di San Lorenzo. Ti sembra di toccare le stelle.<\/p>\n\n\n\n<p><strong>&nbsp;4. Voci su un eremita \u201cguaritore\u201d<\/strong><\/p>\n\n\n\n<p>C\u2019\u00e8 una leggenda locale che parla di un <strong>eremita vissuto nei boschi di San Vito<\/strong> fino agli anni \u201950. La gente del posto lo chiamava <em>&#8220;l\u2019Uomo delle erbe&#8221;<\/em>. Curava con infusi, unguenti e parole strane. Nessuno sa se fosse un ciarlatano o un vero guaritore, ma ancora oggi qualcuno cerca \u201cla sua grotta\u201d.<\/p>\n\n\n\n<p><strong>Cosa fare a San Vito (e dintorni)<\/strong><\/p>\n\n\n\n<p><strong>1. Trekking tra storia e natura<\/strong><\/p>\n\n\n\n<p>Parti da <strong>Castiglione d&#8217;Orcia<\/strong> o da <strong>Bagno Vignoni<\/strong> e segui i sentieri che portano a San Vito. Percorsi accessibili ma immersi in una natura incontaminata. Ideali per una camminata contemplativa o fotografica.<\/p>\n\n\n\n<p><strong>2. Meditazione nei campi<\/strong><\/p>\n\n\n\n<p>C\u2019\u00e8 qualcosa di potente nei campi intorno a San Vito. Portati un telo, siediti, chiudi gli occhi. Il silenzio qui <em>non \u00e8 vuoto<\/em>, \u00e8 pieno di memoria. Molti viaggiatori lo usano come punto di \u201c<em>reset<\/em>\u201d.<\/p>\n\n\n\n<p><strong>3. Fotografia paesaggistica e artistica<\/strong><\/p>\n\n\n\n<p>La luce in Val d\u2019Orcia \u00e8 <strong>morbida, dorata, drammatica<\/strong>. San Vito ti offre visuali perfette per scatti paesaggistici ma anche <strong><em>still life rurale<\/em><\/strong>. Un set naturale per ogni tipo di <em>shooting<\/em>.<\/p>\n\n\n\n<p><strong>4. Picnic rustico<\/strong><\/p>\n\n\n\n<p>Portati un cesto con pane toscano, pecorino di Pienza, olio EVO e un po\u2019 di vino rosso locale. Siediti tra i cipressi e goditi il lusso di non avere niente da fare. \u00c8 uno dei pochi posti dove ancora <strong>puoi perdere tempo senza rimpianti<\/strong>.<\/p>\n\n\n\n<p><strong>5. Esplorazione esoterica<\/strong><\/p>\n\n\n\n<p>Se sei curioso, prova a cercare i simboli scolpiti nelle pietre o fai una camminata \u201c<em>a intuito<\/em>\u201d nei campi. Alcuni sostengono che <strong>l\u2019energia del luogo ti guida<\/strong>, soprattutto se lasci stare la mappa.<\/p>\n\n\n\n<p><strong>Una mappa mentale del percorso consigliato<\/strong> con tappe sensate e un mix di esperienze \u2013 culturali, spirituali, naturalistiche e goderecce \u2013 per scoprire <strong>San Vito nella Val d\u2019Orcia<\/strong> come si deve.<\/p>\n\n\n\n<p><strong>Itinerario consigliato, \u201cLa Via di San Vito\u201d<\/strong><\/p>\n\n\n\n<p><strong>Partenza: Bagno Vignoni<\/strong><\/p>\n\n\n<div class=\"wp-block-image\">\n<figure class=\"aligncenter size-full is-resized\"><img loading=\"lazy\" decoding=\"async\" width=\"275\" height=\"183\" src=\"https:\/\/impronte.eu\/news\/wp-content\/uploads\/2025\/04\/pietro-val-dorcia-6.jpg\" alt=\"\" class=\"wp-image-16492\" style=\"width:386px;height:auto\"\/><\/figure>\n<\/div>\n\n\n<ul class=\"wp-block-list\">\n<li>Colazione con vista sulle vasche romane.<\/li>\n\n\n\n<li>Visita al piccolo borgo termale (unico in Europa per la piazza d\u2019acqua bollente).<\/li>\n\n\n\n<li>Respira il vapore, ti prepara al viaggio.<\/li>\n<\/ul>\n\n\n\n<p><strong>Tappa 1: Punto panoramico su Castiglione d\u2019Orcia<\/strong><\/p>\n\n\n\n<ul class=\"wp-block-list\">\n<li>Fermati per una foto. Vista epica su Rocca d\u2019Orcia, Val d\u2019Orcia e Monti dell\u2019Amiata.<\/li>\n\n\n\n<li>Ideale per una pausa meditativa.<\/li>\n<\/ul>\n\n\n\n<p><strong>Tappa 2: San Vito \u2013 il cuore silenzioso<\/strong><\/p>\n\n\n\n<ul class=\"wp-block-list\">\n<li>Visita la pieve (anche se in parte in rovina).<\/li>\n\n\n\n<li>Cammina tra i casali abbandonati.<\/li>\n\n\n\n<li>Cerca simboli scolpiti su pietre o porte.<\/li>\n\n\n\n<li>Resta almeno 20 minuti in silenzio: qui si <em>sente<\/em> qualcosa.<\/li>\n<\/ul>\n\n\n\n<p><strong>Tappa 3: La \u201cgrotta dell\u2019eremita\u201d<\/strong><\/p>\n\n\n\n<ul class=\"wp-block-list\">\n<li>Difficile da trovare, ma i locali la conoscono.<\/li>\n\n\n\n<li>Si racconta fosse la dimora di un guaritore.<\/li>\n\n\n\n<li>Porta una torcia, lasciati guidare dall\u2019intuito (e dal GPS, dai).<\/li>\n<\/ul>\n\n\n\n<p><strong>Tappa 4: Abbazia di Sant\u2019Antimo<\/strong><\/p>\n\n\n\n<figure class=\"wp-block-image size-full\"><img loading=\"lazy\" decoding=\"async\" width=\"242\" height=\"183\" src=\"https:\/\/impronte.eu\/news\/wp-content\/uploads\/2025\/04\/pietro-val-dorcia-9-1.jpg-1.jpg\" alt=\"\" class=\"wp-image-16493\"\/><\/figure>\n\n\n\n<ul class=\"wp-block-list\">\n<li>Poco distante, ma vale il viaggio.<\/li>\n\n\n\n<li>Luogo magico, potente, con vibrazioni reali.<\/li>\n\n\n\n<li>Canti gregoriani e architettura che fa venire i brividi.<\/li>\n<\/ul>\n\n\n\n<p><\/p>\n","protected":false},"excerpt":{"rendered":"<p>Nel cuore pulsante della Toscana, dove le colline sembrano onde immobili e il silenzio profuma di grano, si nasconde San Vito, una perla poco chiacchierata della Val d\u2019Orcia. Un luogo che non ti urla addosso la sua bellezza, ma te la sussurra piano, come fanno le cose vere. Un po\u2019 di storia San Vito (non&#8230;<\/p>\n","protected":false},"author":10,"featured_media":0,"comment_status":"open","ping_status":"open","sticky":false,"template":"","format":"standard","meta":{"footnotes":""},"categories":[63,76],"tags":[],"class_list":["post-16486","post","type-post","status-publish","format-standard","hentry","category-cultura","category-turismo"],"_links":{"self":[{"href":"https:\/\/impronte.eu\/news\/wp-json\/wp\/v2\/posts\/16486","targetHints":{"allow":["GET"]}}],"collection":[{"href":"https:\/\/impronte.eu\/news\/wp-json\/wp\/v2\/posts"}],"about":[{"href":"https:\/\/impronte.eu\/news\/wp-json\/wp\/v2\/types\/post"}],"author":[{"embeddable":true,"href":"https:\/\/impronte.eu\/news\/wp-json\/wp\/v2\/users\/10"}],"replies":[{"embeddable":true,"href":"https:\/\/impronte.eu\/news\/wp-json\/wp\/v2\/comments?post=16486"}],"version-history":[{"count":1,"href":"https:\/\/impronte.eu\/news\/wp-json\/wp\/v2\/posts\/16486\/revisions"}],"predecessor-version":[{"id":16495,"href":"https:\/\/impronte.eu\/news\/wp-json\/wp\/v2\/posts\/16486\/revisions\/16495"}],"wp:attachment":[{"href":"https:\/\/impronte.eu\/news\/wp-json\/wp\/v2\/media?parent=16486"}],"wp:term":[{"taxonomy":"category","embeddable":true,"href":"https:\/\/impronte.eu\/news\/wp-json\/wp\/v2\/categories?post=16486"},{"taxonomy":"post_tag","embeddable":true,"href":"https:\/\/impronte.eu\/news\/wp-json\/wp\/v2\/tags?post=16486"}],"curies":[{"name":"wp","href":"https:\/\/api.w.org\/{rel}","templated":true}]}}