{"id":16613,"date":"2025-05-05T19:05:44","date_gmt":"2025-05-05T18:05:44","guid":{"rendered":"https:\/\/impronte.eu\/news\/?p=16613"},"modified":"2025-05-05T19:05:45","modified_gmt":"2025-05-05T18:05:45","slug":"il-conclave-dallintelligenza-articiale-allo-spirito-santo","status":"publish","type":"post","link":"https:\/\/impronte.eu\/news\/il-conclave-dallintelligenza-articiale-allo-spirito-santo\/","title":{"rendered":"IL CONCLAVE, DALL\u2019INTELLIGENZA ARTICIALE ALLO SPIRITO SANTO."},"content":{"rendered":"<div class=\"wp-block-image\">\n<figure class=\"aligncenter size-full is-resized\"><img loading=\"lazy\" decoding=\"async\" width=\"179\" height=\"265\" src=\"https:\/\/impronte.eu\/news\/wp-content\/uploads\/2025\/05\/immagine_2025-05-05_200447349.png\" alt=\"\" class=\"wp-image-16615\" style=\"width:385px;height:auto\"\/><\/figure>\n<\/div>\n\n\n<p>Non c\u2019\u00e8, forse, momento pi\u00f9 significativo dell\u2019unione tra il trascendente e la secolarizzazione storica come l\u2019inizio del Conclave nella Cappella Sistina per l\u2019elezione del successore di San Pietro a capo della Chiesa Cattolica.&nbsp;<\/p>\n\n\n\n<p>20 secoli di cammino storico che entrano portati da un centinaio di Cardinali provenienti da ogni angolo della terra in una grande sala. In alto l\u2019opera che rappresenta l\u2019unione tra il Divino e l\u2019uomo. Il capolavoro di Michelangelo.<\/p>\n\n\n\n<p>Cos\u00ec attraverso i secoli percorsi dall\u2019umanit\u00e0 attraverso la storia antica, medioevale, rinascimentale, moderna, contemporanea.<\/p>\n\n\n\n<p>Epoche difficili, problematiche, dove \u00e8 sembrato perdere per l\u2019uomo la speranza. La luce della fede. Guerre, distruzioni e immani tragedie. La perdita di punti di rifermento. Carestie, pandemie. Eppure attraverso tre parole la storia del credere dei nostri avi ha trovato la forza per proseguire il proprio cammino fatto di amore, fede e coraggio.&nbsp; L\u2019opera di Michelangelo per l\u2019incontro tra la terra e il cielo.<\/p>\n\n\n\n<p>Attraverso ogni angolo del pianeta, da ogni regione si sono rimessi in viaggio. Con lingue, tradizioni, dialetti e bagagli diversi. &nbsp;Solo il nome che li rappresenta, li identifica. Cardinali. Con l\u2019obiettivo di eleggere il nuovo successore di San Pietro.&nbsp; Non c\u2018\u00e8 nulla di paragonabile in nessun evento politico o religioso in nessuna epoca storica. Il Conclave \u00e8 sempre l\u00ec a ricordarci che anche stavolta verr\u00e0 eletto il nuovo Papa. Nella citt\u00e0 eterna di Roma, nella citt\u00e0 del Vaticano. Al chiuso senza contatti con l\u2019esterno nella Cappella Sistina.<\/p>\n\n\n\n<p>In un mondo sempre pi\u00f9 profondamente laico, dai funerali di Papa Francesco sono giunti a Roma delegazioni di operatori dell\u2019informazione, della comunicazione per raccontare l\u2019evento del Conclave, aspettando la famosa fumata bianca. Il nuovo Papa. Pi\u00f9 numerosi di qualsiasi evento mai accaduto. Capi di Stato.<\/p>\n\n\n\n<p>La forza del trascendente, dello spirito, della religione, del credere.&nbsp; Eppure qualcuno ha detto siamo nell\u2019epoca di internet, telefonino, social o forse sarebbe meglio dire di quello che sar\u00e0 l\u2019intelligenza artificiale capace di trasformare le nostre vite in maniera impensabile fino soltanto a qualche anno fa.<\/p>\n\n\n\n<p>Il tentativo mal riuscito di banalizzare l\u2019elezione di un nuovo Papa. La politica che tenta di giocare la propria carta. Non regge l\u2019equazione. Non ha mai retto attraverso i secoli. Non regge neanche adesso alla prova dei fatti.<\/p>\n\n\n\n<p>Ai funerali di un Papa come Giovanni Paolo II dopo 26 anni di Pontificato, l\u2019ultima immagine in mondovisione fu il libro del Vangelo che si chiude. Quella immagine fece il giro del mondo non poteva essere altrimenti. Ai funerali di qualche giorno fa il presidente americano Trump si \u00e8 seduto davanti al presidente di un paese in guerra come \u2019Ucraina, Zelensky a San Pietro. Si sono guardati negli occhi per parlare di Pace. Da soli. Circondati dai marmi, i capolavori della fede cristiana.<\/p>\n\n\n\n<p>Ancora pochi giorni per l\u2019inizio del concilio. La domanda chi sar\u00e0 il nuovo Papa. Ci si affida al toto nomine. L\u2019intelligenza artificiale fa capolino. Non poteva essere altrimenti in aiuto, alla ricerca della risposta. Come voteranno i Cardinali. Circa 130. Quale saranno gli accordi, su chi convergeranno le loro scelte. Su quale nome?<\/p>\n\n\n\n<p>Domande che si sono ripetute attraverso i secoli, i momenti storici. Qualcuno ha voluto sintetizzare nella frase il Papa giusto al momento giusto. Poi la storia si ripete. Tutto si ferma. La razionalit\u00e0, il laicismo rimane a guardare incapace di comprendere. La potenza dell\u2019intelligenza artificiale rimane fuori della porta che si chiude. Non riesce pi\u00f9 a dire la sua, non pu\u00f2 farlo. Dall\u2019alto la Cappella Sistina guarda, ancora una volta, accoglie, mentre una porta si chiude, in attesa \u2026 Attraverso i secoli. In gioco c\u2019\u00e8 la speranza, del credere dell\u2019uomo.<\/p>\n\n\n\n<p>In un film di qualche anno fa l\u2019attore americano Robert Williams che fa la parte di uno psicologo incontra un giovane ragazzo genio della matematica, della fisica, il film si intitola appunto \u201cGenio Ribelle\u201d.&nbsp; Il ragazzo \u00e8 un paziente. Seduti su una panchina. Dice Robert Williams al ragazzo: \u201cSaprai tutto di matematica, di scienza, di fisica ma sono sicuro che non sai descrivermi la meraviglia che si prova guardando a testa in su i dipinti dell\u2019opera della Cappella Sistina\u201d.<\/p>\n","protected":false},"excerpt":{"rendered":"<p>Non c\u2019\u00e8, forse, momento pi\u00f9 significativo dell\u2019unione tra il trascendente e la secolarizzazione storica come l\u2019inizio del Conclave nella Cappella Sistina per l\u2019elezione del successore di San Pietro a capo della Chiesa Cattolica.&nbsp; 20 secoli di cammino storico che entrano portati da un centinaio di Cardinali provenienti da ogni angolo della terra in una grande&#8230;<\/p>\n","protected":false},"author":56,"featured_media":0,"comment_status":"open","ping_status":"open","sticky":false,"template":"","format":"standard","meta":{"footnotes":""},"categories":[70,63],"tags":[],"class_list":["post-16613","post","type-post","status-publish","format-standard","hentry","category-cinema","category-cultura"],"_links":{"self":[{"href":"https:\/\/impronte.eu\/news\/wp-json\/wp\/v2\/posts\/16613","targetHints":{"allow":["GET"]}}],"collection":[{"href":"https:\/\/impronte.eu\/news\/wp-json\/wp\/v2\/posts"}],"about":[{"href":"https:\/\/impronte.eu\/news\/wp-json\/wp\/v2\/types\/post"}],"author":[{"embeddable":true,"href":"https:\/\/impronte.eu\/news\/wp-json\/wp\/v2\/users\/56"}],"replies":[{"embeddable":true,"href":"https:\/\/impronte.eu\/news\/wp-json\/wp\/v2\/comments?post=16613"}],"version-history":[{"count":1,"href":"https:\/\/impronte.eu\/news\/wp-json\/wp\/v2\/posts\/16613\/revisions"}],"predecessor-version":[{"id":16616,"href":"https:\/\/impronte.eu\/news\/wp-json\/wp\/v2\/posts\/16613\/revisions\/16616"}],"wp:attachment":[{"href":"https:\/\/impronte.eu\/news\/wp-json\/wp\/v2\/media?parent=16613"}],"wp:term":[{"taxonomy":"category","embeddable":true,"href":"https:\/\/impronte.eu\/news\/wp-json\/wp\/v2\/categories?post=16613"},{"taxonomy":"post_tag","embeddable":true,"href":"https:\/\/impronte.eu\/news\/wp-json\/wp\/v2\/tags?post=16613"}],"curies":[{"name":"wp","href":"https:\/\/api.w.org\/{rel}","templated":true}]}}