{"id":16675,"date":"2025-05-10T13:52:29","date_gmt":"2025-05-10T12:52:29","guid":{"rendered":"https:\/\/impronte.eu\/news\/?p=16675"},"modified":"2025-05-10T13:52:30","modified_gmt":"2025-05-10T12:52:30","slug":"il-gatto-signore-delle-ombre","status":"publish","type":"post","link":"https:\/\/impronte.eu\/news\/il-gatto-signore-delle-ombre\/","title":{"rendered":"Il Gatto, Signore delle Ombre"},"content":{"rendered":"\n<p><\/p>\n\n\n\n<figure class=\"wp-block-image size-full\"><img loading=\"lazy\" decoding=\"async\" width=\"412\" height=\"412\" src=\"https:\/\/impronte.eu\/news\/wp-content\/uploads\/2025\/05\/anna-il-gatto-signore-delle-ombre-22-4.jpg\" alt=\"\" class=\"wp-image-16676\" srcset=\"https:\/\/impronte.eu\/news\/wp-content\/uploads\/2025\/05\/anna-il-gatto-signore-delle-ombre-22-4.jpg 412w, https:\/\/impronte.eu\/news\/wp-content\/uploads\/2025\/05\/anna-il-gatto-signore-delle-ombre-22-4-300x300.jpg 300w, https:\/\/impronte.eu\/news\/wp-content\/uploads\/2025\/05\/anna-il-gatto-signore-delle-ombre-22-4-150x150.jpg 150w, https:\/\/impronte.eu\/news\/wp-content\/uploads\/2025\/05\/anna-il-gatto-signore-delle-ombre-22-4-70x70.jpg 70w, https:\/\/impronte.eu\/news\/wp-content\/uploads\/2025\/05\/anna-il-gatto-signore-delle-ombre-22-4-360x360.jpg 360w\" sizes=\"auto, (max-width: 412px) 100vw, 412px\" \/><\/figure>\n\n\n\n<p>Dal grembo del buio, quando il mondo tace,<br>sorge il Gatto, creatura senza pace.<br>Non nasce, ritorna, da eoni lontani,<br>con occhi di fuoco e artigli sovrumani.<\/p>\n\n\n\n<p>Discende sul tetto, silente e sovrano,<br>le stelle lo seguono, passo per mano.<br>\u00c8 spirito antico, del caos messaggero,<br>\u00e8 il fulmine lieve, \u00e8 il giudice vero.<\/p>\n\n\n\n<p>Non chiede permesso, non prega, non dona<br>\u00e8 legge che cammina, \u00e8 l\u2019eco di una corona.<br>Ha visto imperi sorgere e crollare,<br>mentre lui, fiero, continuava a vegliare.<\/p>\n\n\n\n<p>\u00c8 cacciatore nei sogni, guardiano del tempo,<br>scompare nel nulla, ma lascia un esempio.<br>Tra i mondi cammina, confonde realt\u00e0,<br>\u00e8 il Gatto, fratello dell\u2019eternit\u00e0.<\/p>\n\n\n\n<p>Chi osa guardarlo, non vede un felino,<br>ma un dio in silenzio, sul filo del destino.<\/p>\n\n\n\n<figure class=\"wp-block-image size-full\"><img loading=\"lazy\" decoding=\"async\" width=\"495\" height=\"494\" src=\"https:\/\/impronte.eu\/news\/wp-content\/uploads\/2025\/05\/anna-il-gatto-signore-delle-ombre-22-5.jpg\" alt=\"\" class=\"wp-image-16677\" srcset=\"https:\/\/impronte.eu\/news\/wp-content\/uploads\/2025\/05\/anna-il-gatto-signore-delle-ombre-22-5.jpg 495w, https:\/\/impronte.eu\/news\/wp-content\/uploads\/2025\/05\/anna-il-gatto-signore-delle-ombre-22-5-300x300.jpg 300w, https:\/\/impronte.eu\/news\/wp-content\/uploads\/2025\/05\/anna-il-gatto-signore-delle-ombre-22-5-150x150.jpg 150w, https:\/\/impronte.eu\/news\/wp-content\/uploads\/2025\/05\/anna-il-gatto-signore-delle-ombre-22-5-70x70.jpg 70w, https:\/\/impronte.eu\/news\/wp-content\/uploads\/2025\/05\/anna-il-gatto-signore-delle-ombre-22-5-360x360.jpg 360w\" sizes=\"auto, (max-width: 495px) 100vw, 495px\" \/><\/figure>\n\n\n\n<p><br><br><\/p>\n","protected":false},"excerpt":{"rendered":"<p>Dal grembo del buio, quando il mondo tace,sorge il Gatto, creatura senza pace.Non nasce, ritorna, da eoni lontani,con occhi di fuoco e artigli sovrumani. Discende sul tetto, silente e sovrano,le stelle lo seguono, passo per mano.\u00c8 spirito antico, del caos messaggero,\u00e8 il fulmine lieve, \u00e8 il giudice vero. Non chiede permesso, non prega, non dona\u00e8&#8230;<\/p>\n","protected":false},"author":30,"featured_media":0,"comment_status":"open","ping_status":"open","sticky":false,"template":"","format":"standard","meta":{"footnotes":""},"categories":[66,63,71],"tags":[],"class_list":["post-16675","post","type-post","status-publish","format-standard","hentry","category-animali","category-cultura","category-poesia"],"_links":{"self":[{"href":"https:\/\/impronte.eu\/news\/wp-json\/wp\/v2\/posts\/16675","targetHints":{"allow":["GET"]}}],"collection":[{"href":"https:\/\/impronte.eu\/news\/wp-json\/wp\/v2\/posts"}],"about":[{"href":"https:\/\/impronte.eu\/news\/wp-json\/wp\/v2\/types\/post"}],"author":[{"embeddable":true,"href":"https:\/\/impronte.eu\/news\/wp-json\/wp\/v2\/users\/30"}],"replies":[{"embeddable":true,"href":"https:\/\/impronte.eu\/news\/wp-json\/wp\/v2\/comments?post=16675"}],"version-history":[{"count":1,"href":"https:\/\/impronte.eu\/news\/wp-json\/wp\/v2\/posts\/16675\/revisions"}],"predecessor-version":[{"id":16678,"href":"https:\/\/impronte.eu\/news\/wp-json\/wp\/v2\/posts\/16675\/revisions\/16678"}],"wp:attachment":[{"href":"https:\/\/impronte.eu\/news\/wp-json\/wp\/v2\/media?parent=16675"}],"wp:term":[{"taxonomy":"category","embeddable":true,"href":"https:\/\/impronte.eu\/news\/wp-json\/wp\/v2\/categories?post=16675"},{"taxonomy":"post_tag","embeddable":true,"href":"https:\/\/impronte.eu\/news\/wp-json\/wp\/v2\/tags?post=16675"}],"curies":[{"name":"wp","href":"https:\/\/api.w.org\/{rel}","templated":true}]}}