{"id":16734,"date":"2025-06-11T09:54:58","date_gmt":"2025-06-11T08:54:58","guid":{"rendered":"https:\/\/impronte.eu\/news\/?p=16734"},"modified":"2025-06-11T09:55:00","modified_gmt":"2025-06-11T08:55:00","slug":"doti-speranza-un-aiuto-concreto-per-scegliere-la-vita","status":"publish","type":"post","link":"https:\/\/impronte.eu\/news\/doti-speranza-un-aiuto-concreto-per-scegliere-la-vita\/","title":{"rendered":"\u201cDoti Speranza\u201d, un aiuto concreto per scegliere la vita"},"content":{"rendered":"\n<p><em>Presentato il progetto a sostegno delle donne in gravidanza<\/em><\/p>\n\n\n<div class=\"wp-block-image\">\n<figure class=\"aligncenter size-full\"><img loading=\"lazy\" decoding=\"async\" width=\"250\" height=\"275\" src=\"https:\/\/impronte.eu\/news\/wp-content\/uploads\/2025\/06\/giovannone-5.jpg\" alt=\"\" class=\"wp-image-16735\"\/><\/figure>\n<\/div>\n\n\n<p>Un aiuto reale, umano e personalizzato per aiutare le donne in gravidanza che vivono in condizioni di grave vulnerabilit\u00e0 a scegliere la vita. \u00c8 questo il significato profondo di <em>\u201cDoti Speranza\u201d<\/em>, il nuovo progetto promosso dalla <em>Federazione Regionale Lombarda della Societ\u00e0 di San Vincenzo De Paoli <\/em>in collaborazione con <em>Federvita Lombardia<\/em>. L\u2019iniziativa, presentata il 6 maggio a Milano nel corso di una Conferenza Stampa con i vertici delle due associazioni.<\/p>\n\n\n\n<p>L\u2019obiettivo \u00e8 semplice ma ambizioso: accompagnare le mamme pi\u00f9 fragili lungo il percorso della maternit\u00e0, offrendo ascolto, comprensione e un sostegno economico fino a 3.000 euro. Un gesto concreto, che non \u00e8 solo assistenza, ma una vera e propria alleanza di fiducia. Un cammino condiviso finalizzato alla fuoriuscita dalla condizione di povert\u00e0.<\/p>\n\n\n\n<figure class=\"wp-block-image size-full\"><img loading=\"lazy\" decoding=\"async\" width=\"616\" height=\"347\" src=\"https:\/\/impronte.eu\/news\/wp-content\/uploads\/2025\/06\/giovannone-23-dodi-speranza-1.jpg\" alt=\"\" class=\"wp-image-16736\" srcset=\"https:\/\/impronte.eu\/news\/wp-content\/uploads\/2025\/06\/giovannone-23-dodi-speranza-1.jpg 616w, https:\/\/impronte.eu\/news\/wp-content\/uploads\/2025\/06\/giovannone-23-dodi-speranza-1-300x169.jpg 300w, https:\/\/impronte.eu\/news\/wp-content\/uploads\/2025\/06\/giovannone-23-dodi-speranza-1-580x327.jpg 580w\" sizes=\"auto, (max-width: 616px) 100vw, 616px\" \/><\/figure>\n\n\n\n<p>Il progetto si rivolge in particolare alle donne incinte che si trovano in situazioni di forte marginalit\u00e0, anche prive di documenti, presenti sul territorio lombardo. Spesso si tratta di storie segnate dal dolore, da solitudine, da speranze infrante. Come quella di Narjis (il nome \u00e8 di fantasia, ma il racconto \u00e8 vero), oggi al nono mese di gravidanza. Ha solo vent\u2019anni, ma ha gi\u00e0 attraversato l\u2019inferno: fuggita dall\u2019Africa, imprigionata in Libia, \u00e8 riuscita a raggiungere l\u2019Italia dopo un lungo e pericoloso viaggio. A Lampedusa conosce il padre del suo bambino, che per\u00f2 la abbandona poco dopo. Rimasta sola, trova finalmente qualcuno che la ascolta: i volontari della Societ\u00e0 di San Vincenzo De Paoli, che oggi la accompagnano con amore verso la nascita del suo piccolo, prevista per il 28 maggio. Ora accanto a Narjis c\u2019\u00e8 una rete che garantisce non solo aiuto materiale, ma anche relazioni, fiducia e prospettive di integrazione.<\/p>\n\n\n\n<p>\u00abNoi dobbiamo portare speranza \u2013 afferma Licia Latino, Presidente della Federazione Regionale Lombarda della Societ\u00e0 di San Vincenzo De Paoli \u2013 a queste madri e ai loro figli, perch\u00e9 non si sentano costrette ad abortire solo per povert\u00e0 o solitudine\u00bb. \u201cDoti Speranza\u201d agisce proprio nei momenti decisivi, quando una donna \u2013 spesso giovane, sola e impaurita \u2013 si trova davanti a una scelta difficile. A lei viene offerta la possibilit\u00e0 concreta di affrontare la gravidanza con maggiore serenit\u00e0, grazie al contributo economico e a un progetto di accompagnamento su misura, costruito attorno alla sua storia, con rispetto e delicatezza.<\/p>\n\n\n\n<figure class=\"wp-block-image size-full\"><img loading=\"lazy\" decoding=\"async\" width=\"626\" height=\"341\" src=\"https:\/\/impronte.eu\/news\/wp-content\/uploads\/2025\/06\/giovannone-01.jpg\" alt=\"\" class=\"wp-image-16737\" srcset=\"https:\/\/impronte.eu\/news\/wp-content\/uploads\/2025\/06\/giovannone-01.jpg 626w, https:\/\/impronte.eu\/news\/wp-content\/uploads\/2025\/06\/giovannone-01-300x163.jpg 300w, https:\/\/impronte.eu\/news\/wp-content\/uploads\/2025\/06\/giovannone-01-580x316.jpg 580w\" sizes=\"auto, (max-width: 626px) 100vw, 626px\" \/><\/figure>\n\n\n\n<p>\u00abNon possiamo dare per scontato \u2013 spiega Marco Delvecchio, Responsabile scientifico del progetto \u2013 che chi vive senza casa, senza lavoro e in forte emarginazione sia a conoscenza dei servizi. Spesso, anche se li conosce, ha paura di rivolgersi alle istituzioni per timore che le venga tolto il bambino o perch\u00e9 si trova in condizioni di irregolarit\u00e0\u00bb. Ecco allora l\u2019importanza di una rete di prossimit\u00e0, che intercetti i bisogni nascosti e porti la carit\u00e0 l\u00e0 dove spesso non arriva nessuno.<\/p>\n\n\n\n<p>Nel segno di una \u201cChiesa in uscita\u201d, \u201cDoti Speranza\u201d rappresenta una risposta concreta e preziosa per tante donne che, nonostante tutto, scelgono di diventare madri.<\/p>\n\n\n\n<p>\u00abIn quarantatr\u00e9 anni di storia di Federvita Lombardia \u2013 racconta Paolo Picco, tra i fondatori \u2013 questo \u00e8 uno dei progetti pi\u00f9 significativi che abbiamo realizzato\u00bb. Elisabetta Pittino, Presidente di Federvita Lombardia, ha definito l\u2019iniziativa \u00abun guizzo geniale\u00bb e si augura \u00abche sia solo l\u2019inizio di una lunga collaborazione\u00bb.<\/p>\n\n\n\n<p>Nelly Minardi, Presidente del Consiglio Centrale di Rho Magenta della Societ\u00e0 di San Vincenzo De Paoli, ha coinvolto tutti gli spettatori raccontando la storia di Narjis, mentre Marina Cavallin, membro del Comitato Direttivo della Federazione Regionale Lombarda della Societ\u00e0 di San Vincenzo De Paoli, ha sottolineato il valore della sinergia con i Centri di Aiuto alla Vita. Anna Taliente, Segretaria nazionale, ha ricordato che tutto \u00e8 nato da una sollecitazione di Padre Francesco Gonella CM, Consigliere spirituale della Federazione Nazionale Italiana Societ\u00e0 di San Vincenzo De Paoli ODV.<\/p>\n\n\n\n<p>Un piccolo seme, che pu\u00f2 far sbocciare la vita. Una speranza che si fa dote, per ogni donna che sceglie di non arrendersi.<\/p>\n","protected":false},"excerpt":{"rendered":"<p>Presentato il progetto a sostegno delle donne in gravidanza Un aiuto reale, umano e personalizzato per aiutare le donne in gravidanza che vivono in condizioni di grave vulnerabilit\u00e0 a scegliere la vita. \u00c8 questo il significato profondo di \u201cDoti Speranza\u201d, il nuovo progetto promosso dalla Federazione Regionale Lombarda della Societ\u00e0 di San Vincenzo De Paoli&#8230;<\/p>\n","protected":false},"author":61,"featured_media":0,"comment_status":"open","ping_status":"open","sticky":false,"template":"","format":"standard","meta":{"footnotes":""},"categories":[63,75],"tags":[],"class_list":["post-16734","post","type-post","status-publish","format-standard","hentry","category-cultura","category-volontariato"],"_links":{"self":[{"href":"https:\/\/impronte.eu\/news\/wp-json\/wp\/v2\/posts\/16734","targetHints":{"allow":["GET"]}}],"collection":[{"href":"https:\/\/impronte.eu\/news\/wp-json\/wp\/v2\/posts"}],"about":[{"href":"https:\/\/impronte.eu\/news\/wp-json\/wp\/v2\/types\/post"}],"author":[{"embeddable":true,"href":"https:\/\/impronte.eu\/news\/wp-json\/wp\/v2\/users\/61"}],"replies":[{"embeddable":true,"href":"https:\/\/impronte.eu\/news\/wp-json\/wp\/v2\/comments?post=16734"}],"version-history":[{"count":1,"href":"https:\/\/impronte.eu\/news\/wp-json\/wp\/v2\/posts\/16734\/revisions"}],"predecessor-version":[{"id":16738,"href":"https:\/\/impronte.eu\/news\/wp-json\/wp\/v2\/posts\/16734\/revisions\/16738"}],"wp:attachment":[{"href":"https:\/\/impronte.eu\/news\/wp-json\/wp\/v2\/media?parent=16734"}],"wp:term":[{"taxonomy":"category","embeddable":true,"href":"https:\/\/impronte.eu\/news\/wp-json\/wp\/v2\/categories?post=16734"},{"taxonomy":"post_tag","embeddable":true,"href":"https:\/\/impronte.eu\/news\/wp-json\/wp\/v2\/tags?post=16734"}],"curies":[{"name":"wp","href":"https:\/\/api.w.org\/{rel}","templated":true}]}}