{"id":16739,"date":"2025-06-11T10:00:30","date_gmt":"2025-06-11T09:00:30","guid":{"rendered":"https:\/\/impronte.eu\/news\/?p=16739"},"modified":"2025-06-11T10:00:31","modified_gmt":"2025-06-11T09:00:31","slug":"leone-xiv-il-dolce-pastore-del-tempo-nuovo","status":"publish","type":"post","link":"https:\/\/impronte.eu\/news\/leone-xiv-il-dolce-pastore-del-tempo-nuovo\/","title":{"rendered":"\u201cLeone XIV, Il dolce pastore del tempo nuovo\u201d"},"content":{"rendered":"\n<p><img loading=\"lazy\" decoding=\"async\" width=\"279\" height=\"420\" src=\"\"><em>Sopra un trono d\u2019umilt\u00e0, non di potere,<br>con occhi che abbracciano il mondo intero,<br>egli cammina tra spine e silenzi,<br>un leone mite, dal passo sincero.<\/em><\/p>\n\n\n\n<p><em>Disegno d\u2019amore tracciato a pennello,<br>con rughe di luce sul viso sereno,<br>ha sussurrato a un\u2019epoca incerta:<br>\u201cChi ha fede, cammina anche sul terreno pi\u00f9 pieno.\u201d<\/em><\/p>\n\n\n\n<p><em>Non scettro, n\u00e9 spada, ma un ramoscello,<br>segno di pace e di nuovo cammino.<br>Ha parlato di cuori, di umanit\u00e0 intera,<br>di una Chiesa che abbraccia il destino.<\/em><\/p>\n\n\n\n<p><em>Sotto il peso del tempo e del grano maturo,<br>ha scelto la via dei piccoli e dei giusti.<br>Le sue parole, leggere come vento,<br>ora fioriscono nei giorni pi\u00f9 angusti.<\/em><\/p>\n\n\n\n<p><em>E il disegno, non solo un ritratto,<br>ma eco di un\u2019anima che ha scelto di amare.<br>Leone XIV non comanda, ma guida,<br>col volto di un padre, che sa perdonare.<\/em><\/p>\n\n\n\n<p><strong>\u201cLeone XIV, La voce che non trema\u201d<\/strong><\/p>\n\n\n\n<figure class=\"wp-block-image size-large\"><img loading=\"lazy\" decoding=\"async\" width=\"683\" height=\"1024\" src=\"https:\/\/impronte.eu\/news\/wp-content\/uploads\/2025\/06\/poesia-per-papa-ben-23-1-683x1024.jpg\" alt=\"\" class=\"wp-image-16740\" srcset=\"https:\/\/impronte.eu\/news\/wp-content\/uploads\/2025\/06\/poesia-per-papa-ben-23-1-683x1024.jpg 683w, https:\/\/impronte.eu\/news\/wp-content\/uploads\/2025\/06\/poesia-per-papa-ben-23-1-200x300.jpg 200w, https:\/\/impronte.eu\/news\/wp-content\/uploads\/2025\/06\/poesia-per-papa-ben-23-1-768x1152.jpg 768w, https:\/\/impronte.eu\/news\/wp-content\/uploads\/2025\/06\/poesia-per-papa-ben-23-1-580x870.jpg 580w, https:\/\/impronte.eu\/news\/wp-content\/uploads\/2025\/06\/poesia-per-papa-ben-23-1-860x1290.jpg 860w, https:\/\/impronte.eu\/news\/wp-content\/uploads\/2025\/06\/poesia-per-papa-ben-23-1.jpg 1024w\" sizes=\"auto, (max-width: 683px) 100vw, 683px\" \/><\/figure>\n\n\n\n<p><em>Non alz\u00f2 mai il bastone del potere,<br>ma il cuore s\u00ec, con mani forti e vere.<br>Non cerc\u00f2 applausi n\u00e9 troni dorati,<br>ma cammin\u00f2 tra i giusti e i dimenticati.<\/em><\/p>\n\n\n\n<p><em>Sotto la mitria, uno sguardo che sa,<br>che distingue il vero da ci\u00f2 che svanir\u00e0.<br>Con parole chiare, come luce al mattino,<br>ha detto: \u201cLa fede non \u00e8 un cammino fino.\u201d<\/em><\/p>\n\n\n\n<p><em>Ha parlato d\u2019uomo, ha parlato di Dio,<br>senza mai cedere al compromesso o all\u2019oblio.<br>Ha scelto il silenzio dove il rumore regna,<br>ma nel suo silenzio la verit\u00e0 insegna.<\/em><\/p>\n\n\n\n<p><em>\u00c8 stato un leone, ma senza ruggito,<br>bastava uno sguardo, un gesto pulito.<br>Nella sua voce, la forza della roccia,<br>che accoglie, perdona, ma non si accascia.<\/em><\/p>\n\n\n\n<p><em>Leone XIV, padre e sentinella,<br>ha scritto col cuore ogni sua parola bella.<br>Non comand\u00f2: illumin\u00f2 il cammino.<br>Non si impose: cammin\u00f2 vicino.<\/em><\/p>\n","protected":false},"excerpt":{"rendered":"<p>Sopra un trono d\u2019umilt\u00e0, non di potere,con occhi che abbracciano il mondo intero,egli cammina tra spine e silenzi,un leone mite, dal passo sincero. Disegno d\u2019amore tracciato a pennello,con rughe di luce sul viso sereno,ha sussurrato a un\u2019epoca incerta:\u201cChi ha fede, cammina anche sul terreno pi\u00f9 pieno.\u201d Non scettro, n\u00e9 spada, ma un ramoscello,segno di pace&#8230;<\/p>\n","protected":false},"author":9,"featured_media":0,"comment_status":"open","ping_status":"open","sticky":false,"template":"","format":"standard","meta":{"footnotes":""},"categories":[63,71],"tags":[],"class_list":["post-16739","post","type-post","status-publish","format-standard","hentry","category-cultura","category-poesia"],"_links":{"self":[{"href":"https:\/\/impronte.eu\/news\/wp-json\/wp\/v2\/posts\/16739","targetHints":{"allow":["GET"]}}],"collection":[{"href":"https:\/\/impronte.eu\/news\/wp-json\/wp\/v2\/posts"}],"about":[{"href":"https:\/\/impronte.eu\/news\/wp-json\/wp\/v2\/types\/post"}],"author":[{"embeddable":true,"href":"https:\/\/impronte.eu\/news\/wp-json\/wp\/v2\/users\/9"}],"replies":[{"embeddable":true,"href":"https:\/\/impronte.eu\/news\/wp-json\/wp\/v2\/comments?post=16739"}],"version-history":[{"count":1,"href":"https:\/\/impronte.eu\/news\/wp-json\/wp\/v2\/posts\/16739\/revisions"}],"predecessor-version":[{"id":16741,"href":"https:\/\/impronte.eu\/news\/wp-json\/wp\/v2\/posts\/16739\/revisions\/16741"}],"wp:attachment":[{"href":"https:\/\/impronte.eu\/news\/wp-json\/wp\/v2\/media?parent=16739"}],"wp:term":[{"taxonomy":"category","embeddable":true,"href":"https:\/\/impronte.eu\/news\/wp-json\/wp\/v2\/categories?post=16739"},{"taxonomy":"post_tag","embeddable":true,"href":"https:\/\/impronte.eu\/news\/wp-json\/wp\/v2\/tags?post=16739"}],"curies":[{"name":"wp","href":"https:\/\/api.w.org\/{rel}","templated":true}]}}