{"id":16804,"date":"2025-06-22T09:45:29","date_gmt":"2025-06-22T08:45:29","guid":{"rendered":"https:\/\/impronte.eu\/news\/?p=16804"},"modified":"2025-06-22T09:45:30","modified_gmt":"2025-06-22T08:45:30","slug":"san-giovanni-paolo-ii-non-lo-si-deve-dimenticare","status":"publish","type":"post","link":"https:\/\/impronte.eu\/news\/san-giovanni-paolo-ii-non-lo-si-deve-dimenticare\/","title":{"rendered":"San Giovanni Paolo II non lo si deve dimenticare."},"content":{"rendered":"\n<p><strong>Nel libro di Orazio La Rocca l\u2019attualit\u00e0 del Papa comunicatore<\/strong><\/p>\n\n\n<div class=\"wp-block-image\">\n<figure class=\"aligncenter size-large\"><img loading=\"lazy\" decoding=\"async\" width=\"1024\" height=\"759\" src=\"https:\/\/impronte.eu\/news\/wp-content\/uploads\/2025\/06\/IMG-20250610-WA0030-copertina-1-1-1024x759.jpg\" alt=\"\" class=\"wp-image-16806\" srcset=\"https:\/\/impronte.eu\/news\/wp-content\/uploads\/2025\/06\/IMG-20250610-WA0030-copertina-1-1-1024x759.jpg 1024w, https:\/\/impronte.eu\/news\/wp-content\/uploads\/2025\/06\/IMG-20250610-WA0030-copertina-1-1-300x222.jpg 300w, https:\/\/impronte.eu\/news\/wp-content\/uploads\/2025\/06\/IMG-20250610-WA0030-copertina-1-1-768x569.jpg 768w, https:\/\/impronte.eu\/news\/wp-content\/uploads\/2025\/06\/IMG-20250610-WA0030-copertina-1-1-580x430.jpg 580w, https:\/\/impronte.eu\/news\/wp-content\/uploads\/2025\/06\/IMG-20250610-WA0030-copertina-1-1-860x637.jpg 860w, https:\/\/impronte.eu\/news\/wp-content\/uploads\/2025\/06\/IMG-20250610-WA0030-copertina-1-1.jpg 1080w\" sizes=\"auto, (max-width: 1024px) 100vw, 1024px\" \/><\/figure>\n<\/div>\n\n\n<p>In occasione del ventennale della morte di Giovanni Paolo II, il giornalista Orazio La Rocca scrive un libro in cui ritrae alcuni dei tratti fondamentali del grande Papa, che rendono il suo ricordo indelebile a attualissimo. Si mettono in evidenza infatti la forte lotta che Papa Wojtyla intraprese verso la guerra e congiuntamente il profondo impegno che Egli rivolse al dialogo interreligioso.<\/p>\n\n\n\n<p>In <em>Wojtyla, i giorni dell\u2019addio, <\/em>edito Piemme,l\u2019autore porta alla memoria quei momenti indimenticabili in cui l\u2019intero mondo, fedeli e non fedeli, si ferm\u00f2 per la scomparsa del Grande Uomo di Dio.<\/p>\n\n\n\n<p>\u201cPer scrivere questo libro &#8211; afferma Orazio La Rocca- mi sono buttato a capo fitto nei ricordi, nella mia esperienza e nei miei appunti per raccontare una figura che si deve continuare a studiare, come tutte le figure imponenti che hanno servito il mondo la Chiesa e il mondo.<\/p>\n\n\n\n<figure class=\"wp-block-image size-full\"><img loading=\"lazy\" decoding=\"async\" width=\"481\" height=\"528\" src=\"https:\/\/impronte.eu\/news\/wp-content\/uploads\/2025\/06\/Orazio.jpg\" alt=\"\" class=\"wp-image-16807\" srcset=\"https:\/\/impronte.eu\/news\/wp-content\/uploads\/2025\/06\/Orazio.jpg 481w, https:\/\/impronte.eu\/news\/wp-content\/uploads\/2025\/06\/Orazio-273x300.jpg 273w\" sizes=\"auto, (max-width: 481px) 100vw, 481px\" \/><\/figure>\n\n\n\n<p>Ad esempio, faccio un piccolo inciso, ora, per merito di Papa Leone XIV, stiamo riscoprendo la figura di Papa Leone XIII, cui si deve l\u2019attenzione al tema del lavoro e dei lavoratori. Va tenuto ben a mente che questa attenzione al mondo del lavoro Leone XIII la mostrava oltre un secolo fa.<\/p>\n\n\n\n<p>Questo lo dico per sottolineare quanto sia importante non dimenticare il cammino dei Pontefici nella storia\u201d.<\/p>\n\n\n\n<p>Alla mia domanda che concerne il motivo per cui questo libro viene presentato in questo momento, luned\u00ec 23 giugno 2025 alle ore 18 presso la libreria San Paolo, in via Della Conciliazione 16 a Roma, l\u2019autore risponde: \u201cper rispetto del tempo che abbiamo vissuto, iniziato con il ricovero di Francesco, la sua morte e il Conclave. Con l\u2019editore avevamo deciso di fare la presentazione il 2 aprile, ma quando si cominci\u00f2 ad intravedere la situazione fragile di salute di Francesco, decidemmo di attendere almeno dopo il ricovero ospedaliero, in quanto ci sembrava fosse poco elegante farlo in quel frangente, in cui stavamo tutti pregando per lui. Cos\u00ec c\u2019\u00e8 stato un primo slittamento della presentazione. Avevamo poi deciso di tenere la presentazione il 5 maggio, ma tutto \u00e8 precipitato e Francesco ci ha lasciato.<\/p>\n\n\n\n<p>Abbiamo dunque deciso che avremmo presentato il libro dopo la conclusione del Conclave e, quindi, quando avremmo avuto il nuovo Pontefice\u201d.<\/p>\n\n\n\n<p>\u201cHo voluto scrivere questo libro &#8211; prosegue Orazio La Rocca &#8211; con il desiderio che dopo vent\u2019anni si accendano ancora i riflettori su questo pontificato, durato quasi ventisette anni, che presenta molti aspetti ancora fortemente attuali.<\/p>\n\n\n\n<p>Giovanni Paolo II \u00e8 stato infatti il Pontefice del dialogo interreligioso, il Pontefice che da giovane combatt\u00e9 il nazismo e che, poi, fu una spina nel fianco del comunismo sovietico. Ricordiamo che quando fu eletto Mosca si preoccup\u00f2.<\/p>\n\n\n\n<p>&nbsp;E, inoltre, fu forte il Suo richiamo alla pace e la condanna alla guerra\u201d.<\/p>\n\n\n\n<p>\u201cHo voluto dare un taglio particolare a questo mio libro- sottolinea ancora il giornalista- attraverso la presenza della Rabbino Capo di Roma, Riccardo Di Segni, Perch\u00e9 Papa Wojtyla \u00e8 stato il pontefice che ha battuto tanti muri ed \u00e8 stato il fautore del dialogo interreligioso ed \u00e8 il primo Papa che \u00e8 entrato in una Sinagoga.<\/p>\n\n\n\n<p>&nbsp;Giovanni Paolo II ha anche avuto il coraggio di citare nel Suo testamento il Rabbino di Roma.<\/p>\n\n\n\n<p>Ci sono molti aspetti da riportare alla mente che possono dare un grande contributo in questo momento in cui la pace viene meno in molte parti del mondo. Per questo motivo ho voluto inserire il Rabbino Di Segni, l\u2019erede spirituale di Toaff\u201d.<\/p>\n\n\n\n<p>\u201cIl libro &#8211; spiega l\u2019autore Orazio La Rocca &#8211; \u00e8 proprio un racconto giornalistico che racconta gli ultimi due mesi di vita del grande Papa Santo, dagli ultimi ricoveri al funerale presieduto dall&#8217;allora cardinale Joseph Ratzinger, il futuro Benedetto XVI.&nbsp;<\/p>\n\n\n\n<p>Ho scelto di affidare l&#8217;inizio di questo libro alle analisi di una figura come Liliana Segre, la senatrice a vita, che parla appunto del rapporto tra Wojty\u0142a e il mondo ebraico, che \u00e8 argomento fortemente di attualit\u00e0. Alle riflessioni di Lucio Caracciolo, uno dei pi\u00f9 grandi esperti di geopolitica attualmente in circolazione, direttore di Limes, ho riservato tutto il discorso circa la geopolitica mondiale alla luce proprio de dei richiami alla pace.&nbsp; E poi mi ha onorato anche l\u2019allora sindaco di Roma, Walter Veltroni, delle sue memorie. Fu lui infatti a vigilare sul buon funzionamento della macchina organizzativa in occasione dei solenni funerali di Wojtyla ai quali parteciparono quattro milioni di persone, che si riversarono nelle vie di Roma intorno al Vaticano.\u201d<\/p>\n\n\n\n<p>\u201cQuesto mio libro vuole mettere in luce alcuni dei tanti punti focali del pontificato di Giovanni Paolo II come: il dialogo religioso, l&#8217;appello alla pace, l&#8217;abbattimento dei muri, la politica, con la P maiuscola, intesa come servizio agli ultimi. Le mie pagine contengono molti inediti<\/p>\n\n\n\n<p>Con me a delineare, sotto taluni aspetti, il profilo di papa Giovanni Polo II, colui che ha condotto la Chiesa nel terzo millennio, saranno il Cardinale Marcello Semeraro, Prefetto della Congregazione per la Causa dei Santi; Andrea Tornielli, Direttore Editoriale dei Media Vaticani e Riccardo Di Segni, Rabbino capo della Comunit\u00e0 Ebraica di Roma. Moderer\u00e0 la presentazione Enzo Romeo, vaticanista del TG2\u201d.<\/p>\n\n\n\n<p>Mi associo, come fedele, come vaticanista e come Direttore Responsabile di <em>Impronte.eu<\/em>&nbsp;alla profonda motivazione personale dell&#8217;autore, Orazio La Rocca,&nbsp;nel voler mantenere viva la memoria di un Papa fondamentale per l&#8217;umanit\u00e0.<\/p>\n","protected":false},"excerpt":{"rendered":"<p>Nel libro di Orazio La Rocca l\u2019attualit\u00e0 del Papa comunicatore In occasione del ventennale della morte di Giovanni Paolo II, il giornalista Orazio La Rocca scrive un libro in cui ritrae alcuni dei tratti fondamentali del grande Papa, che rendono il suo ricordo indelebile a attualissimo. Si mettono in evidenza infatti la forte lotta che&#8230;<\/p>\n","protected":false},"author":2,"featured_media":0,"comment_status":"open","ping_status":"open","sticky":false,"template":"","format":"standard","meta":{"footnotes":""},"categories":[63],"tags":[],"class_list":["post-16804","post","type-post","status-publish","format-standard","hentry","category-cultura"],"_links":{"self":[{"href":"https:\/\/impronte.eu\/news\/wp-json\/wp\/v2\/posts\/16804","targetHints":{"allow":["GET"]}}],"collection":[{"href":"https:\/\/impronte.eu\/news\/wp-json\/wp\/v2\/posts"}],"about":[{"href":"https:\/\/impronte.eu\/news\/wp-json\/wp\/v2\/types\/post"}],"author":[{"embeddable":true,"href":"https:\/\/impronte.eu\/news\/wp-json\/wp\/v2\/users\/2"}],"replies":[{"embeddable":true,"href":"https:\/\/impronte.eu\/news\/wp-json\/wp\/v2\/comments?post=16804"}],"version-history":[{"count":1,"href":"https:\/\/impronte.eu\/news\/wp-json\/wp\/v2\/posts\/16804\/revisions"}],"predecessor-version":[{"id":16808,"href":"https:\/\/impronte.eu\/news\/wp-json\/wp\/v2\/posts\/16804\/revisions\/16808"}],"wp:attachment":[{"href":"https:\/\/impronte.eu\/news\/wp-json\/wp\/v2\/media?parent=16804"}],"wp:term":[{"taxonomy":"category","embeddable":true,"href":"https:\/\/impronte.eu\/news\/wp-json\/wp\/v2\/categories?post=16804"},{"taxonomy":"post_tag","embeddable":true,"href":"https:\/\/impronte.eu\/news\/wp-json\/wp\/v2\/tags?post=16804"}],"curies":[{"name":"wp","href":"https:\/\/api.w.org\/{rel}","templated":true}]}}