{"id":16810,"date":"2025-07-03T09:26:49","date_gmt":"2025-07-03T08:26:49","guid":{"rendered":"https:\/\/impronte.eu\/news\/?p=16810"},"modified":"2025-07-03T09:26:49","modified_gmt":"2025-07-03T08:26:49","slug":"chi-e-il-merlo-indiano","status":"publish","type":"post","link":"https:\/\/impronte.eu\/news\/chi-e-il-merlo-indiano\/","title":{"rendered":"Chi \u00e8 il merlo indiano?"},"content":{"rendered":"\n<p>Il merlo indiano, o \u201cmainate\u201d, \u00e8 un passeriforme della famiglia degli Sturnidi, originario dell\u2019Asia tropicale. Ha un piumaggio nero lucido, becco e zampe gialli, e due distintive caruncole ai lati del capo. Misura circa 24\u201139\u202fcm e in cattivit\u00e0 pu\u00f2 vivere fino a 15\u201120 anni (raramente 30)<\/p>\n\n\n<div class=\"wp-block-image\">\n<figure class=\"aligncenter size-full\"><img loading=\"lazy\" decoding=\"async\" width=\"429\" height=\"565\" src=\"https:\/\/impronte.eu\/news\/wp-content\/uploads\/2025\/07\/MARIA-BERARDI-MERLO-24-01-1.jpg\" alt=\"\" class=\"wp-image-16812\" srcset=\"https:\/\/impronte.eu\/news\/wp-content\/uploads\/2025\/07\/MARIA-BERARDI-MERLO-24-01-1.jpg 429w, https:\/\/impronte.eu\/news\/wp-content\/uploads\/2025\/07\/MARIA-BERARDI-MERLO-24-01-1-228x300.jpg 228w\" sizes=\"auto, (max-width: 429px) 100vw, 429px\" \/><\/figure>\n<\/div>\n\n\n<p>Il suo soprannome? \u201cMerlo parlante\u201d. \u00c8 dotato di sorprendente capacit\u00e0 imitativa: oltre a frasi, pu\u00f2 riprodurre toni, suoni domestici e addirittura timbri vocali umani.<\/p>\n\n\n\n<p><strong>Pregi e difetti<\/strong><\/p>\n\n\n\n<p><strong>Pregi<\/strong><\/p>\n\n\n\n<ul class=\"wp-block-list\">\n<li>Molto intelligente, affettuoso e curioso<\/li>\n\n\n\n<li>Quando addomesticato da piccolo, sviluppa legami profondi con il proprietario, quasi come un cane<\/li>\n<\/ul>\n\n\n\n<p><strong>Difetti<\/strong><\/p>\n\n\n\n<ul class=\"wp-block-list\">\n<li>Molto vocale: fischi e suoni acuti possono infastidire vicini e conviventi<\/li>\n\n\n\n<li>Richiede spazio: gabbia capiente, pulita e ambienti privi di correnti e rumori<\/li>\n\n\n\n<li>Necessita di tempo e attenzione: va interagito quotidianamente, talvolta anche con volo libero controllato<\/li>\n<\/ul>\n\n\n\n<figure class=\"wp-block-image size-full\"><img loading=\"lazy\" decoding=\"async\" width=\"462\" height=\"437\" src=\"https:\/\/impronte.eu\/news\/wp-content\/uploads\/2025\/07\/MARIA-BERARDI-MERLO-24-02.jpg\" alt=\"\" class=\"wp-image-16813\" srcset=\"https:\/\/impronte.eu\/news\/wp-content\/uploads\/2025\/07\/MARIA-BERARDI-MERLO-24-02.jpg 462w, https:\/\/impronte.eu\/news\/wp-content\/uploads\/2025\/07\/MARIA-BERARDI-MERLO-24-02-300x284.jpg 300w\" sizes=\"auto, (max-width: 462px) 100vw, 462px\" \/><\/figure>\n\n\n\n<p><strong>Alimentazione e cura<\/strong><\/p>\n\n\n\n<ul class=\"wp-block-list\">\n<li><strong>Gabbia\/voliera<\/strong>: minima 70\u00d770\u00d7100 cm, preferibile voliera \u201call\u2019inglese\u201d per isolare dalle correnti;<\/li>\n\n\n\n<li>va pulita ogni giorno<\/li>\n\n\n\n<li><strong>Alimentazione<\/strong>: frutta (mele, pere, fragole), verdura, riso bollito, mangime insettivoro, larve e fonte proteica (occasionalmente uovo o carne trita).<\/li>\n\n\n\n<li><strong>Salute<\/strong>: specie protetta CITES II, richiede certificato o allevamento autorizzato<\/li>\n\n\n\n<li><strong>Esercizio<\/strong>: farlo volare in sicurezza in casa, senza finestre aperte o superfici riflettenti<\/li>\n<\/ul>\n\n\n\n<p><strong>Tecniche di addestramento al \u201cparlare\u201d<\/strong><\/p>\n\n\n\n<ol start=\"1\" class=\"wp-block-list\">\n<li><strong>Tempismo<\/strong>\n<ul class=\"wp-block-list\">\n<li>Pomeriggio o sera: momenti di maggiore ricettivit\u00e0<\/li>\n<\/ul>\n<\/li>\n\n\n\n<li><strong>Scelta delle parole<\/strong>\n<ul class=\"wp-block-list\">\n<li>Inizia con monosillabi o bisillabi vocalici (\u201cciao\u201d, \u201cbravo\u201d)<\/li>\n\n\n\n<li>Una parola per volta: non passare oltre finch\u00e9 non ripete bene la precedente<\/li>\n<\/ul>\n<\/li>\n\n\n\n<li><strong>Tono di voce e coerenza<\/strong>\n<ul class=\"wp-block-list\">\n<li>Voce calma, pacata e ripetitiva, scandendo chiaramente: voci acute funzionano meglio.<\/li>\n\n\n\n<li>Stessa persona per le lezioni, per evitare confusione<\/li>\n<\/ul>\n<\/li>\n\n\n\n<li><strong>Frequenza e rinforzo<\/strong>\n<ul class=\"wp-block-list\">\n<li>Sessioni quotidiane, poche minuti, con pause tra i tentativi<\/li>\n\n\n\n<li>Usa premi gustosi (larve, frutta, semi) ogni volta che fa progressi<\/li>\n<\/ul>\n<\/li>\n\n\n\n<li><strong>Socializzazione<\/strong>\n<ul class=\"wp-block-list\">\n<li>Ama interagire: evita gabbie rumorose e preferisci momenti dedicati per stimolarlo <strong>\u00a0<\/strong><\/li>\n<\/ul>\n<\/li>\n<\/ol>\n\n\n\n<p><strong>Dove in Italia<\/strong><\/p>\n\n\n\n<ul class=\"wp-block-list\">\n<li>In Italia, il merlo indiano \u00e8 raro da trovare in negozi: meglio rivolgersi ad allevamenti specializzati con certificazione CITES e patente di cattura legale<\/li>\n\n\n\n<li>Facilmente riconoscibile per il piumaggio nero, caruncole gialle, becco robusto e zampe gialle.<\/li>\n<\/ul>\n\n\n\n<p>Il merlo indiano \u00e8 un compagno unico: intelligente, affettuoso e dotato di voce. Ma non \u00e8 un animale da salotto: richiede tempo, spazio e dedizione.<\/p>\n","protected":false},"excerpt":{"rendered":"<p>Il merlo indiano, o \u201cmainate\u201d, \u00e8 un passeriforme della famiglia degli Sturnidi, originario dell\u2019Asia tropicale. Ha un piumaggio nero lucido, becco e zampe gialli, e due distintive caruncole ai lati del capo. Misura circa 24\u201139\u202fcm e in cattivit\u00e0 pu\u00f2 vivere fino a 15\u201120 anni (raramente 30) Il suo soprannome? \u201cMerlo parlante\u201d. \u00c8 dotato di sorprendente&#8230;<\/p>\n","protected":false},"author":4,"featured_media":0,"comment_status":"open","ping_status":"open","sticky":false,"template":"","format":"standard","meta":{"footnotes":""},"categories":[66],"tags":[],"class_list":["post-16810","post","type-post","status-publish","format-standard","hentry","category-animali"],"_links":{"self":[{"href":"https:\/\/impronte.eu\/news\/wp-json\/wp\/v2\/posts\/16810","targetHints":{"allow":["GET"]}}],"collection":[{"href":"https:\/\/impronte.eu\/news\/wp-json\/wp\/v2\/posts"}],"about":[{"href":"https:\/\/impronte.eu\/news\/wp-json\/wp\/v2\/types\/post"}],"author":[{"embeddable":true,"href":"https:\/\/impronte.eu\/news\/wp-json\/wp\/v2\/users\/4"}],"replies":[{"embeddable":true,"href":"https:\/\/impronte.eu\/news\/wp-json\/wp\/v2\/comments?post=16810"}],"version-history":[{"count":1,"href":"https:\/\/impronte.eu\/news\/wp-json\/wp\/v2\/posts\/16810\/revisions"}],"predecessor-version":[{"id":16814,"href":"https:\/\/impronte.eu\/news\/wp-json\/wp\/v2\/posts\/16810\/revisions\/16814"}],"wp:attachment":[{"href":"https:\/\/impronte.eu\/news\/wp-json\/wp\/v2\/media?parent=16810"}],"wp:term":[{"taxonomy":"category","embeddable":true,"href":"https:\/\/impronte.eu\/news\/wp-json\/wp\/v2\/categories?post=16810"},{"taxonomy":"post_tag","embeddable":true,"href":"https:\/\/impronte.eu\/news\/wp-json\/wp\/v2\/tags?post=16810"}],"curies":[{"name":"wp","href":"https:\/\/api.w.org\/{rel}","templated":true}]}}