{"id":16825,"date":"2025-07-03T09:54:09","date_gmt":"2025-07-03T08:54:09","guid":{"rendered":"https:\/\/impronte.eu\/news\/?p=16825"},"modified":"2025-07-03T09:54:09","modified_gmt":"2025-07-03T08:54:09","slug":"innsbruck-capoluogo-del-tirolo-austriaco","status":"publish","type":"post","link":"https:\/\/impronte.eu\/news\/innsbruck-capoluogo-del-tirolo-austriaco\/","title":{"rendered":"Innsbruck, capoluogo del Tirolo austriaco"},"content":{"rendered":"\n<p><strong>Un Viaggio nella Storia<\/strong><\/p>\n\n\n<div class=\"wp-block-image\">\n<figure class=\"aligncenter size-full is-resized\"><img loading=\"lazy\" decoding=\"async\" width=\"308\" height=\"309\" src=\"https:\/\/impronte.eu\/news\/wp-content\/uploads\/2025\/07\/FILIPUTTI-CARLO-INSBRUK-24-01.jpg\" alt=\"\" class=\"wp-image-16826\" style=\"width:387px;height:auto\" srcset=\"https:\/\/impronte.eu\/news\/wp-content\/uploads\/2025\/07\/FILIPUTTI-CARLO-INSBRUK-24-01.jpg 308w, https:\/\/impronte.eu\/news\/wp-content\/uploads\/2025\/07\/FILIPUTTI-CARLO-INSBRUK-24-01-300x300.jpg 300w, https:\/\/impronte.eu\/news\/wp-content\/uploads\/2025\/07\/FILIPUTTI-CARLO-INSBRUK-24-01-150x150.jpg 150w, https:\/\/impronte.eu\/news\/wp-content\/uploads\/2025\/07\/FILIPUTTI-CARLO-INSBRUK-24-01-70x70.jpg 70w\" sizes=\"auto, (max-width: 308px) 100vw, 308px\" \/><\/figure>\n<\/div>\n\n\n<p>Fondata nel 1237, Innsbruck deve il suo nome al &#8220;ponte sull&#8217;Inn&#8221; (Inn + Bruck). La citt\u00e0 \u00e8 stata un importante crocevia tra Italia e Germania, sviluppandosi come centro commerciale e culturale. Durante il periodo asburgico, divenne una delle residenze imperiali, testimoniata da edifici come il Tettuccio d&#8217;Oro, costruito tra il 1494 e il 1496 per celebrare le nozze dell&#8217;imperatore Massimiliano I<\/p>\n\n\n\n<p><strong>Sapori Tirolesi<\/strong><\/p>\n\n\n\n<p>La cucina tirolese \u00e8 robusta e saporita, perfetta per affrontare i rigori alpini.<\/p>\n\n\n<div class=\"wp-block-image\">\n<figure class=\"aligncenter size-full is-resized\"><img loading=\"lazy\" decoding=\"async\" width=\"366\" height=\"652\" src=\"https:\/\/impronte.eu\/news\/wp-content\/uploads\/2025\/07\/FILIPUTTI-CARLO-INSBRUK-24-03.jpg\" alt=\"\" class=\"wp-image-16828\" style=\"width:387px;height:auto\" srcset=\"https:\/\/impronte.eu\/news\/wp-content\/uploads\/2025\/07\/FILIPUTTI-CARLO-INSBRUK-24-03.jpg 366w, https:\/\/impronte.eu\/news\/wp-content\/uploads\/2025\/07\/FILIPUTTI-CARLO-INSBRUK-24-03-168x300.jpg 168w\" sizes=\"auto, (max-width: 366px) 100vw, 366px\" \/><\/figure>\n<\/div>\n\n\n<p>Tra i piatti tipici:<\/p>\n\n\n\n<ul class=\"wp-block-list\">\n<li><strong>Canederli (Kn\u00f6del)<\/strong>: gnocchi di pane con speck o spinaci, serviti in brodo o burro fuso.<\/li>\n\n\n\n<li><strong>Tiroler Gr\u00f6stl<\/strong>: patate saltate con cipolle e carne, spesso accompagnate da un uovo all&#8217;occhio di bue.<\/li>\n\n\n\n<li><strong>Sp\u00e4tzle<\/strong>: gnocchetti di farina e uova, serviti con formaggio fuso e cipolla fritta.<\/li>\n\n\n\n<li><strong>Strudel di mele<\/strong>: dolce tradizionale con mele, uvetta e cannella.<\/li>\n<\/ul>\n\n\n\n<p>Le locande tradizionali del centro storico, dove questi piatti sono preparati secondo ricette tramandate da generazioni.<\/p>\n\n\n\n<figure class=\"wp-block-image size-full\"><img loading=\"lazy\" decoding=\"async\" width=\"582\" height=\"327\" src=\"https:\/\/impronte.eu\/news\/wp-content\/uploads\/2025\/07\/FILIPUTTI-CARLO-INSBRUK-24-02.jpg\" alt=\"\" class=\"wp-image-16827\" srcset=\"https:\/\/impronte.eu\/news\/wp-content\/uploads\/2025\/07\/FILIPUTTI-CARLO-INSBRUK-24-02.jpg 582w, https:\/\/impronte.eu\/news\/wp-content\/uploads\/2025\/07\/FILIPUTTI-CARLO-INSBRUK-24-02-300x169.jpg 300w, https:\/\/impronte.eu\/news\/wp-content\/uploads\/2025\/07\/FILIPUTTI-CARLO-INSBRUK-24-02-580x326.jpg 580w\" sizes=\"auto, (max-width: 582px) 100vw, 582px\" \/><\/figure>\n\n\n\n<p><strong>Misteri e Leggende<\/strong><\/p>\n\n\n\n<p>Innsbruck non \u00e8 solo storia e gastronomia; \u00e8 anche una citt\u00e0 avvolta nel mistero. Si narra che l&#8217;Hofgarten sia infestato dal fantasma di una nobildonna dal cuore spezzato . Il Castello di Ambras ospita la &#8220;Camera delle Meraviglie&#8221;, una collezione di oggetti curiosi e rari, tra cui il ritratto di Petrus Gonsalvus, l&#8217;uomo affetto da ipertricosi che ispir\u00f2 la leggenda de &#8220;La Bella e la Bestia&#8221;<\/p>\n\n\n<div class=\"wp-block-image\">\n<figure class=\"aligncenter size-full\"><img loading=\"lazy\" decoding=\"async\" width=\"390\" height=\"520\" src=\"https:\/\/impronte.eu\/news\/wp-content\/uploads\/2025\/07\/FILIPUTTI-CARLO-INSBRUK-24-05.jpg\" alt=\"\" class=\"wp-image-16829\" srcset=\"https:\/\/impronte.eu\/news\/wp-content\/uploads\/2025\/07\/FILIPUTTI-CARLO-INSBRUK-24-05.jpg 390w, https:\/\/impronte.eu\/news\/wp-content\/uploads\/2025\/07\/FILIPUTTI-CARLO-INSBRUK-24-05-225x300.jpg 225w\" sizes=\"auto, (max-width: 390px) 100vw, 390px\" \/><\/figure>\n<\/div>\n\n\n<p><\/p>\n","protected":false},"excerpt":{"rendered":"<p>Un Viaggio nella Storia Fondata nel 1237, Innsbruck deve il suo nome al &#8220;ponte sull&#8217;Inn&#8221; (Inn + Bruck). La citt\u00e0 \u00e8 stata un importante crocevia tra Italia e Germania, sviluppandosi come centro commerciale e culturale. Durante il periodo asburgico, divenne una delle residenze imperiali, testimoniata da edifici come il Tettuccio d&#8217;Oro, costruito tra il 1494&#8230;<\/p>\n","protected":false},"author":71,"featured_media":0,"comment_status":"open","ping_status":"open","sticky":false,"template":"","format":"standard","meta":{"footnotes":""},"categories":[63,76],"tags":[],"class_list":["post-16825","post","type-post","status-publish","format-standard","hentry","category-cultura","category-turismo"],"_links":{"self":[{"href":"https:\/\/impronte.eu\/news\/wp-json\/wp\/v2\/posts\/16825","targetHints":{"allow":["GET"]}}],"collection":[{"href":"https:\/\/impronte.eu\/news\/wp-json\/wp\/v2\/posts"}],"about":[{"href":"https:\/\/impronte.eu\/news\/wp-json\/wp\/v2\/types\/post"}],"author":[{"embeddable":true,"href":"https:\/\/impronte.eu\/news\/wp-json\/wp\/v2\/users\/71"}],"replies":[{"embeddable":true,"href":"https:\/\/impronte.eu\/news\/wp-json\/wp\/v2\/comments?post=16825"}],"version-history":[{"count":1,"href":"https:\/\/impronte.eu\/news\/wp-json\/wp\/v2\/posts\/16825\/revisions"}],"predecessor-version":[{"id":16830,"href":"https:\/\/impronte.eu\/news\/wp-json\/wp\/v2\/posts\/16825\/revisions\/16830"}],"wp:attachment":[{"href":"https:\/\/impronte.eu\/news\/wp-json\/wp\/v2\/media?parent=16825"}],"wp:term":[{"taxonomy":"category","embeddable":true,"href":"https:\/\/impronte.eu\/news\/wp-json\/wp\/v2\/categories?post=16825"},{"taxonomy":"post_tag","embeddable":true,"href":"https:\/\/impronte.eu\/news\/wp-json\/wp\/v2\/tags?post=16825"}],"curies":[{"name":"wp","href":"https:\/\/api.w.org\/{rel}","templated":true}]}}