{"id":16834,"date":"2025-07-03T10:01:17","date_gmt":"2025-07-03T09:01:17","guid":{"rendered":"https:\/\/impronte.eu\/news\/?p=16834"},"modified":"2025-07-03T10:01:17","modified_gmt":"2025-07-03T09:01:17","slug":"de-ficchy-racconta-la-vicenda-di-don-minutella","status":"publish","type":"post","link":"https:\/\/impronte.eu\/news\/de-ficchy-racconta-la-vicenda-di-don-minutella\/","title":{"rendered":"De Ficchy racconta la vicenda di Don Minutella"},"content":{"rendered":"\n<p>&nbsp;<em>L&#8217;Incantatore: il sacerdote scomunicato nel 2018 per scisma ed eresia<\/em> \u00e8 l\u2019ultima produzione letteraria di Giovanni De Ficchy.<\/p>\n\n\n<div class=\"wp-block-image\">\n<figure class=\"aligncenter size-full\"><img loading=\"lazy\" decoding=\"async\" width=\"675\" height=\"467\" src=\"https:\/\/impronte.eu\/news\/wp-content\/uploads\/2025\/07\/FICHY-LIBRO-24-1.jpg\" alt=\"\" class=\"wp-image-16835\" srcset=\"https:\/\/impronte.eu\/news\/wp-content\/uploads\/2025\/07\/FICHY-LIBRO-24-1.jpg 675w, https:\/\/impronte.eu\/news\/wp-content\/uploads\/2025\/07\/FICHY-LIBRO-24-1-300x208.jpg 300w, https:\/\/impronte.eu\/news\/wp-content\/uploads\/2025\/07\/FICHY-LIBRO-24-1-580x401.jpg 580w\" sizes=\"auto, (max-width: 675px) 100vw, 675px\" \/><\/figure>\n<\/div>\n\n\n<p>L\u2019autore racconta la storia di Don Minutella, il sacerdote palermitano che si \u00e8 posto fortemente ed apertamente in contrasto con il pontificato di Bergoglio ed \u00e8 stato pertanto scomunicato. Il religioso ha sempre proclamato di voler salvare quella che lui definisce \u201cla Chiesa vera\u201d, ma deluso dal silenzio dei Sacri Palazzi alle sue lettere in cui chiedeva di essere sostenuto in questa battaglia, decise di interrompere la sua lotta all\u2019ormai defunto Francesco asserendo che: \u201cil rischio \u00e8 che si pensi che io sto portando avanti una mia chiesa, che io stia creando una setta. Ma io non sto facendo nulla di tutto questo. Io sto difendendo la Santa Madre Chiesa\u201d.<\/p>\n\n\n\n<p>Giovanni De Ficchy afferma che: \u201cL&#8217;eredit\u00e0 di Minutella si estende ben oltre le immediate conseguenze della sua scomunica. Il suo impatto si riflette in diversi ambiti chiave, sfidando le strutture ecclesiastiche tradizionali e spingendo a riconsiderare l&#8217;impegno della Chiesa cattolica nell&#8217;era digitale. In primo luogo, il suo abile uso dei social media ha messo in luce una tutela nelle strategie di comunicazione della Chiesa. Mentre il Vaticano e le diocesi faticavano a stabilire una solida presenza online in grado di contrastare la disinformazione e coinvolgere le giovani generazioni, Minutella ha coltivato senza sforzo un seguito fedele attraverso contenuti avvincenti, seppur controversi.<br>La sua capacit\u00e0 di rivolgersi direttamente ai suoi seguaci, bypassando gli intermediari tradizionali, ha evidenziato la necessit\u00e0 della Chiesa di una presenza digitale pi\u00f9 dinamica e accessibile. Non si trattava semplicemente di una questione di progresso tecnologico; metteva in luce una profonda disconnessione tra la Chiesa istituzionale e una parte della sua popolazione che desiderava una forma di guida spirituale pi\u00f9 emotivamente coinvolgente e meno burocratica\u201d.<\/p>\n","protected":false},"excerpt":{"rendered":"<p>&nbsp;L&#8217;Incantatore: il sacerdote scomunicato nel 2018 per scisma ed eresia \u00e8 l\u2019ultima produzione letteraria di Giovanni De Ficchy. L\u2019autore racconta la storia di Don Minutella, il sacerdote palermitano che si \u00e8 posto fortemente ed apertamente in contrasto con il pontificato di Bergoglio ed \u00e8 stato pertanto scomunicato. Il religioso ha sempre proclamato di voler salvare&#8230;<\/p>\n","protected":false},"author":39,"featured_media":0,"comment_status":"open","ping_status":"open","sticky":false,"template":"","format":"standard","meta":{"footnotes":""},"categories":[63],"tags":[],"class_list":["post-16834","post","type-post","status-publish","format-standard","hentry","category-cultura"],"_links":{"self":[{"href":"https:\/\/impronte.eu\/news\/wp-json\/wp\/v2\/posts\/16834","targetHints":{"allow":["GET"]}}],"collection":[{"href":"https:\/\/impronte.eu\/news\/wp-json\/wp\/v2\/posts"}],"about":[{"href":"https:\/\/impronte.eu\/news\/wp-json\/wp\/v2\/types\/post"}],"author":[{"embeddable":true,"href":"https:\/\/impronte.eu\/news\/wp-json\/wp\/v2\/users\/39"}],"replies":[{"embeddable":true,"href":"https:\/\/impronte.eu\/news\/wp-json\/wp\/v2\/comments?post=16834"}],"version-history":[{"count":1,"href":"https:\/\/impronte.eu\/news\/wp-json\/wp\/v2\/posts\/16834\/revisions"}],"predecessor-version":[{"id":16836,"href":"https:\/\/impronte.eu\/news\/wp-json\/wp\/v2\/posts\/16834\/revisions\/16836"}],"wp:attachment":[{"href":"https:\/\/impronte.eu\/news\/wp-json\/wp\/v2\/media?parent=16834"}],"wp:term":[{"taxonomy":"category","embeddable":true,"href":"https:\/\/impronte.eu\/news\/wp-json\/wp\/v2\/categories?post=16834"},{"taxonomy":"post_tag","embeddable":true,"href":"https:\/\/impronte.eu\/news\/wp-json\/wp\/v2\/tags?post=16834"}],"curies":[{"name":"wp","href":"https:\/\/api.w.org\/{rel}","templated":true}]}}