{"id":16837,"date":"2025-07-03T10:05:45","date_gmt":"2025-07-03T09:05:45","guid":{"rendered":"https:\/\/impronte.eu\/news\/?p=16837"},"modified":"2025-07-03T10:05:46","modified_gmt":"2025-07-03T09:05:46","slug":"linz-la-citta-della-luce-e-dellombra-un-ponte-tra-passato-imperiale-e-futuro-digitale","status":"publish","type":"post","link":"https:\/\/impronte.eu\/news\/linz-la-citta-della-luce-e-dellombra-un-ponte-tra-passato-imperiale-e-futuro-digitale\/","title":{"rendered":"Linz, la citt\u00e0 della luce e dell\u2019ombra, un ponte tra passato imperiale e futuro digitale"},"content":{"rendered":"\n<p>Linz, capoluogo dell\u2019Alta Austria, si affaccia maestosa sul Danubio come una sentinella del tempo. Fondata in epoca romana con il nome di <em>Lentia<\/em>, la citt\u00e0 ha attraversato secoli di dominazioni, innovazioni e rivoluzioni culturali. Durante il Sacro Romano Impero fu una roccaforte strategica, tanto da ospitare l\u2019imperatore Federico III, che ne fece per un periodo la capitale effettiva.<\/p>\n\n\n<div class=\"wp-block-image\">\n<figure class=\"aligncenter size-full\"><img loading=\"lazy\" decoding=\"async\" width=\"317\" height=\"321\" src=\"https:\/\/impronte.eu\/news\/wp-content\/uploads\/2025\/07\/CARLO-F-LINZ-24-05.jpg\" alt=\"\" class=\"wp-image-16838\" srcset=\"https:\/\/impronte.eu\/news\/wp-content\/uploads\/2025\/07\/CARLO-F-LINZ-24-05.jpg 317w, https:\/\/impronte.eu\/news\/wp-content\/uploads\/2025\/07\/CARLO-F-LINZ-24-05-296x300.jpg 296w, https:\/\/impronte.eu\/news\/wp-content\/uploads\/2025\/07\/CARLO-F-LINZ-24-05-70x70.jpg 70w\" sizes=\"auto, (max-width: 317px) 100vw, 317px\" \/><\/figure>\n<\/div>\n\n\n<p>Ma Linz \u00e8 anche la citt\u00e0 dei contrasti: un tempo cupa e industriale, oggi \u00e8 un laboratorio culturale futuristico. \u00c8 stata <strong>Capitale Europea della Cultura nel 2009<\/strong> e vanta spazi avanguardistici come l&#8217;<strong>Ars Electronica Center<\/strong>, definito il \u201cMuseo del Futuro\u201d.<\/p>\n\n\n\n<figure class=\"wp-block-image size-full\"><img loading=\"lazy\" decoding=\"async\" width=\"674\" height=\"505\" src=\"https:\/\/impronte.eu\/news\/wp-content\/uploads\/2025\/07\/CARLO-F-LINZ-24-04.jpg\" alt=\"\" class=\"wp-image-16839\" srcset=\"https:\/\/impronte.eu\/news\/wp-content\/uploads\/2025\/07\/CARLO-F-LINZ-24-04.jpg 674w, https:\/\/impronte.eu\/news\/wp-content\/uploads\/2025\/07\/CARLO-F-LINZ-24-04-300x225.jpg 300w, https:\/\/impronte.eu\/news\/wp-content\/uploads\/2025\/07\/CARLO-F-LINZ-24-04-580x435.jpg 580w\" sizes=\"auto, (max-width: 674px) 100vw, 674px\" \/><\/figure>\n\n\n\n<p><strong>Curiosit\u00e0 che non ti aspetti<\/strong><\/p>\n\n\n\n<ul class=\"wp-block-list\">\n<li><strong>Hitler e Linz<\/strong>: Adolf Hitler pass\u00f2 parte della sua giovinezza a Linz e sognava di trasformarla in una metropoli culturale del Reich. Fortunatamente, quel piano non si \u00e8 mai realizzato.<\/li>\n\n\n\n<li><strong>Il ponte invisibile del Danubio<\/strong>: secondo una leggenda, esisterebbe un ponte \u201cspirituale\u201d che collega i due lati del fiume solo per chi ha il \u201ccuore puro\u201d. Forse una suggestione massonica? Chi lo sa \u2026<\/li>\n\n\n\n<li><strong>La sinfonia perduta di Bruckner<\/strong>: Anton Bruckner, il celebre compositore che visse a Linz, avrebbe scritto una sinfonia \u201cnumerata zero\u201d che fu nascosta nei sotterranei della vecchia cattedrale e mai eseguita pubblicamente.<\/li>\n<\/ul>\n\n\n<div class=\"wp-block-image\">\n<figure class=\"aligncenter size-full is-resized\"><img loading=\"lazy\" decoding=\"async\" width=\"379\" height=\"505\" src=\"https:\/\/impronte.eu\/news\/wp-content\/uploads\/2025\/07\/CARLO-F-LINZ-24-03.jpg\" alt=\"\" class=\"wp-image-16840\" style=\"width:387px;height:auto\" srcset=\"https:\/\/impronte.eu\/news\/wp-content\/uploads\/2025\/07\/CARLO-F-LINZ-24-03.jpg 379w, https:\/\/impronte.eu\/news\/wp-content\/uploads\/2025\/07\/CARLO-F-LINZ-24-03-225x300.jpg 225w\" sizes=\"auto, (max-width: 379px) 100vw, 379px\" \/><\/figure>\n<\/div>\n\n\n<p><strong>Cucina tipica: tra burro, dolcezza e cuore austriaco<\/strong><\/p>\n\n\n\n<p>Linz \u00e8 casa di uno dei dolci pi\u00f9 antichi d\u2019Europa: la <strong>Linzertorte<\/strong>, una crostata con pasta di nocciole e marmellata di ribes, spesso aromatizzata con cannella e chiodi di garofano. Una bomba di gusto e tradizione.<\/p>\n\n\n\n<p>Tra le altre prelibatezze:<\/p>\n\n\n\n<ul class=\"wp-block-list\">\n<li><strong>Kn\u00f6del<\/strong>: gnocchi ripieni, sia dolci che salati, spesso serviti con burro fuso.<\/li>\n\n\n\n<li><strong>Schweinsbraten<\/strong>: arrosto di maiale con crosta croccante, servito con crauti e patate.<\/li>\n\n\n\n<li><strong>Frittatensuppe<\/strong>: brodo caldo con strisce di crepe, perfetto nei giorni freddi.<\/li>\n\n\n\n<li><strong>Birra artigianale locale<\/strong>: da provare le specialit\u00e0 del birrificio \u201cLinzer Bier\u201d.<\/li>\n<\/ul>\n\n\n\n<figure class=\"wp-block-image size-full\"><img loading=\"lazy\" decoding=\"async\" width=\"603\" height=\"452\" src=\"https:\/\/impronte.eu\/news\/wp-content\/uploads\/2025\/07\/CARLO-F-LINZ-24-06.jpg\" alt=\"\" class=\"wp-image-16841\" srcset=\"https:\/\/impronte.eu\/news\/wp-content\/uploads\/2025\/07\/CARLO-F-LINZ-24-06.jpg 603w, https:\/\/impronte.eu\/news\/wp-content\/uploads\/2025\/07\/CARLO-F-LINZ-24-06-300x225.jpg 300w, https:\/\/impronte.eu\/news\/wp-content\/uploads\/2025\/07\/CARLO-F-LINZ-24-06-580x435.jpg 580w\" sizes=\"auto, (max-width: 603px) 100vw, 603px\" \/><\/figure>\n\n\n\n<p><strong>Esoterismo e simboli nascosti di Linz<\/strong><\/p>\n\n\n\n<p>Sotto la sua facciata razionale e ordinata, Linz cela un lato pi\u00f9 oscuro e affascinante:<\/p>\n\n\n\n<ul class=\"wp-block-list\">\n<li><strong>Il Castello di Linz<\/strong> (Schlossmuseum) sorge su un sito che secondo alcune leggende celtiche era un luogo di culto della Dea Madre. Pare che sotto le fondamenta si incrocino <em>linee telluriche<\/em>, vere e proprie \u201cvene energetiche\u201d della terra.<\/li>\n\n\n\n<li><strong>La vecchia cattedrale<\/strong> (Alter Dom), un edificio barocco che nasconde simboli alchemici nei decori lignei del pulpito. Si dice che i gesuiti vi sperimentassero pratiche di contemplazione e geometrie sacre.<\/li>\n\n\n\n<li><strong>Il Labirinto invisibile di Hauptplatz<\/strong>: alcuni ricercatori esoterici austriaci hanno ipotizzato che la piazza principale, con i suoi palazzi e il monumento della Trinit\u00e0, sia costruita secondo una mappa cabalistica, con un percorso iniziatico tracciato nei simboli delle facciate.<\/li>\n<\/ul>\n\n\n\n<p><strong>Linz, la citt\u00e0 dove convivono luce e ombra<\/strong><\/p>\n\n\n\n<figure class=\"wp-block-image size-full\"><img loading=\"lazy\" decoding=\"async\" width=\"379\" height=\"505\" src=\"https:\/\/impronte.eu\/news\/wp-content\/uploads\/2025\/07\/CARLO-F-LINZ-24-02.jpg\" alt=\"\" class=\"wp-image-16842\" srcset=\"https:\/\/impronte.eu\/news\/wp-content\/uploads\/2025\/07\/CARLO-F-LINZ-24-02.jpg 379w, https:\/\/impronte.eu\/news\/wp-content\/uploads\/2025\/07\/CARLO-F-LINZ-24-02-225x300.jpg 225w\" sizes=\"auto, (max-width: 379px) 100vw, 379px\" \/><\/figure>\n\n\n\n<p>Linz non \u00e8 una citt\u00e0 da cartolina. \u00c8 viva, intensa, a tratti cupa, ma sempre affascinante. Racconta una storia fatta di ingranaggi industriali e concerti elettronici, di torte dolcissime e misteri sotterranei.<\/p>\n","protected":false},"excerpt":{"rendered":"<p>Linz, capoluogo dell\u2019Alta Austria, si affaccia maestosa sul Danubio come una sentinella del tempo. Fondata in epoca romana con il nome di Lentia, la citt\u00e0 ha attraversato secoli di dominazioni, innovazioni e rivoluzioni culturali. Durante il Sacro Romano Impero fu una roccaforte strategica, tanto da ospitare l\u2019imperatore Federico III, che ne fece per un periodo&#8230;<\/p>\n","protected":false},"author":71,"featured_media":0,"comment_status":"open","ping_status":"open","sticky":false,"template":"","format":"standard","meta":{"footnotes":""},"categories":[63,76],"tags":[],"class_list":["post-16837","post","type-post","status-publish","format-standard","hentry","category-cultura","category-turismo"],"_links":{"self":[{"href":"https:\/\/impronte.eu\/news\/wp-json\/wp\/v2\/posts\/16837","targetHints":{"allow":["GET"]}}],"collection":[{"href":"https:\/\/impronte.eu\/news\/wp-json\/wp\/v2\/posts"}],"about":[{"href":"https:\/\/impronte.eu\/news\/wp-json\/wp\/v2\/types\/post"}],"author":[{"embeddable":true,"href":"https:\/\/impronte.eu\/news\/wp-json\/wp\/v2\/users\/71"}],"replies":[{"embeddable":true,"href":"https:\/\/impronte.eu\/news\/wp-json\/wp\/v2\/comments?post=16837"}],"version-history":[{"count":1,"href":"https:\/\/impronte.eu\/news\/wp-json\/wp\/v2\/posts\/16837\/revisions"}],"predecessor-version":[{"id":16843,"href":"https:\/\/impronte.eu\/news\/wp-json\/wp\/v2\/posts\/16837\/revisions\/16843"}],"wp:attachment":[{"href":"https:\/\/impronte.eu\/news\/wp-json\/wp\/v2\/media?parent=16837"}],"wp:term":[{"taxonomy":"category","embeddable":true,"href":"https:\/\/impronte.eu\/news\/wp-json\/wp\/v2\/categories?post=16837"},{"taxonomy":"post_tag","embeddable":true,"href":"https:\/\/impronte.eu\/news\/wp-json\/wp\/v2\/tags?post=16837"}],"curies":[{"name":"wp","href":"https:\/\/api.w.org\/{rel}","templated":true}]}}