{"id":16853,"date":"2025-07-03T10:22:50","date_gmt":"2025-07-03T09:22:50","guid":{"rendered":"https:\/\/impronte.eu\/news\/?p=16853"},"modified":"2025-07-03T10:22:51","modified_gmt":"2025-07-03T09:22:51","slug":"salisburgo-la-citta-del-sale-dei-suoni-e-dei-segreti","status":"publish","type":"post","link":"https:\/\/impronte.eu\/news\/salisburgo-la-citta-del-sale-dei-suoni-e-dei-segreti\/","title":{"rendered":"Salisburgo, la citt\u00e0 del sale, dei suoni e dei segreti"},"content":{"rendered":"\n<p>Salisburgo \u2013 <em>Salzburg<\/em>, ovvero \u201ccastello del sale\u201d \u2013 deve il suo nome alla sua pi\u00f9 antica ricchezza: il <strong>sale<\/strong>. Gi\u00e0 i <strong>Celti<\/strong>, prima ancora dei Romani, estraevano l\u2019\u201coro bianco\u201d dalle montagne vicine, in particolare a <strong>Hallein<\/strong>, e lo commerciavano lungo il fiume Salzach.<\/p>\n\n\n\n<figure class=\"wp-block-image size-full\"><img loading=\"lazy\" decoding=\"async\" width=\"678\" height=\"509\" src=\"https:\/\/impronte.eu\/news\/wp-content\/uploads\/2025\/07\/FIL-CARL-SALISBURGO-24-02.jpg\" alt=\"\" class=\"wp-image-16854\" srcset=\"https:\/\/impronte.eu\/news\/wp-content\/uploads\/2025\/07\/FIL-CARL-SALISBURGO-24-02.jpg 678w, https:\/\/impronte.eu\/news\/wp-content\/uploads\/2025\/07\/FIL-CARL-SALISBURGO-24-02-300x225.jpg 300w, https:\/\/impronte.eu\/news\/wp-content\/uploads\/2025\/07\/FIL-CARL-SALISBURGO-24-02-580x435.jpg 580w\" sizes=\"auto, (max-width: 678px) 100vw, 678px\" \/><\/figure>\n\n\n\n<p>I Romani fondarono qui il <strong>municipium di Iuvavum<\/strong>, e da l\u00ec prese forma una citt\u00e0 che ha sempre oscillato tra la sacralit\u00e0 e il potere temporale. Dopo la caduta dell\u2019Impero Romano, Salisburgo cadde in un lungo oblio, per poi rinascere in epoca carolingia come centro ecclesiastico di primo piano.<\/p>\n\n\n\n<p><strong>Mozart, musica e magia<\/strong><\/p>\n\n\n\n<p>Impossibile parlare di Salisburgo senza nominare <strong>Wolfgang Amadeus Mozart<\/strong>, il suo figlio pi\u00f9 celebre. Nato nel 1756, Mozart non solo ha lasciato un\u2019impronta musicale indelebile, ma ha anche acceso l\u2019immaginario collettivo con il suo genio precocissimo, i suoi scritti cifrati e le sue frequenti allusioni a simboli <strong>massonici<\/strong> e <strong>ermetici<\/strong>. Il padre Leopold, infatti, era affiliato a una loggia, e molte opere di Mozart (dal <em>Flauto Magico<\/em> in primis) sono intrise di riferimenti <strong>esoterici<\/strong>: dualismo luce\/tenebre, iniziazioni, numerologia.<\/p>\n\n\n<div class=\"wp-block-image\">\n<figure class=\"aligncenter size-full\"><img loading=\"lazy\" decoding=\"async\" width=\"755\" height=\"503\" src=\"https:\/\/impronte.eu\/news\/wp-content\/uploads\/2025\/07\/FIL-CARL-SALISBURGO-24-06.jpg\" alt=\"\" class=\"wp-image-16855\" srcset=\"https:\/\/impronte.eu\/news\/wp-content\/uploads\/2025\/07\/FIL-CARL-SALISBURGO-24-06.jpg 755w, https:\/\/impronte.eu\/news\/wp-content\/uploads\/2025\/07\/FIL-CARL-SALISBURGO-24-06-300x200.jpg 300w, https:\/\/impronte.eu\/news\/wp-content\/uploads\/2025\/07\/FIL-CARL-SALISBURGO-24-06-580x386.jpg 580w\" sizes=\"auto, (max-width: 755px) 100vw, 755px\" \/><\/figure>\n<\/div>\n\n\n<p><strong>La citt\u00e0 invisibile: simboli, miti e geometrie sacre<\/strong><\/p>\n\n\n\n<p>Dietro le facciate barocche e le armonie di Haydn e Schubert, Salisburgo cela una seconda anima: <strong>esoterica, simbolica, nascosta<\/strong>.<\/p>\n\n\n\n<ul class=\"wp-block-list\">\n<li>La <strong>Festung Hohensalzburg<\/strong>, la fortezza che domina la citt\u00e0, segue proporzioni <strong>geometriche auree<\/strong> e simboleggia il controllo spirituale sulla citt\u00e0 sottostante.<\/li>\n\n\n\n<li>Nella <strong>cattedrale<\/strong>, la disposizione delle colonne e dei pavimenti richiama disegni della <strong>Kabbalah<\/strong> e della tradizione rosacrociana.<\/li>\n\n\n\n<li>Alcuni studiosi vedono nella citt\u00e0 un punto di <strong>intersezione energetica<\/strong>, una sorta di nodo geomantico delle Alpi orientali.<\/li>\n<\/ul>\n\n\n\n<p>Inoltre, la leggenda vuole che nel monastero di <strong>San Pietro<\/strong> si conservi un <strong>manoscritto alchemico<\/strong> capace di trasmutare la materia&#8230; o l\u2019anima.<\/p>\n\n\n\n<figure class=\"wp-block-image size-full\"><img loading=\"lazy\" decoding=\"async\" width=\"607\" height=\"810\" src=\"https:\/\/impronte.eu\/news\/wp-content\/uploads\/2025\/07\/FIL-CARL-SALISBURGO-24-04.jpg\" alt=\"\" class=\"wp-image-16856\" srcset=\"https:\/\/impronte.eu\/news\/wp-content\/uploads\/2025\/07\/FIL-CARL-SALISBURGO-24-04.jpg 607w, https:\/\/impronte.eu\/news\/wp-content\/uploads\/2025\/07\/FIL-CARL-SALISBURGO-24-04-225x300.jpg 225w, https:\/\/impronte.eu\/news\/wp-content\/uploads\/2025\/07\/FIL-CARL-SALISBURGO-24-04-580x774.jpg 580w\" sizes=\"auto, (max-width: 607px) 100vw, 607px\" \/><\/figure>\n\n\n\n<p><strong>Curiosit\u00e0 tra arte, natura e spiriti antichi<\/strong><\/p>\n\n\n\n<ul class=\"wp-block-list\">\n<li><strong>Il cimitero di San Pietro<\/strong> \u00e8 uno dei pi\u00f9 antichi d\u2019Europa. Qui, in mezzo a tombe scavate nella roccia e cripte millenarie, si respira il mistero. Pare che certe notti si sentano i cori dei monaci scomparsi.<\/li>\n\n\n\n<li><strong>Il castello di Hellbrunn<\/strong> con i suoi giochi d\u2019acqua nasconde passaggi segreti, statue di creature mitologiche e rappresentazioni astrologiche sulle pareti.<\/li>\n\n\n\n<li><strong>Il Festival di Salisburgo<\/strong>, evento clou dell\u2019estate, nasce nel 1920 come rinascita spirituale e artistica dopo la Prima Guerra Mondiale. Un progetto che fondeva musica, teatro e \u2013 segretamente \u2013 anche <strong>una rinascita morale dell\u2019Europa<\/strong> attraverso l\u2019arte.<\/li>\n<\/ul>\n\n\n\n<p><strong>Le trasformazioni del tempo: da capitale religiosa a polo culturale globale<\/strong><\/p>\n\n\n\n<figure class=\"wp-block-image size-full\"><img loading=\"lazy\" decoding=\"async\" width=\"542\" height=\"406\" src=\"https:\/\/impronte.eu\/news\/wp-content\/uploads\/2025\/07\/FIL-CARL-SALISBURGO-24-01.jpg\" alt=\"\" class=\"wp-image-16857\" srcset=\"https:\/\/impronte.eu\/news\/wp-content\/uploads\/2025\/07\/FIL-CARL-SALISBURGO-24-01.jpg 542w, https:\/\/impronte.eu\/news\/wp-content\/uploads\/2025\/07\/FIL-CARL-SALISBURGO-24-01-300x225.jpg 300w\" sizes=\"auto, (max-width: 542px) 100vw, 542px\" \/><\/figure>\n\n\n\n<p>Nel corso dei secoli, Salisburgo ha cambiato pelle pi\u00f9 volte:<\/p>\n\n\n\n<ul class=\"wp-block-list\">\n<li>Da <strong>principato arcivescovile<\/strong> indipendente a parte dell\u2019Impero Asburgico.<\/li>\n\n\n\n<li>Da citt\u00e0 barocca chiusa su s\u00e9 stessa a <strong>capitale culturale dell\u2019Europa centrale<\/strong>.<\/li>\n\n\n\n<li>Da luogo mistico e conservatore a <strong>centro cosmopolita<\/strong>, aperto a turisti, studenti e intellettuali di tutto il mondo.<\/li>\n<\/ul>\n\n\n\n<p>Eppure, qualcosa \u00e8 rimasto immobile: l\u2019eleganza delle sue vie, l\u2019eco della musica nei suoi palazzi, il richiamo del <strong>sacro<\/strong> e del <strong>misterioso<\/strong> nelle sue pietre antiche.<\/p>\n\n\n\n<p><strong>Salisburgo, specchio delle Alpi e dell\u2019anima<\/strong> Salisburgo \u00e8 una porta: sul passato, sul mistero, su una bellezza che vibra tra architettura, spiritualit\u00e0 e suoni eterni. In bilico tra luce e ombra, ragione e sogno, conserva in ogni angolo il suo segreto. E forse, \u00e8 proprio l\u00ec il suo fascino: nel non volerlo mai svelare fino in fondo<\/p>\n","protected":false},"excerpt":{"rendered":"<p>Salisburgo \u2013 Salzburg, ovvero \u201ccastello del sale\u201d \u2013 deve il suo nome alla sua pi\u00f9 antica ricchezza: il sale. Gi\u00e0 i Celti, prima ancora dei Romani, estraevano l\u2019\u201coro bianco\u201d dalle montagne vicine, in particolare a Hallein, e lo commerciavano lungo il fiume Salzach. I Romani fondarono qui il municipium di Iuvavum, e da l\u00ec prese&#8230;<\/p>\n","protected":false},"author":71,"featured_media":0,"comment_status":"open","ping_status":"open","sticky":false,"template":"","format":"standard","meta":{"footnotes":""},"categories":[63,76],"tags":[],"class_list":["post-16853","post","type-post","status-publish","format-standard","hentry","category-cultura","category-turismo"],"_links":{"self":[{"href":"https:\/\/impronte.eu\/news\/wp-json\/wp\/v2\/posts\/16853","targetHints":{"allow":["GET"]}}],"collection":[{"href":"https:\/\/impronte.eu\/news\/wp-json\/wp\/v2\/posts"}],"about":[{"href":"https:\/\/impronte.eu\/news\/wp-json\/wp\/v2\/types\/post"}],"author":[{"embeddable":true,"href":"https:\/\/impronte.eu\/news\/wp-json\/wp\/v2\/users\/71"}],"replies":[{"embeddable":true,"href":"https:\/\/impronte.eu\/news\/wp-json\/wp\/v2\/comments?post=16853"}],"version-history":[{"count":1,"href":"https:\/\/impronte.eu\/news\/wp-json\/wp\/v2\/posts\/16853\/revisions"}],"predecessor-version":[{"id":16858,"href":"https:\/\/impronte.eu\/news\/wp-json\/wp\/v2\/posts\/16853\/revisions\/16858"}],"wp:attachment":[{"href":"https:\/\/impronte.eu\/news\/wp-json\/wp\/v2\/media?parent=16853"}],"wp:term":[{"taxonomy":"category","embeddable":true,"href":"https:\/\/impronte.eu\/news\/wp-json\/wp\/v2\/categories?post=16853"},{"taxonomy":"post_tag","embeddable":true,"href":"https:\/\/impronte.eu\/news\/wp-json\/wp\/v2\/tags?post=16853"}],"curies":[{"name":"wp","href":"https:\/\/api.w.org\/{rel}","templated":true}]}}