{"id":16942,"date":"2025-07-29T12:43:02","date_gmt":"2025-07-29T11:43:02","guid":{"rendered":"https:\/\/impronte.eu\/news\/?p=16942"},"modified":"2025-07-29T12:45:47","modified_gmt":"2025-07-29T11:45:47","slug":"cremona-risponde-con-il-cuore","status":"publish","type":"post","link":"https:\/\/impronte.eu\/news\/cremona-risponde-con-il-cuore\/","title":{"rendered":"Cremona risponde con il cuore"},"content":{"rendered":"\n<p><em><strong>10.500 pasti donati con il Pasto Sospeso a sostegno della Societ\u00e0 di San Vincenzo De Paoli<\/strong><\/em><\/p>\n\n\n<div class=\"wp-block-image\">\n<figure class=\"aligncenter size-full is-resized\"><img loading=\"lazy\" decoding=\"async\" width=\"248\" height=\"274\" src=\"https:\/\/impronte.eu\/news\/wp-content\/uploads\/2025\/07\/giovannone-rosaria-24-02-4.jpg\" alt=\"\" class=\"wp-image-16943\" style=\"width:387px;height:auto\"\/><\/figure>\n<\/div>\n\n\n<p>Nei \u2018Gioved\u00ec d\u2019Estate\u2019, il centro di Cremona si anima di vita, colori e speranza. Le attivit\u00e0 commerciali restano aperte, prendono vita iniziative culturali, mercatini artigianali e le strade si riempiono di persone. Tra le voci allegre e i sorrisi dei bambini, spicca lo stand del Pasto Sospeso, con la sua mascotte, il coniglietto Marubino, simbolo gentile della solidariet\u00e0.<\/p>\n\n\n\n<p>Il Pasto Sospeso \u00e8 il progetto di solidariet\u00e0 promosso dai Rotary Club del gruppo Terre Padane.<\/p>\n\n\n\n<p>Dietro l\u2019atmosfera festosa degli eventi c\u2019\u00e8 un impegno quotidiano, silenzioso e profondo: quello del Consiglio Centrale della Societ\u00e0 di San Vincenzo De Paoli di Cremona, che da decenni rappresenta un punto di riferimento per chi vive situazioni di fragilit\u00e0.<\/p>\n\n\n\n<figure class=\"wp-block-image size-full\"><img loading=\"lazy\" decoding=\"async\" width=\"526\" height=\"701\" src=\"https:\/\/impronte.eu\/news\/wp-content\/uploads\/2025\/07\/PASTO-SOSPESO-31.jpg\" alt=\"\" class=\"wp-image-16944\" srcset=\"https:\/\/impronte.eu\/news\/wp-content\/uploads\/2025\/07\/PASTO-SOSPESO-31.jpg 526w, https:\/\/impronte.eu\/news\/wp-content\/uploads\/2025\/07\/PASTO-SOSPESO-31-225x300.jpg 225w\" sizes=\"auto, (max-width: 526px) 100vw, 526px\" \/><\/figure>\n\n\n\n<p>A 20 mesi dalla sua nascita, il Pasto Sospeso ha raggiunto un risultato straordinario: 10.500 pasti donati, pari a 52.500 euro raccolti, grazie alla generosit\u00e0 dei cittadini cremonesi e alla partecipazione attiva di circa 80 esercizi commerciali del territorio, tra bar, negozi e ristoranti. Le donazioni si raccolgono con piccoli gesti quotidiani: l\u2019acquisto di un tagliando da 2 o 5 euro, un bonifico, un click su Satispay.<\/p>\n\n\n\n<p><strong>Un aiuto concreto<\/strong><\/p>\n\n\n\n<p>Il progetto sostiene le Cucine Benefiche del Consiglio Centrale, che ogni settimana distribuiscono circa 350\/400 pasti caldi, e offrono mensilmente oltre 350 pacchi alimentari a famiglie in difficolt\u00e0.<\/p>\n\n\n\n<p>&nbsp;\u201cOgni pasto che distribuiamo \u00e8 un abbraccio concreto a chi si trova in un momento difficile,\u201d afferma Massimo Fertonani, presidente del Consiglio Centrale di Cremona della Societ\u00e0 di San Vincenzo De Paoli.<\/p>\n\n\n\n<p>\u201cIl Pasto Sospeso ha migliorato non solo la quantit\u00e0, ma anche la qualit\u00e0 del cibo che possiamo offrire. \u00c8 un segno che la citt\u00e0 non si dimentica dei suoi cittadini pi\u00f9 fragili\u201d.<\/p>\n\n\n\n<p>Un gesto di carit\u00e0 che va oltre l\u2019aiuto materiale: \u00e8 cura, attenzione, ascolto, rispetto per la dignit\u00e0 umana.<\/p>\n\n\n\n<p><strong>Marubino: il volto gentile della solidariet\u00e0<\/strong><\/p>\n\n\n\n<p>Durante i \u2018Gioved\u00ec d\u2019Estate lo stand del Pasto Sospeso \u00e8 presente nel cuore della citt\u00e0 e coinvolge adulti e bambini che si lasciano coccolare da Marubino senza tralasciare l\u2019ascolto: i volontari raccontano il progetto diffondendo l\u2019importanza di una cultura della responsabilit\u00e0 collettiva.<\/p>\n\n\n\n<p>\u201cIl simbolo del piatto che sorride \u00e8 diventato parte del paesaggio urbano di Cremona,\u201d spiega Claudio Bodini, coordinatore del progetto per i Rotary Club Terre Padane.<\/p>\n\n\n\n<p>\u201cCi\u00f2 che davvero ci rende orgogliosi \u00e8 sapere che dietro a ogni palloncino, ogni foto con Marubino, ogni tagliando acquistato, c\u2019\u00e8 un gesto d\u2019amore che arriva in tavola\u201d.<\/p>\n\n\n<div class=\"wp-block-image\">\n<figure class=\"aligncenter size-large\"><img loading=\"lazy\" decoding=\"async\" width=\"705\" height=\"1024\" src=\"https:\/\/impronte.eu\/news\/wp-content\/uploads\/2025\/07\/PASTO-SOSPESO1-705x1024.jpg\" alt=\"\" class=\"wp-image-16945\" srcset=\"https:\/\/impronte.eu\/news\/wp-content\/uploads\/2025\/07\/PASTO-SOSPESO1-705x1024.jpg 705w, https:\/\/impronte.eu\/news\/wp-content\/uploads\/2025\/07\/PASTO-SOSPESO1-206x300.jpg 206w, https:\/\/impronte.eu\/news\/wp-content\/uploads\/2025\/07\/PASTO-SOSPESO1-768x1116.jpg 768w, https:\/\/impronte.eu\/news\/wp-content\/uploads\/2025\/07\/PASTO-SOSPESO1-580x843.jpg 580w, https:\/\/impronte.eu\/news\/wp-content\/uploads\/2025\/07\/PASTO-SOSPESO1.jpg 794w\" sizes=\"auto, (max-width: 705px) 100vw, 705px\" \/><\/figure>\n<\/div>\n\n\n<p><strong>Un modello sociale<\/strong><\/p>\n\n\n\n<p>Questa iniziativa non \u00e8 solo un progetto benefico. \u00c8 un modello sociale. Dimostra che le comunit\u00e0 locali, quando si uniscono in nome della solidariet\u00e0, possono produrre cambiamenti reali. La carit\u00e0 autentica, come quella messa in pratica ogni giorno dai volontari della Societ\u00e0 di San Vincenzo De Paoli \u00e8 molto pi\u00f9 di un aiuto: \u00e8 un esercizio quotidiano di umanit\u00e0.<\/p>\n\n\n\n<p><strong>La Societ\u00e0 di San Vincenzo De Paoli a Cremona: dove la carit\u00e0 diventa vita<\/strong><\/p>\n\n\n\n<p>Ogni giorno, nel silenzio di piccoli gesti che fanno la differenza, la Societ\u00e0 di San Vincenzo De Paoli di Cremona si prende cura di chi \u00e8 rimasto indietro.<\/p>\n\n\n\n<p>Dietro i numeri \u2014 23 conferenze, 235 soci e 76 volontari \u2014 ci sono volti, storie, mani tese, parole di conforto. C\u2019\u00e8 l\u2019impegno concreto di uomini e donne che scelgono di restare accanto a chi ha pi\u00f9 bisogno.<\/p>\n\n\n\n<p>Le Cucine Benefiche ogni giorno offrono un pasto caldo a circa 70 persone, sette giorni su sette: \u201cPerch\u00e9 nessuno debba sentirsi mai solo\u201d, evidenzia il Presidente Fertonani.<\/p>\n\n\n\n<p>Il sostegno va alle famiglie che faticano ad arrivare a fine mese, alle mamme sole, ai migranti in cerca di un futuro, a chi ha perso il lavoro o la speranza.<\/p>\n\n\n<div class=\"wp-block-image\">\n<figure class=\"aligncenter size-full\"><img loading=\"lazy\" decoding=\"async\" width=\"738\" height=\"739\" src=\"https:\/\/impronte.eu\/news\/wp-content\/uploads\/2025\/07\/Immagine-WhatsApp-2025-07-17-ore-10.11.00_f3461de0.jpg\" alt=\"\" class=\"wp-image-16948\" srcset=\"https:\/\/impronte.eu\/news\/wp-content\/uploads\/2025\/07\/Immagine-WhatsApp-2025-07-17-ore-10.11.00_f3461de0.jpg 738w, https:\/\/impronte.eu\/news\/wp-content\/uploads\/2025\/07\/Immagine-WhatsApp-2025-07-17-ore-10.11.00_f3461de0-300x300.jpg 300w, https:\/\/impronte.eu\/news\/wp-content\/uploads\/2025\/07\/Immagine-WhatsApp-2025-07-17-ore-10.11.00_f3461de0-150x150.jpg 150w, https:\/\/impronte.eu\/news\/wp-content\/uploads\/2025\/07\/Immagine-WhatsApp-2025-07-17-ore-10.11.00_f3461de0-70x70.jpg 70w, https:\/\/impronte.eu\/news\/wp-content\/uploads\/2025\/07\/Immagine-WhatsApp-2025-07-17-ore-10.11.00_f3461de0-360x360.jpg 360w, https:\/\/impronte.eu\/news\/wp-content\/uploads\/2025\/07\/Immagine-WhatsApp-2025-07-17-ore-10.11.00_f3461de0-580x581.jpg 580w\" sizes=\"auto, (max-width: 738px) 100vw, 738px\" \/><\/figure>\n<\/div>\n\n\n<p>La carit\u00e0 diventa incontro anche nel progetto di \u2018Orto sociale\u2019 nella casa circondariale di Cremona, dove i volontari aiutano i detenuti a coltivare non solo la terra, ma la fiducia in s\u00e9 stessi. Un impegno che si inserisce nel solco della storia della Societ\u00e0 di San Vincenzo De Paoli, da sempre vicina a quanti scontano una pena con gesti concreti di ascolto, sostegno e promozione umana.<\/p>\n\n\n\n<p>E quando la casa manca, il Consiglio Centrale di Cremona apre le porte di appartamenti offerti in comodato d\u2019uso gratuito, perch\u00e9 nessuno debba affrontare l\u2019abbandono o la strada.<\/p>\n\n\n\n<p>Ma la carit\u00e0 del Consiglio Centrale non ha confini. Grazie al Settore di Solidariet\u00e0 e Gemellaggi nel Mondo il sostegno \u00e8 arrivato fino in Madagascar. \u201cAbbiamo finanziato un progetto per la riqualificazione scolastica che ha restituito speranza e dignit\u00e0 a circa 400 studenti\u201d, confida Massimo Fertonani e aggiunge: \u201cSostenere una scuola significa investire sul futuro di un\u2019intera comunit\u00e0, offrendo ai giovani non solo istruzione, ma opportunit\u00e0 di riscatto e speranza di una vita migliore\u201d.<\/p>\n\n\n\n<p>La Societ\u00e0 di San Vincenzo De Paoli a Cremona \u00e8 tutto questo: un abbraccio discreto, una presenza costante, fedele e attenta ai bisogni di ciascuno. Un modo semplice e autentico di dire: \u201cNoi ci siamo, ogni giorno!\u201d, conclude il Presidente Fertonani.<\/p>\n","protected":false},"excerpt":{"rendered":"<p>10.500 pasti donati con il Pasto Sospeso a sostegno della Societ\u00e0 di San Vincenzo De Paoli Nei \u2018Gioved\u00ec d\u2019Estate\u2019, il centro di Cremona si anima di vita, colori e speranza. Le attivit\u00e0 commerciali restano aperte, prendono vita iniziative culturali, mercatini artigianali e le strade si riempiono di persone. Tra le voci allegre e i sorrisi&#8230;<\/p>\n","protected":false},"author":61,"featured_media":0,"comment_status":"open","ping_status":"open","sticky":false,"template":"","format":"standard","meta":{"footnotes":""},"categories":[75],"tags":[],"class_list":["post-16942","post","type-post","status-publish","format-standard","hentry","category-volontariato"],"_links":{"self":[{"href":"https:\/\/impronte.eu\/news\/wp-json\/wp\/v2\/posts\/16942","targetHints":{"allow":["GET"]}}],"collection":[{"href":"https:\/\/impronte.eu\/news\/wp-json\/wp\/v2\/posts"}],"about":[{"href":"https:\/\/impronte.eu\/news\/wp-json\/wp\/v2\/types\/post"}],"author":[{"embeddable":true,"href":"https:\/\/impronte.eu\/news\/wp-json\/wp\/v2\/users\/61"}],"replies":[{"embeddable":true,"href":"https:\/\/impronte.eu\/news\/wp-json\/wp\/v2\/comments?post=16942"}],"version-history":[{"count":2,"href":"https:\/\/impronte.eu\/news\/wp-json\/wp\/v2\/posts\/16942\/revisions"}],"predecessor-version":[{"id":16950,"href":"https:\/\/impronte.eu\/news\/wp-json\/wp\/v2\/posts\/16942\/revisions\/16950"}],"wp:attachment":[{"href":"https:\/\/impronte.eu\/news\/wp-json\/wp\/v2\/media?parent=16942"}],"wp:term":[{"taxonomy":"category","embeddable":true,"href":"https:\/\/impronte.eu\/news\/wp-json\/wp\/v2\/categories?post=16942"},{"taxonomy":"post_tag","embeddable":true,"href":"https:\/\/impronte.eu\/news\/wp-json\/wp\/v2\/tags?post=16942"}],"curies":[{"name":"wp","href":"https:\/\/api.w.org\/{rel}","templated":true}]}}