{"id":16951,"date":"2025-07-29T12:53:31","date_gmt":"2025-07-29T11:53:31","guid":{"rendered":"https:\/\/impronte.eu\/news\/?p=16951"},"modified":"2025-07-29T12:53:32","modified_gmt":"2025-07-29T11:53:32","slug":"peru-il-progetto-unaula-per-il-futuro-prende-vita-a-cusco-grazie-al-sostegno-della-san-vincenzo-de-paoli","status":"publish","type":"post","link":"https:\/\/impronte.eu\/news\/peru-il-progetto-unaula-per-il-futuro-prende-vita-a-cusco-grazie-al-sostegno-della-san-vincenzo-de-paoli\/","title":{"rendered":"Per\u00f9, il progetto \u201cUn\u2019aula per il futuro\u201d prende vita a Cusco grazie al sostegno della San Vincenzo De Paoli"},"content":{"rendered":"\n<p><\/p>\n\n\n<div class=\"wp-block-image\">\n<figure class=\"aligncenter size-full is-resized\"><img loading=\"lazy\" decoding=\"async\" width=\"248\" height=\"274\" src=\"https:\/\/impronte.eu\/news\/wp-content\/uploads\/2025\/07\/giovannone-rosaria-24-02-5.jpg\" alt=\"\" class=\"wp-image-16952\" style=\"width:387px;height:auto\"\/><\/figure>\n<\/div>\n\n\n<p>Roma, 21 Luglio 2025 &#8211; \u00c8 stato interamente finanziato dal Consiglio Centrale di Verona della Societ\u00e0 di San Vincenzo De Paoli, che ha coperto il costo totale di 10.600 euro, il progetto \u201cUn\u2019aula per il futuro\u201d a Cusco, in Per\u00f9.<\/p>\n\n\n\n<p>Un gesto concreto di solidariet\u00e0 che ha reso possibile la realizzazione di un\u2019aula moderna e digitale per la formazione di donne e giovani provenienti dalle aree pi\u00f9 svantaggiate.<\/p>\n\n\n\n<p>Cusco, antica capitale dell\u2019Impero Inca e patrimonio dell\u2019umanit\u00e0, vive oggi importanti sfide socioeconomiche, soprattutto nelle comunit\u00e0 rurali e tra le donne, spesso escluse da opportunit\u00e0 formative e lavorative.<\/p>\n\n\n\n<figure class=\"wp-block-image size-full\"><img loading=\"lazy\" decoding=\"async\" width=\"512\" height=\"660\" src=\"https:\/\/impronte.eu\/news\/wp-content\/uploads\/2025\/07\/giovannone-rosaria-24-03-2.jpg\" alt=\"\" class=\"wp-image-16953\" srcset=\"https:\/\/impronte.eu\/news\/wp-content\/uploads\/2025\/07\/giovannone-rosaria-24-03-2.jpg 512w, https:\/\/impronte.eu\/news\/wp-content\/uploads\/2025\/07\/giovannone-rosaria-24-03-2-233x300.jpg 233w\" sizes=\"auto, (max-width: 512px) 100vw, 512px\" \/><\/figure>\n\n\n\n<p>In questo contesto si inserisce il progetto, promosso dal Settore Solidariet\u00e0 e Gemellaggi nel Mondo della Federazione Nazionale Italiana della Societ\u00e0 di San Vincenzo De Paoli ODV, in collaborazione con il CETPRO del \u201cDivino Amore\u201d, un Centro di Istruzione Tecnico che sorge a Cusco.<\/p>\n\n\n\n<p>L\u2019iniziativa ha l\u2019obiettivo di offrire formazione tecnica di base e promuovere l\u2019inclusione sociale, aprendo nuove prospettive di crescita professionale. I principali traguardi perseguiti sono racchiusi nel contrasto alle disuguaglianze sociali e culturali, a favorire l\u2019accesso alle tecnologie digitali, rafforzare autonomia personale e autostima e promuovere la cittadinanza attiva e la collaborazione comunitaria.<\/p>\n\n\n\n<p>Grazie al contributo del Consiglio Centrale di Verona, 25 studenti e studentesse possono oggi contare su un ambiente didattico adeguato, che rappresenta una concreta opportunit\u00e0 di futuro.<\/p>\n\n\n\n<p>A nome del Settore Solidariet\u00e0 e Gemellaggi nel Mondo, del CETPRO \u201cDivino Amore\u201d e degli studenti coinvolti, si esprime un sentito ringraziamento a tutti coloro che hanno reso possibile questo importante intervento.<\/p>\n\n\n\n<p>La solidariet\u00e0, infatti, non si limita a rispondere a un bisogno, ma costruisce ponti di umanit\u00e0 e speranza.<\/p>\n\n\n\n<figure class=\"wp-block-image size-full\"><img loading=\"lazy\" decoding=\"async\" width=\"700\" height=\"600\" src=\"https:\/\/impronte.eu\/news\/wp-content\/uploads\/2025\/07\/Aula_classe_informatica_Peru1.jpg\" alt=\"\" class=\"wp-image-16954\" srcset=\"https:\/\/impronte.eu\/news\/wp-content\/uploads\/2025\/07\/Aula_classe_informatica_Peru1.jpg 700w, https:\/\/impronte.eu\/news\/wp-content\/uploads\/2025\/07\/Aula_classe_informatica_Peru1-300x257.jpg 300w, https:\/\/impronte.eu\/news\/wp-content\/uploads\/2025\/07\/Aula_classe_informatica_Peru1-580x497.jpg 580w\" sizes=\"auto, (max-width: 700px) 100vw, 700px\" \/><\/figure>\n\n\n\n<p><strong>Settore Solidariet\u00e0 e Gemellaggi nel Mondo<\/strong><\/p>\n\n\n\n<p>Solidariet\u00e0 e aiuto oltre ogni confine: questa \u00e8 la missione che caratterizza il Settore Solidariet\u00e0 e Gemellaggi nel Mondo della Federazione Nazionale Italiana Societ\u00e0 di San Vincenzo De Paoli ODV.<\/p>\n\n\n\n<p>Una realt\u00e0 che si occupa non solo del Sostegno a Distanza \u2014 con oltre 2.500 aiuti attivi in 40 Paesi \u2014 ma anche della promozione e realizzazione di progetti concreti insieme ai partner locali: costruzione di pozzi, scuole, ospedali, interventi in aree colpite da calamit\u00e0 naturali o guerre.<\/p>\n\n\n\n<p>Il Settore Solidariet\u00e0 e Gemellaggi nel Mondo opera al servizio di chiunque si trovi nel bisogno, offrendo strutture, competenze e una rete internazionale di carit\u00e0, per rispondere al desiderio del Beato Federico Ozanam; \u201cabbracciare il mondo in una grande rete di carit\u00e0\u201d.<\/p>\n","protected":false},"excerpt":{"rendered":"<p>Roma, 21 Luglio 2025 &#8211; \u00c8 stato interamente finanziato dal Consiglio Centrale di Verona della Societ\u00e0 di San Vincenzo De Paoli, che ha coperto il costo totale di 10.600 euro, il progetto \u201cUn\u2019aula per il futuro\u201d a Cusco, in Per\u00f9. Un gesto concreto di solidariet\u00e0 che ha reso possibile la realizzazione di un\u2019aula moderna e&#8230;<\/p>\n","protected":false},"author":61,"featured_media":0,"comment_status":"open","ping_status":"open","sticky":false,"template":"","format":"standard","meta":{"footnotes":""},"categories":[75],"tags":[],"class_list":["post-16951","post","type-post","status-publish","format-standard","hentry","category-volontariato"],"_links":{"self":[{"href":"https:\/\/impronte.eu\/news\/wp-json\/wp\/v2\/posts\/16951","targetHints":{"allow":["GET"]}}],"collection":[{"href":"https:\/\/impronte.eu\/news\/wp-json\/wp\/v2\/posts"}],"about":[{"href":"https:\/\/impronte.eu\/news\/wp-json\/wp\/v2\/types\/post"}],"author":[{"embeddable":true,"href":"https:\/\/impronte.eu\/news\/wp-json\/wp\/v2\/users\/61"}],"replies":[{"embeddable":true,"href":"https:\/\/impronte.eu\/news\/wp-json\/wp\/v2\/comments?post=16951"}],"version-history":[{"count":1,"href":"https:\/\/impronte.eu\/news\/wp-json\/wp\/v2\/posts\/16951\/revisions"}],"predecessor-version":[{"id":16955,"href":"https:\/\/impronte.eu\/news\/wp-json\/wp\/v2\/posts\/16951\/revisions\/16955"}],"wp:attachment":[{"href":"https:\/\/impronte.eu\/news\/wp-json\/wp\/v2\/media?parent=16951"}],"wp:term":[{"taxonomy":"category","embeddable":true,"href":"https:\/\/impronte.eu\/news\/wp-json\/wp\/v2\/categories?post=16951"},{"taxonomy":"post_tag","embeddable":true,"href":"https:\/\/impronte.eu\/news\/wp-json\/wp\/v2\/tags?post=16951"}],"curies":[{"name":"wp","href":"https:\/\/api.w.org\/{rel}","templated":true}]}}