{"id":16956,"date":"2025-07-29T12:59:07","date_gmt":"2025-07-29T11:59:07","guid":{"rendered":"https:\/\/impronte.eu\/news\/?p=16956"},"modified":"2025-07-29T12:59:08","modified_gmt":"2025-07-29T11:59:08","slug":"vienna-tra-storia-misteri-e-sapori-imperdibili","status":"publish","type":"post","link":"https:\/\/impronte.eu\/news\/vienna-tra-storia-misteri-e-sapori-imperdibili\/","title":{"rendered":"VIENNA, TRA STORIA, MISTERI E SAPORI IMPERDIBILI"},"content":{"rendered":"\n<h3 class=\"wp-block-heading\">Le origini imperiali di Vienna<\/h3>\n\n\n\n<figure class=\"wp-block-image size-full\"><img loading=\"lazy\" decoding=\"async\" width=\"491\" height=\"385\" src=\"https:\/\/impronte.eu\/news\/wp-content\/uploads\/2025\/07\/CARLO-25-VIENNA-.jpg\" alt=\"\" class=\"wp-image-16957\" srcset=\"https:\/\/impronte.eu\/news\/wp-content\/uploads\/2025\/07\/CARLO-25-VIENNA-.jpg 491w, https:\/\/impronte.eu\/news\/wp-content\/uploads\/2025\/07\/CARLO-25-VIENNA--300x235.jpg 300w\" sizes=\"auto, (max-width: 491px) 100vw, 491px\" \/><\/figure>\n\n\n\n<p>Vienna nasce sul Danubio come accampamento romano con il nome di <em>Vindobona<\/em>. Ma \u00e8 nel Medioevo che prende il volo: i Babenberg prima, e soprattutto gli Asburgo poi, ne fanno il centro politico e culturale dell\u2019Europa centrale. Con il tempo, la citt\u00e0 diventa una vera capitale imperiale, simbolo di potere, eleganza e diplomazia. Vieni a Vienna e cammini letteralmente nella storia: ogni pietra del centro racconta secoli di impero, guerre, arte e musica.<\/p>\n\n\n\n<p><strong>L\u2019eredit\u00e0 di Sissi: mito e realt\u00e0<\/strong><\/p>\n\n\n\n<p>Tra le figure pi\u00f9 iconiche legate a Vienna, impossibile non citare <strong>Elisabetta di Baviera<\/strong>, meglio conosciuta come <strong>Sissi<\/strong>. Moglie dell\u2019imperatore Francesco Giuseppe, fu una donna fuori dagli schemi: ribelle, colta, malinconica. Nei corridoi della <em>Hofburg<\/em> (la residenza imperiale nel cuore di Vienna) si respira ancora il fascino inquieto di questa imperatrice. Il <em>Museo di Sissi<\/em> \u00e8 una tappa obbligata per capire la sua storia\u2026 e il culto che le \u00e8 stato costruito intorno, quasi mitologico.<\/p>\n\n\n\n<figure class=\"wp-block-image size-full\"><img loading=\"lazy\" decoding=\"async\" width=\"396\" height=\"397\" src=\"https:\/\/impronte.eu\/news\/wp-content\/uploads\/2025\/07\/CARLO-25-VIENNA-02-.jpg\" alt=\"\" class=\"wp-image-16958\" srcset=\"https:\/\/impronte.eu\/news\/wp-content\/uploads\/2025\/07\/CARLO-25-VIENNA-02-.jpg 396w, https:\/\/impronte.eu\/news\/wp-content\/uploads\/2025\/07\/CARLO-25-VIENNA-02--300x300.jpg 300w, https:\/\/impronte.eu\/news\/wp-content\/uploads\/2025\/07\/CARLO-25-VIENNA-02--150x150.jpg 150w, https:\/\/impronte.eu\/news\/wp-content\/uploads\/2025\/07\/CARLO-25-VIENNA-02--70x70.jpg 70w, https:\/\/impronte.eu\/news\/wp-content\/uploads\/2025\/07\/CARLO-25-VIENNA-02--360x360.jpg 360w\" sizes=\"auto, (max-width: 396px) 100vw, 396px\" \/><\/figure>\n\n\n\n<h3 class=\"wp-block-heading\">Curiosit\u00e0 nascoste tra le strade di Vienna<\/h3>\n\n\n\n<ul class=\"wp-block-list\">\n<li><strong>I cavalli della Scuola di Equitazione Spagnola<\/strong> non sono solo una bellezza coreografica: sono l&#8217;eredit\u00e0 vivente di una tradizione secolare e simboli di potere.<\/li>\n\n\n\n<li><strong>Il Prater<\/strong>, con la sua iconica ruota panoramica, \u00e8 stato teatro di amori, intrighi e cinema: qui Orson Welles gir\u00f2 il celebre <em>Terzo Uomo<\/em>.<\/li>\n\n\n\n<li><strong>La Wiener Zentralfriedhof<\/strong>, il cimitero centrale, ospita geni come Beethoven, Schubert, Brahms\u2026 e persino un monumento a Mozart (anche se \u00e8 sepolto altrove).<\/li>\n\n\n\n<li>Vienna ha una <strong>caffetteria dedicata al tempo atmosferico<\/strong>, dove si beve leggendo previsioni e barometri, perch\u00e9 si sa: il tempo cambia, ma il caff\u00e8 resta sacro.<\/li>\n<\/ul>\n\n\n\n<h3 class=\"wp-block-heading\">Vienna esoterica: tra alchimia e simbologia<\/h3>\n\n\n\n<p>Sotto la patina imperiale, Vienna cela <strong>una fitta rete di misteri<\/strong>. La citt\u00e0 fu crocevia di alchimisti, cabalisti e massoni, soprattutto nel XVIII secolo, periodo di fermento intellettuale e spirituale. Si racconta che la <em>Cripta dei Cappuccini<\/em>, dove riposano gli Asburgo, nasconda simboli iniziatici, e che nei sotterranei della <em>Stephansdom<\/em> si tenessero riti di passaggio.<\/p>\n\n\n\n<p>Anche l\u2019architettura viennese \u00e8 ricca di simbolismi: <strong>le statue dei \u201cguardiani\u201d<\/strong> sulle facciate barocche, <strong>i numeri ricorrenti<\/strong>, <strong>i pavimenti a scacchiera nei palazzi imperiali<\/strong>&#8230; un mondo che aspetta solo di essere decifrato.<\/p>\n\n\n\n<h3 class=\"wp-block-heading\">I sapori della cucina viennese<\/h3>\n\n\n\n<p>Mangiare a Vienna non \u00e8 solo un piacere: \u00e8 un atto culturale. La cucina viennese \u00e8 un melting pot dell\u2019ex Impero Austro-Ungarico, con influenze ceche, ungheresi, italiane e balcaniche.<\/p>\n\n\n\n<p>Ecco cosa non puoi assolutamente perdere:<\/p>\n\n\n\n<ul class=\"wp-block-list\">\n<li><strong>Wiener Schnitzel<\/strong>: la mitica cotoletta viennese, rigorosamente di vitello, servita con insalata di patate.<\/li>\n\n\n\n<li><strong>Tafelspitz<\/strong>: bollito di manzo con verdure, rafano e salsa di mele, il piatto preferito di Francesco Giuseppe.<\/li>\n\n\n\n<li><strong>Sacher Torte<\/strong>: torta al cioccolato con cuore di marmellata d\u2019albicocche e copertura di cioccolato fondente. Leggenda e rivalit\u00e0 tra Hotel Sacher e Demel.<\/li>\n\n\n\n<li><strong>Apfelstrudel<\/strong>: sfoglia sottile ripiena di mele, uvetta, cannella. Un morso, ed \u00e8 subito nostalgia dell\u2019800.<\/li>\n\n\n\n<li><strong>Heuriger<\/strong>: le taverne tipiche in periferia dove gustare vino nuovo (il <em>heuriger<\/em> appunto) e piatti rustici tra canti e risate.<\/li>\n<\/ul>\n\n\n<div class=\"wp-block-image\">\n<figure class=\"aligncenter size-full is-resized\"><img loading=\"lazy\" decoding=\"async\" width=\"318\" height=\"348\" src=\"https:\/\/impronte.eu\/news\/wp-content\/uploads\/2025\/07\/CARLO-25-03.jpg\" alt=\"\" class=\"wp-image-16959\" style=\"width:387px;height:auto\" srcset=\"https:\/\/impronte.eu\/news\/wp-content\/uploads\/2025\/07\/CARLO-25-03.jpg 318w, https:\/\/impronte.eu\/news\/wp-content\/uploads\/2025\/07\/CARLO-25-03-274x300.jpg 274w\" sizes=\"auto, (max-width: 318px) 100vw, 318px\" \/><\/figure>\n<\/div>\n\n\n<h3 class=\"wp-block-heading\">Una citt\u00e0 che suona e incanta<\/h3>\n\n\n\n<p>Vienna \u00e8 <strong>la capitale mondiale della musica classica<\/strong>. Mozart, Beethoven, Haydn, Mahler, Strauss\u2026 tutti hanno lasciato qui le loro sinfonie. Ma c\u2019\u00e8 di pi\u00f9: ogni vicolo sembra suonare qualcosa, ogni piazza risuona come un teatro a cielo aperto. Il Capodanno con il Concerto dei Wiener Philharmoniker \u00e8 solo la punta dell\u2019iceberg di una tradizione musicale che continua a vivere ogni giorno.<\/p>\n\n\n\n<h3 class=\"wp-block-heading\">Vienna, un&#8217;anima sospesa tra eleganza e mistero<\/h3>\n\n\n\n<p>Vienna non \u00e8 solo una citt\u00e0. \u00c8 <strong>una dimensione a parte<\/strong>, dove convivono ordine e trasgressione, disciplina militare e sensualit\u00e0 barocca, logica illuminista e alchimia antica. \u00c8 una delle poche capitali europee dove il passato non \u00e8 solo conservato, ma <strong>vive<\/strong>, pulsa, si reinventa.<\/p>\n\n\n\n<h2 class=\"wp-block-heading\"><strong>VIENNA SEGRETA \u2013 ITINERARIO IN 3 GIORNI<\/strong><\/h2>\n\n\n\n<h3 class=\"wp-block-heading\"><strong>GIORNO 1: SIMBOLI NASCOSTI NEL CUORE IMPERIALE<\/strong><\/h3>\n\n\n\n<p><strong>Mattina<\/strong><br><em>Stephansdom<\/em> (Cattedrale di Santo Stefano)<\/p>\n\n\n\n<ul class=\"wp-block-list\">\n<li>Scendi nelle <strong>cripte sotterranee<\/strong> dove riposano (e talvolta &#8220;scompaiono&#8221;) i cuori degli Asburgo.<\/li>\n\n\n\n<li>Osserva il pavimento a scacchiera massonica, i numeri simbolici, le statue che non guardano mai dove ti aspetti.<\/li>\n<\/ul>\n\n\n\n<p><em>Graben e Peterskirche<\/em><\/p>\n\n\n\n<ul class=\"wp-block-list\">\n<li>Qui si intrecciano <strong>linee energetiche antiche<\/strong>, secondo alcune mappe esoteriche medievali. Guarda le colonne, le curve del vicolo, e&#8230; conta i leoni scolpiti.<\/li>\n<\/ul>\n\n\n\n<p><strong>Pausa pranzo<\/strong><br>Pranza in un <strong>ristorante nelle vecchie cantine medievali<\/strong>, come <em>Restaurant Ofenloch<\/em> (zona Inner Stadt): atmosfera da loggia segreta.<strong><\/strong><\/p>\n\n\n\n<p><strong>Pomeriggio<\/strong><br><em>Hofburg e Biblioteca Nazionale Austriaca<\/em><\/p>\n\n\n\n<ul class=\"wp-block-list\">\n<li>Cerca la <em>Prunksaal<\/em>, una delle biblioteche pi\u00f9 belle al mondo: custodisce manoscritti ermetici, testi cabalistici e tomi alchemici.<\/li>\n<\/ul>\n\n\n\n<p><em>Chiesa dei Cappuccini e Cripta Imperiale<\/em><\/p>\n\n\n\n<ul class=\"wp-block-list\">\n<li>Qui c&#8217;\u00e8 <strong>l\u2019anima pi\u00f9 cupa di Vienna<\/strong>. L\u2019arte funeraria asburgica \u00e8 carica di simbologia: teschi, corone spezzate, enigmi scolpiti nel bronzo.<\/li>\n<\/ul>\n\n\n\n<h3 class=\"wp-block-heading\"><strong>GIORNO 2: TRA ARTE VISIONARIA E MISTERI SCIENTIFICI<\/strong><\/h3>\n\n\n\n<p><strong>Mattina<\/strong><br><em>Museo di Freud<\/em><\/p>\n\n\n\n<ul class=\"wp-block-list\">\n<li>Non solo psicanalisi: la casa di Freud \u00e8 piena di simbolismi, libri sull\u2019occulto e statue egizie. S\u00ec, anche il padre dell&#8217;inconscio aveva le sue &#8220;ombre&#8221;.<\/li>\n<\/ul>\n\n\n\n<p><em>Palazzo Liechtenstein<\/em><\/p>\n\n\n\n<ul class=\"wp-block-list\">\n<li>Molto meno turistico ma splendido e ricco di riferimenti mitologici ed esoterici nei soffitti affrescati.<\/li>\n<\/ul>\n\n\n\n<p><strong>Pausa pranzo<\/strong><br>Fermati in un <em>Heuriger<\/em> fuori dal centro, tra i vigneti. Alcuni locali storici (come <em>Mayer am Pfarrplatz<\/em>) raccontano storie mai scritte su Mozart e la massoneria.<strong><\/strong><\/p>\n\n\n\n<p><strong>Pomeriggio<\/strong><br>M<em>useo del Globo<\/em> (nella Biblioteca Nazionale)<\/p>\n\n\n\n<ul class=\"wp-block-list\">\n<li>Una vera chicca per gli amanti di misteri: globi terrestri e celesti rinascimentali, alcuni con costellazioni \u201cmodificate\u201d dai filosofi ermetici.<\/li>\n<\/ul>\n\n\n\n<p><em>Naschmarkt al tramonto<\/em><\/p>\n\n\n\n<ul class=\"wp-block-list\">\n<li>Il mercato offre non solo cibo etnico e spezie rare, ma anche angoli che nascondono storie di alchimisti e venditori di \u201celisir\u201d.<\/li>\n<\/ul>\n\n\n\n<h3 class=\"wp-block-heading\"><strong>GIORNO 3: LA VIENNA OCCULTA E DEI RITUALI<\/strong><\/h3>\n\n\n\n<p><strong>Mattina<\/strong><br><em>Zentralfriedhof (Cimitero centrale)<\/em><\/p>\n\n\n\n<ul class=\"wp-block-list\">\n<li>Un cimitero che \u00e8 un museo. Visita le tombe di Schubert, Beethoven, e simboli esoterici come la &#8220;rosa croce&#8221; o la &#8220;piramide musicale&#8221; in marmo.<\/li>\n<\/ul>\n\n\n\n<p><em>Chiesa di San Carlo Borromeo (Karlskirche)<\/em><\/p>\n\n\n\n<ul class=\"wp-block-list\">\n<li>Architettura barocca visionaria, piena di riferimenti alla rigenerazione spirituale, ai quattro elementi e all\u2019ascensione mistica.<\/li>\n<\/ul>\n\n\n\n<p><strong>Pausa pranzo<\/strong><br>? Pranzo alla <em>Caf\u00e9 Sperl<\/em>, storico caff\u00e8 frequentato da spiriti inquieti del XIX secolo. Ordina un Einsp\u00e4nner e scrivi una pagina di diario alla Zweig.<strong><\/strong><\/p>\n\n\n\n<p><strong>Pomeriggio<\/strong><br><em>Hundertwasserhaus<\/em><\/p>\n\n\n\n<ul class=\"wp-block-list\">\n<li>Qui finisce il viaggio\u2026 o forse inizia. Questo edificio psichedelico e antigerarchico rompe ogni logica architettonica. Un \u201ctempio ecospirituale\u201d secondo l&#8217;artista, pieno di curve, simboli di armonia cosmica e numerologia.<\/li>\n<\/ul>\n\n\n\n<p><em>Planetarium o Urania Sternwarte<\/em><\/p>\n\n\n\n<ul class=\"wp-block-list\">\n<li>Chiudi la giornata con una visita tra le stelle. La Vienna dei cieli \u00e8 anche quella degli astrologi di corte e delle mappe astrali perdute.<\/li>\n<\/ul>\n\n\n\n<h3 class=\"wp-block-heading\">EXTRA PER VERI INIZIATI:<strong><\/strong><\/h3>\n\n\n\n<ul class=\"wp-block-list\">\n<li><strong>Tour massonico guidato<\/strong> (su prenotazione): visita i luoghi chiave della massoneria viennese.<\/li>\n\n\n\n<li><strong>Il museo degli strumenti di tortura<\/strong> (s\u00ec, esiste) per chi vuole toccare con mano il lato oscuro del potere.<\/li>\n\n\n\n<li><strong>La statua di Hermes al Volksgarten<\/strong>, nascosta in bella vista, ma pochi sanno cosa rappresenti.<\/li>\n<\/ul>\n","protected":false},"excerpt":{"rendered":"<p>Le origini imperiali di Vienna Vienna nasce sul Danubio come accampamento romano con il nome di Vindobona. Ma \u00e8 nel Medioevo che prende il volo: i Babenberg prima, e soprattutto gli Asburgo poi, ne fanno il centro politico e culturale dell\u2019Europa centrale. Con il tempo, la citt\u00e0 diventa una vera capitale imperiale, simbolo di potere,&#8230;<\/p>\n","protected":false},"author":71,"featured_media":0,"comment_status":"open","ping_status":"open","sticky":false,"template":"","format":"standard","meta":{"footnotes":""},"categories":[63,76],"tags":[],"class_list":["post-16956","post","type-post","status-publish","format-standard","hentry","category-cultura","category-turismo"],"_links":{"self":[{"href":"https:\/\/impronte.eu\/news\/wp-json\/wp\/v2\/posts\/16956","targetHints":{"allow":["GET"]}}],"collection":[{"href":"https:\/\/impronte.eu\/news\/wp-json\/wp\/v2\/posts"}],"about":[{"href":"https:\/\/impronte.eu\/news\/wp-json\/wp\/v2\/types\/post"}],"author":[{"embeddable":true,"href":"https:\/\/impronte.eu\/news\/wp-json\/wp\/v2\/users\/71"}],"replies":[{"embeddable":true,"href":"https:\/\/impronte.eu\/news\/wp-json\/wp\/v2\/comments?post=16956"}],"version-history":[{"count":1,"href":"https:\/\/impronte.eu\/news\/wp-json\/wp\/v2\/posts\/16956\/revisions"}],"predecessor-version":[{"id":16960,"href":"https:\/\/impronte.eu\/news\/wp-json\/wp\/v2\/posts\/16956\/revisions\/16960"}],"wp:attachment":[{"href":"https:\/\/impronte.eu\/news\/wp-json\/wp\/v2\/media?parent=16956"}],"wp:term":[{"taxonomy":"category","embeddable":true,"href":"https:\/\/impronte.eu\/news\/wp-json\/wp\/v2\/categories?post=16956"},{"taxonomy":"post_tag","embeddable":true,"href":"https:\/\/impronte.eu\/news\/wp-json\/wp\/v2\/tags?post=16956"}],"curies":[{"name":"wp","href":"https:\/\/api.w.org\/{rel}","templated":true}]}}