{"id":17065,"date":"2025-09-07T19:40:03","date_gmt":"2025-09-07T18:40:03","guid":{"rendered":"https:\/\/impronte.eu\/news\/?p=17065"},"modified":"2025-09-07T19:40:04","modified_gmt":"2025-09-07T18:40:04","slug":"papa-leone-xiv-e-limportanza-del-rosario","status":"publish","type":"post","link":"https:\/\/impronte.eu\/news\/papa-leone-xiv-e-limportanza-del-rosario\/","title":{"rendered":"Papa Leone\u202fXIV e l\u2019importanza del Rosario"},"content":{"rendered":"\n<p><\/p>\n\n\n<div class=\"wp-block-image\">\n<figure class=\"aligncenter size-full is-resized\"><img loading=\"lazy\" decoding=\"async\" width=\"214\" height=\"320\" src=\"https:\/\/impronte.eu\/news\/wp-content\/uploads\/2025\/09\/ANNA-misericordina-papa-e-rosario-26-2.jpg\" alt=\"\" class=\"wp-image-17066\" style=\"width:387px;height:auto\" srcset=\"https:\/\/impronte.eu\/news\/wp-content\/uploads\/2025\/09\/ANNA-misericordina-papa-e-rosario-26-2.jpg 214w, https:\/\/impronte.eu\/news\/wp-content\/uploads\/2025\/09\/ANNA-misericordina-papa-e-rosario-26-2-201x300.jpg 201w\" sizes=\"auto, (max-width: 214px) 100vw, 214px\" \/><\/figure>\n<\/div>\n\n\n<p>Immagine di IA<\/p>\n\n\n\n<p><strong>Chi \u00e8 Papa Leone\u202fXIV?<\/strong><\/p>\n\n\n\n<ul class=\"wp-block-list\">\n<li><strong>Robert Francis\u202fPrevost<\/strong>, nato a Chicago il 14 settembre 1955, di origini francesi, italiane, haitiane e creole. Bishop, missionario in Per\u00f9, Cardinale e membro dell\u2019Ordine agostiniano.<\/li>\n\n\n\n<li>\u00c8 il primo Papa statunitense <strong>nato negli USA<\/strong>, con doppia cittadinanza USA-Per\u00f9, e il primo agostiniano sul soglio di Pietro.<\/li>\n\n\n\n<li>\u00c8 stato eletto l\u20198 maggio 2025 (Annuncio deltradixzionale \u201cHabemusPapam\u201d) e la sua inaugurazione ufficiale si \u00e8 svolta il 18 maggio, con presenze istituzionali da decine di Paesi.<\/li>\n<\/ul>\n\n\n\n<p><strong>Perch\u00e9 ha scelto il nome \u201cLeone\u202fXIV\u201d?<\/strong><\/p>\n\n\n\n<ul class=\"wp-block-list\">\n<li>Lo ha spiegato fin dal suo primo incontro con il Collegio Cardinalizio il 10 maggio: \u201cho scelto il nome Leone <em>sul modello di Leone\u202fXIII<\/em>, per rilanciare l\u2019impegno per dignit\u00e0, giustizia e lavoro\u201d.<\/li>\n\n\n\n<li>Questo collegamento intende evocare il celebre <strong>Papa del Rosario<\/strong> e delle encicliche sociali come <em>Rerum Novarum<\/em>.<\/li>\n<\/ul>\n\n\n\n<p><strong>Il Rosario secondo Papa Leone\u202fXIV<\/strong><\/p>\n\n\n\n<p><strong>1. Una devozione prioritariamente mariana e cristologica<\/strong><\/p>\n\n\n\n<ul class=\"wp-block-list\">\n<li>In occasione della chiusura del mese mariano (31 maggio 2025), Papa Leo ha affermato: \u201cIl Santo Rosario ha un <strong>cuore cristologico<\/strong> e una dimensione mariana\u201d &#8211; un richiamo netto alla funzione sulla vita di Cristo attraverso Maria.<\/li>\n\n\n\n<li>Durante l\u2019Angelus, ha detto ai fedeli: \u201cPreghiamo insieme&#8230; chiediamo questa grazia speciale a Maria, nostra Madre\u201d e ha guidato un\u2019Ave Maria comunitaria all\u2019avvio del pontificato.<\/li>\n<\/ul>\n\n\n\n<p><strong>2. I richiami espliciti a Leone XIII<\/strong><\/p>\n\n\n\n<ul class=\"wp-block-list\">\n<li>Il <strong>National Catholic Register<\/strong> cita Papa Leone: \u201cIl Rosario \u00e8 la forma di preghiera pi\u00f9 eccellente e il mezzo pi\u00f9 efficace per ottenere la vita eterna\u2026 rimedio ai nostri mali\u2026\u201d parole risalenti esplicitamente al magistero di Leone XIII, ora riprese dal nuovo Pontefice.<\/li>\n\n\n\n<li>L\u2019eredit\u00e0 delle encicliche rosarie di Leone XIII \u00e8 viva: con <strong>12 encicliche<\/strong> sul Rosario tra le quali <em>Supremi Apostolatus Officio<\/em> (1883), <em>Octobri Mense<\/em> (1891) e <em>Diuturni Temporis<\/em> (1898) che promuovevano la recita comunitaria e la festa del Rosario.<\/li>\n<\/ul>\n\n\n\n<p><strong>3. Rosario in azione: consigli e testimonianze attuali<\/strong><\/p>\n\n\n\n<ul class=\"wp-block-list\">\n<li>In un <strong>general audience<\/strong> del 11 giugno 2025, una giovane coppia americana sposata di recente chiese consiglio: \u201cCome pregare insieme?\u201d Il Papa rispose con calma: \u201cI miei genitori pregavano ogni giorno il Rosario insieme&#8230;\u201d &#8211; trasmettendo l\u2019idea che il Rosario \u00e8 parte integrante della vita familiare e della fede concreta.<\/li>\n\n\n\n<li>Sull\u2019influenza mariana, l\u2019esperto Dr. Donald DeMarco sottolinea che <strong>la devozione alla Madre di Dio porta a difendere la famiglia, la vita e la dignit\u00e0 di ogni persona<\/strong>&#8211; precisi richiami ai temi sociali cari anche a Leone XIII<\/li>\n<\/ul>\n\n\n\n<p>Papa Leone XIV ha fatto del Rosario il cuore della propria spiritualit\u00e0 pontificia:<\/p>\n\n\n\n<ul class=\"wp-block-list\">\n<li>\u00c8 <strong>continuazione viva<\/strong> dell\u2019impegno mariano-sociale di Leone XIII.<\/li>\n\n\n\n<li>Viene proposto con <strong>realismo e sobriet\u00e0<\/strong>: una preghiera potente nella vita quotidiana, non un gesto spirituale astratto.<\/li>\n\n\n\n<li>Lo incoraggia sia in ambito <strong>personale e familiare<\/strong> sia in forma comunitaria, dentro e fuori il Vaticano.<\/li>\n\n\n\n<li>Lo intreccia al suo messaggio di <strong>pace, dignit\u00e0 e unit\u00e0<\/strong> in un mondo segnato da conflitti e crisi sociali.<\/li>\n<\/ul>\n\n\n\n<figure class=\"wp-block-image size-full\"><img loading=\"lazy\" decoding=\"async\" width=\"839\" height=\"717\" src=\"https:\/\/impronte.eu\/news\/wp-content\/uploads\/2025\/09\/ANNA-misericordina-papa-e-rosario-26-1.jpg\" alt=\"\" class=\"wp-image-17067\" srcset=\"https:\/\/impronte.eu\/news\/wp-content\/uploads\/2025\/09\/ANNA-misericordina-papa-e-rosario-26-1.jpg 839w, https:\/\/impronte.eu\/news\/wp-content\/uploads\/2025\/09\/ANNA-misericordina-papa-e-rosario-26-1-300x256.jpg 300w, https:\/\/impronte.eu\/news\/wp-content\/uploads\/2025\/09\/ANNA-misericordina-papa-e-rosario-26-1-768x656.jpg 768w, https:\/\/impronte.eu\/news\/wp-content\/uploads\/2025\/09\/ANNA-misericordina-papa-e-rosario-26-1-580x496.jpg 580w\" sizes=\"auto, (max-width: 839px) 100vw, 839px\" \/><\/figure>\n\n\n\n<p><strong>Citazioni chiave<\/strong><\/p>\n\n\n\n<p>\u201cIl Rosario \u00e8 la forma di preghiera pi\u00f9 eccellente e il mezzo pi\u00f9 efficace per ottenere la vita eterna\u2026 rimedio ai nostri mali\u2026\u201d &#8211; attribuito a Papa Leo XIV in continuit\u00e0 con Leone XIII \u201cIl Santo Rosario ha un cuore cristologico\u201d &#8211; parole del Papa il 31 maggio 2025 ai fedeli.<a href=\"https:\/\/www.aciprensa.com\/noticias\/113893\/papa-leon-xiv-al-concluir-el-mes-mariano-el-santo-rosario-tiene-un-corazon-cristologico?utm_source=chatgpt.com\" target=\"_blank\" rel=\"noreferrer noopener\"><\/a><\/p>\n","protected":false},"excerpt":{"rendered":"<p>Immagine di IA Chi \u00e8 Papa Leone\u202fXIV? Perch\u00e9 ha scelto il nome \u201cLeone\u202fXIV\u201d? Il Rosario secondo Papa Leone\u202fXIV 1. Una devozione prioritariamente mariana e cristologica 2. I richiami espliciti a Leone XIII 3. Rosario in azione: consigli e testimonianze attuali Papa Leone XIV ha fatto del Rosario il cuore della propria spiritualit\u00e0 pontificia: Citazioni chiave&#8230;<\/p>\n","protected":false},"author":30,"featured_media":0,"comment_status":"open","ping_status":"open","sticky":false,"template":"","format":"standard","meta":{"footnotes":""},"categories":[63,72],"tags":[],"class_list":["post-17065","post","type-post","status-publish","format-standard","hentry","category-cultura","category-fede"],"_links":{"self":[{"href":"https:\/\/impronte.eu\/news\/wp-json\/wp\/v2\/posts\/17065","targetHints":{"allow":["GET"]}}],"collection":[{"href":"https:\/\/impronte.eu\/news\/wp-json\/wp\/v2\/posts"}],"about":[{"href":"https:\/\/impronte.eu\/news\/wp-json\/wp\/v2\/types\/post"}],"author":[{"embeddable":true,"href":"https:\/\/impronte.eu\/news\/wp-json\/wp\/v2\/users\/30"}],"replies":[{"embeddable":true,"href":"https:\/\/impronte.eu\/news\/wp-json\/wp\/v2\/comments?post=17065"}],"version-history":[{"count":1,"href":"https:\/\/impronte.eu\/news\/wp-json\/wp\/v2\/posts\/17065\/revisions"}],"predecessor-version":[{"id":17068,"href":"https:\/\/impronte.eu\/news\/wp-json\/wp\/v2\/posts\/17065\/revisions\/17068"}],"wp:attachment":[{"href":"https:\/\/impronte.eu\/news\/wp-json\/wp\/v2\/media?parent=17065"}],"wp:term":[{"taxonomy":"category","embeddable":true,"href":"https:\/\/impronte.eu\/news\/wp-json\/wp\/v2\/categories?post=17065"},{"taxonomy":"post_tag","embeddable":true,"href":"https:\/\/impronte.eu\/news\/wp-json\/wp\/v2\/tags?post=17065"}],"curies":[{"name":"wp","href":"https:\/\/api.w.org\/{rel}","templated":true}]}}