{"id":17082,"date":"2025-09-07T20:07:36","date_gmt":"2025-09-07T19:07:36","guid":{"rendered":"https:\/\/impronte.eu\/news\/?p=17082"},"modified":"2025-09-07T20:07:37","modified_gmt":"2025-09-07T19:07:37","slug":"come-sistemare-il-balcone-a-settembre","status":"publish","type":"post","link":"https:\/\/impronte.eu\/news\/come-sistemare-il-balcone-a-settembre\/","title":{"rendered":"Come sistemare il balcone a settembre"},"content":{"rendered":"\n<p><strong>&nbsp;Il tuo balcone dopo le vacanze: come rigenerarlo e quali piante fiorite scegliere per l\u2019autunno<\/strong><\/p>\n\n\n\n<figure class=\"wp-block-image size-full is-resized\"><img loading=\"lazy\" decoding=\"async\" width=\"276\" height=\"413\" src=\"https:\/\/impronte.eu\/news\/wp-content\/uploads\/2025\/09\/anna-errede-26-balcone-a-settembre.-02jpg.jpg\" alt=\"\" class=\"wp-image-17083\" style=\"width:387px;height:auto\" srcset=\"https:\/\/impronte.eu\/news\/wp-content\/uploads\/2025\/09\/anna-errede-26-balcone-a-settembre.-02jpg.jpg 276w, https:\/\/impronte.eu\/news\/wp-content\/uploads\/2025\/09\/anna-errede-26-balcone-a-settembre.-02jpg-200x300.jpg 200w\" sizes=\"auto, (max-width: 276px) 100vw, 276px\" \/><\/figure>\n\n\n\n<p>Dopo le ferie estive, il rientro in citt\u00e0 \u00e8 spesso accompagnato da una triste scoperta: il nostro balcone, che fino a giugno era un angolo rigoglioso e vivo, si presenta ora trascurato, con piante secche, vasi disordinati e fogliame da rimuovere. \u00c8 il momento ideale per un intervento strategico: sistemare, ripulire e preparare lo spazio per una nuova stagione. L\u2019autunno, infatti, offre ancora grandi opportunit\u00e0 per godersi il verde, scegliendo piante fiorite resistenti e decorative. Ecco una guida professionale su come fare.<\/p>\n\n\n\n<p><strong>1. Pulizia e valutazione per un buon punto di partenza<\/strong><\/p>\n\n\n\n<p>Prima di pensare a nuove fioriture, occorre fare una valutazione generale:<\/p>\n\n\n\n<ul class=\"wp-block-list\">\n<li><strong>Rimuovere foglie secche e rami morti.<\/strong><\/li>\n\n\n\n<li><strong>Controllare il drenaggio dei vasi:<\/strong> il ristagno idrico \u00e8 frequente dopo i temporali estivi.<\/li>\n\n\n\n<li><strong>Potatura leggera<\/strong> per le piante che possono essere recuperate.<\/li>\n\n\n\n<li><strong>Lavare bene i sottovasi<\/strong>, che <em>spesso diventano habitat per zanzare<\/em>.<\/li>\n\n\n\n<li><strong>Valutare lo stato del terriccio<\/strong>: se troppo compattato o esausto, va sostituito.<\/li>\n<\/ul>\n\n\n\n<figure class=\"wp-block-image size-full is-resized\"><img loading=\"lazy\" decoding=\"async\" width=\"344\" height=\"306\" src=\"https:\/\/impronte.eu\/news\/wp-content\/uploads\/2025\/09\/anna-errede-26-balcone-a-settembre.-05jpg.jpg\" alt=\"\" class=\"wp-image-17084\" style=\"width:387px;height:auto\" srcset=\"https:\/\/impronte.eu\/news\/wp-content\/uploads\/2025\/09\/anna-errede-26-balcone-a-settembre.-05jpg.jpg 344w, https:\/\/impronte.eu\/news\/wp-content\/uploads\/2025\/09\/anna-errede-26-balcone-a-settembre.-05jpg-300x267.jpg 300w\" sizes=\"auto, (max-width: 344px) 100vw, 344px\" \/><\/figure>\n\n\n\n<p><strong>2. Sostituzioni e nuove fioriture protagoniste dell\u2019autunno<\/strong><\/p>\n\n\n\n<p>Con l\u2019arrivo di settembre, \u00e8 possibile sostituire le piante estive ormai sfiorite con variet\u00e0 che amano le giornate pi\u00f9 fresche e l\u2019umidit\u00e0 dell\u2019autunno.<\/p>\n\n\n\n<p>Ecco alcune <strong>piante fiorite perfette per balconi autunnali<\/strong>:<\/p>\n\n\n\n<figure class=\"wp-block-table\"><table class=\"has-fixed-layout\"><thead><tr><td><strong>Pianta<\/strong><\/td><td><strong>Colore fiori<\/strong><\/td><td><strong>Caratteristiche principali<\/strong><\/td><\/tr><\/thead><tbody><tr><td><strong>Ciclamino<\/strong><\/td><td>Rosa, bianco, rosso<\/td><td>Resiste bene al fresco, richiede ombra parziale<\/td><\/tr><tr><td><strong>Erica<\/strong><\/td><td>Viola, rosa, bianco<\/td><td>Ideale per composizioni, rusticit\u00e0 notevole<\/td><\/tr><tr><td><strong>Viola del pensiero<\/strong><\/td><td>Tutti i colori<\/td><td>Fioritura lunga, sopporta anche il freddo<\/td><\/tr><tr><td><strong>Aster<\/strong><\/td><td>Lilla, rosa, blu<\/td><td>Fiorisce fino a novembre<\/td><\/tr><tr><td><strong>Sedum<\/strong><\/td><td>Rosso, rosa<\/td><td>Pianta grassa resistente, ama il sole<\/td><\/tr><tr><td><strong>Crisantemo<\/strong><\/td><td>Giallo, arancio, bordeaux<\/td><td>Spettacolare e duraturo in vaso<\/td><\/tr><\/tbody><\/table><\/figure>\n\n\n\n<figure class=\"wp-block-image size-full is-resized\"><img loading=\"lazy\" decoding=\"async\" width=\"305\" height=\"305\" src=\"https:\/\/impronte.eu\/news\/wp-content\/uploads\/2025\/09\/anna-errede-26-balcone-a-settembre.-04jpg.jpg\" alt=\"\" class=\"wp-image-17085\" style=\"width:387px;height:auto\" srcset=\"https:\/\/impronte.eu\/news\/wp-content\/uploads\/2025\/09\/anna-errede-26-balcone-a-settembre.-04jpg.jpg 305w, https:\/\/impronte.eu\/news\/wp-content\/uploads\/2025\/09\/anna-errede-26-balcone-a-settembre.-04jpg-300x300.jpg 300w, https:\/\/impronte.eu\/news\/wp-content\/uploads\/2025\/09\/anna-errede-26-balcone-a-settembre.-04jpg-150x150.jpg 150w, https:\/\/impronte.eu\/news\/wp-content\/uploads\/2025\/09\/anna-errede-26-balcone-a-settembre.-04jpg-70x70.jpg 70w\" sizes=\"auto, (max-width: 305px) 100vw, 305px\" \/><\/figure>\n\n\n\n<p><strong>3. Composizioni intelligenti tra altezze e colori<\/strong><\/p>\n\n\n\n<p>Per dare profondit\u00e0 e armonia al tuo balcone:<\/p>\n\n\n\n<ul class=\"wp-block-list\">\n<li>Usare<strong>vasi alti<\/strong> per erica e crisantemi sullo sfondo.<\/li>\n\n\n\n<li>Mettere<strong>piante ricadenti<\/strong> come edera o verbena ai bordi.<\/li>\n\n\n\n<li>Creare<strong>contrasti cromatici<\/strong> tra colori caldi (gialli, arancio) e freddi (lilla, blu, bianchi).<\/li>\n<\/ul>\n\n\n\n<p><strong>4. Cura e manutenzione nel periodo autunnale<\/strong><\/p>\n\n\n\n<ul class=\"wp-block-list\">\n<li><strong>Irrigazione:<\/strong> meno frequente, ma costante. <em>Evitare ristagni<\/em>.<\/li>\n\n\n\n<li><strong>Concimazione:<\/strong> usa fertilizzanti a rilascio lento o specifici per piante da fiore.<\/li>\n\n\n\n<li><strong>Protezione:<\/strong> se il balcone \u00e8 esposto al vento, prevedere ripari mobili o spostamenti notturni.<\/li>\n\n\n\n<li><strong>Pulizia periodica:<\/strong> togliere fiori secchi per stimolare nuove fioriture.<\/li>\n<\/ul>\n\n\n\n<figure class=\"wp-block-image size-full is-resized\"><img loading=\"lazy\" decoding=\"async\" width=\"311\" height=\"466\" src=\"https:\/\/impronte.eu\/news\/wp-content\/uploads\/2025\/09\/anna-errede-26-balcone-a-settembre.jpg\" alt=\"\" class=\"wp-image-17086\" style=\"width:387px;height:auto\" srcset=\"https:\/\/impronte.eu\/news\/wp-content\/uploads\/2025\/09\/anna-errede-26-balcone-a-settembre.jpg 311w, https:\/\/impronte.eu\/news\/wp-content\/uploads\/2025\/09\/anna-errede-26-balcone-a-settembre-200x300.jpg 200w\" sizes=\"auto, (max-width: 311px) 100vw, 311px\" \/><\/figure>\n\n\n\n<p><strong>5. Accessori e atmosfera<\/strong><\/p>\n\n\n\n<p>Aggiungere qualche <strong>luce calda a LED<\/strong>, <strong>candele in lanterne<\/strong> o <strong>piccole zucche ornamentali<\/strong> per un tocco stagionale. Se lo spazio lo consente, una sedia con coperta plaid rende il balcone un perfetto angolo lettura autunnale.<\/p>\n\n\n\n<p>L\u2019autunno non \u00e8 una stagione di ripiego: \u00e8 una nuova fase per il balcone, fatta di toni caldi, fioriture resistenti e atmosfera accogliente. Con qualche accortezza e le giuste piante, il rientro dalle vacanze pu\u00f2 trasformarsi in un\u2019occasione per rigenerare il tuo spazio verde<\/p>\n","protected":false},"excerpt":{"rendered":"<p>&nbsp;Il tuo balcone dopo le vacanze: come rigenerarlo e quali piante fiorite scegliere per l\u2019autunno Dopo le ferie estive, il rientro in citt\u00e0 \u00e8 spesso accompagnato da una triste scoperta: il nostro balcone, che fino a giugno era un angolo rigoglioso e vivo, si presenta ora trascurato, con piante secche, vasi disordinati e fogliame da&#8230;<\/p>\n","protected":false},"author":30,"featured_media":0,"comment_status":"open","ping_status":"open","sticky":false,"template":"","format":"standard","meta":{"footnotes":""},"categories":[63],"tags":[],"class_list":["post-17082","post","type-post","status-publish","format-standard","hentry","category-cultura"],"_links":{"self":[{"href":"https:\/\/impronte.eu\/news\/wp-json\/wp\/v2\/posts\/17082","targetHints":{"allow":["GET"]}}],"collection":[{"href":"https:\/\/impronte.eu\/news\/wp-json\/wp\/v2\/posts"}],"about":[{"href":"https:\/\/impronte.eu\/news\/wp-json\/wp\/v2\/types\/post"}],"author":[{"embeddable":true,"href":"https:\/\/impronte.eu\/news\/wp-json\/wp\/v2\/users\/30"}],"replies":[{"embeddable":true,"href":"https:\/\/impronte.eu\/news\/wp-json\/wp\/v2\/comments?post=17082"}],"version-history":[{"count":1,"href":"https:\/\/impronte.eu\/news\/wp-json\/wp\/v2\/posts\/17082\/revisions"}],"predecessor-version":[{"id":17087,"href":"https:\/\/impronte.eu\/news\/wp-json\/wp\/v2\/posts\/17082\/revisions\/17087"}],"wp:attachment":[{"href":"https:\/\/impronte.eu\/news\/wp-json\/wp\/v2\/media?parent=17082"}],"wp:term":[{"taxonomy":"category","embeddable":true,"href":"https:\/\/impronte.eu\/news\/wp-json\/wp\/v2\/categories?post=17082"},{"taxonomy":"post_tag","embeddable":true,"href":"https:\/\/impronte.eu\/news\/wp-json\/wp\/v2\/tags?post=17082"}],"curies":[{"name":"wp","href":"https:\/\/api.w.org\/{rel}","templated":true}]}}