{"id":17184,"date":"2025-10-27T17:20:21","date_gmt":"2025-10-27T16:20:21","guid":{"rendered":"https:\/\/impronte.eu\/news\/?p=17184"},"modified":"2025-10-27T17:20:21","modified_gmt":"2025-10-27T16:20:21","slug":"vaticano-e-roma-in-dialogo-su-etica-scienza-e-spiritualita-nel-decimo-anniversario-del-world-changers-summit-del-professore-gabriele-andreoli","status":"publish","type":"post","link":"https:\/\/impronte.eu\/news\/vaticano-e-roma-in-dialogo-su-etica-scienza-e-spiritualita-nel-decimo-anniversario-del-world-changers-summit-del-professore-gabriele-andreoli\/","title":{"rendered":"Vaticano e Roma in dialogo su etica scienza e spiritualit\u00e0 nel decimo anniversario del World Changers Summit del Professore Gabriele Andreoli."},"content":{"rendered":"\n<p><strong>Decima edizione <a>del World Changers Summit <\/a>organizzato dal Professor Gabriele Andreoli, <\/strong>presidente deldall\u2019Istituto di Studi Avanzati e Cooperazione (IASC). Tre splendide location per la due giorni di questo evento straordinario: i Saloni della Principessa di Palazzo Brancaccio, La Pontificia Accademia delle Scienze, nei Giardini vaticani e la incantevole Chiesa degli Artisti a Piazza del Popolo. Cos\u00ec nei giorni del 21 e 22 ottobre Roma e Citt\u00e0 del Vaticano sono divenute il cuore del dialogo mondiale tra etica, scienza e spiritualit\u00e0<strong>.<\/strong><\/p>\n\n\n\n<figure class=\"wp-block-image size-full\"><img loading=\"lazy\" decoding=\"async\" width=\"502\" height=\"226\" src=\"https:\/\/impronte.eu\/news\/wp-content\/uploads\/2025\/10\/MARTINA-0001-BRANCACCIO.jpg\" alt=\"\" class=\"wp-image-17185\" srcset=\"https:\/\/impronte.eu\/news\/wp-content\/uploads\/2025\/10\/MARTINA-0001-BRANCACCIO.jpg 502w, https:\/\/impronte.eu\/news\/wp-content\/uploads\/2025\/10\/MARTINA-0001-BRANCACCIO-300x135.jpg 300w\" sizes=\"auto, (max-width: 502px) 100vw, 502px\" \/><\/figure>\n\n\n\n<p>Riconosciuto a livello internazionale per la sua visione interdisciplinare e umanistica, infatti, il Summit riunisce scienziati, imprenditori, accademici e leader istituzionali per affrontare le sfide globali legate all\u2019evoluzione tecnologica e al progresso umano con uno sguardo etico e profondamente incentrato sui valori della cristianit\u00e0 e del cattolicesimo.<\/p>\n\n\n\n<p>I vertici ideati dal Prof. Gabriele Andreoli, che \u00e8 anche Presidente di Ethical AI per la Lega Italiana per i Diritti Umani (LIDU Onlus) oltre che Rappresentante di collegamento della Pontificia Accademia di Teologia, sono ormai una delle piattaforme di riferimento per la promozione dell\u2019innovazione etica e della cooperazione internazionale.<\/p>\n\n\n\n<figure class=\"wp-block-image size-full is-resized\"><img loading=\"lazy\" decoding=\"async\" width=\"324\" height=\"720\" src=\"https:\/\/impronte.eu\/news\/wp-content\/uploads\/2025\/10\/MARTINA-BRANCACCIO-0003.jpg\" alt=\"\" class=\"wp-image-17187\" style=\"width:387px;height:auto\" srcset=\"https:\/\/impronte.eu\/news\/wp-content\/uploads\/2025\/10\/MARTINA-BRANCACCIO-0003.jpg 324w, https:\/\/impronte.eu\/news\/wp-content\/uploads\/2025\/10\/MARTINA-BRANCACCIO-0003-135x300.jpg 135w\" sizes=\"auto, (max-width: 324px) 100vw, 324px\" \/><\/figure>\n\n\n\n<p>L\u2019edizione 2025, dal titolo \u201c<em>Trascendenza: svelare il futuro dell\u2019umanit\u00e0<\/em>\u201d, si \u00e8 articolata in tre momenti principali:<\/p>\n\n\n\n<p>\u2022 21 ottobre, presso i Saloni della Principessa di Palazzo Brancaccio, si \u00e8 svolto il summit dedicato a Intelligenza Artificiale, tecnologie quantistiche e trascendenza ed \u00e8 stato presentato, in anteprima italiana, il volume <strong><em>Trascendenza. Tra scienza e coscienza: l\u2019intelligenza artificiale nell\u2019era della trasformazione quantistica<\/em><\/strong>, scritto dal Professor Gabriele &nbsp;Andreoli e pubblicato da <strong>Aracne Edizioni<\/strong>. Tra i relatori hanno fatto uno splendido intervento <strong>Monsignor Vincenzo Paglia<\/strong> e <strong>Suor Miryam Castelli<\/strong> (ideatrice e conduttrice del programma religioso per gli italiani all\u2019etero della Rai <em>Cristianit\u00e0<\/em>).<\/p>\n\n\n\n<figure class=\"wp-block-image size-full\"><img loading=\"lazy\" decoding=\"async\" width=\"486\" height=\"219\" src=\"https:\/\/impronte.eu\/news\/wp-content\/uploads\/2025\/10\/MARTINA-BRANCACCIO-0002.jpg\" alt=\"\" class=\"wp-image-17186\" srcset=\"https:\/\/impronte.eu\/news\/wp-content\/uploads\/2025\/10\/MARTINA-BRANCACCIO-0002.jpg 486w, https:\/\/impronte.eu\/news\/wp-content\/uploads\/2025\/10\/MARTINA-BRANCACCIO-0002-300x135.jpg 300w\" sizes=\"auto, (max-width: 486px) 100vw, 486px\" \/><\/figure>\n\n\n\n<p>Il testo esplora la convergenza tra intelligenza artificiale, coscienza e trascendenza, confermando l\u2019autore come una delle eccellenze italiane pi\u00f9 attive nella diplomazia scientifica e culturale internazionale, che pone sempre al vertice l\u2019etica e la matrice cattolica che devono governare il progresso scientifico.<\/p>\n\n\n\n<p>La serata \u00e8 stata occasione inoltre per presentare il numero speciale della rivista <em>The Italian Way<\/em> e una straordinaria performance per mostrare come i segnali neuronali interagiscono in tempo reale con un algoritmo sviluppato dal Prof. Filippo Gregoretti dopo oltre dieci anni di ricerca.<\/p>\n\n\n\n<figure class=\"wp-block-image size-full\"><img loading=\"lazy\" decoding=\"async\" width=\"694\" height=\"490\" src=\"https:\/\/impronte.eu\/news\/wp-content\/uploads\/2025\/10\/MARTINA-BRANCACCIO-0004.jpg\" alt=\"\" class=\"wp-image-17189\" srcset=\"https:\/\/impronte.eu\/news\/wp-content\/uploads\/2025\/10\/MARTINA-BRANCACCIO-0004.jpg 694w, https:\/\/impronte.eu\/news\/wp-content\/uploads\/2025\/10\/MARTINA-BRANCACCIO-0004-300x212.jpg 300w, https:\/\/impronte.eu\/news\/wp-content\/uploads\/2025\/10\/MARTINA-BRANCACCIO-0004-580x410.jpg 580w\" sizes=\"auto, (max-width: 694px) 100vw, 694px\" \/><\/figure>\n\n\n\n<p>\u2022 22 ottobre, nella suggestiva cornice della <strong>Pontificia Accademia delle Scienze in Vaticano<\/strong>, si &nbsp;\u00e8 svolto il<strong> summit scientifico<\/strong> con la presentazione di una <strong>pizza proteica speciale dedicata a Sua Santit\u00e0 Papa Leone XIV, simbolo dell\u2019incontro tra innovazione, nutrizione e valori spirituali<\/strong>; In questa occasione \u00e8 stato presentato anche il <strong>dipinto speciale \u201cTrascendenza\u201d, dedicato al dialogo eterno tra fede, scienza e creativit\u00e0, che l\u2019artista Rob Prior ha creato appositamente e che verr\u00e0 presto consegnato al Papa<\/strong>.<\/p>\n\n\n\n<p>\u2022 Nella serata del 22 ottobre, alle ore 19:00, l\u2019evento si \u00e8 chiuso con la celebrazione della <strong>Santa Messa nella Chiesa degli Artisti<\/strong> (Santa Maria in Montesanto), in Piazza del Popolo, ufficiata da <strong>S.E. Mons. Antonio Staglian\u00f2, Presidente della Pontificia Accademia di Teologia.<\/strong><\/p>\n\n\n\n<figure class=\"wp-block-image size-large\"><img loading=\"lazy\" decoding=\"async\" width=\"1024\" height=\"683\" src=\"https:\/\/impronte.eu\/news\/wp-content\/uploads\/2025\/10\/MARTINA-BRANCACCIO-0005-1024x683.jpg\" alt=\"\" class=\"wp-image-17188\" srcset=\"https:\/\/impronte.eu\/news\/wp-content\/uploads\/2025\/10\/MARTINA-BRANCACCIO-0005-1024x683.jpg 1024w, https:\/\/impronte.eu\/news\/wp-content\/uploads\/2025\/10\/MARTINA-BRANCACCIO-0005-300x200.jpg 300w, https:\/\/impronte.eu\/news\/wp-content\/uploads\/2025\/10\/MARTINA-BRANCACCIO-0005-768x512.jpg 768w, https:\/\/impronte.eu\/news\/wp-content\/uploads\/2025\/10\/MARTINA-BRANCACCIO-0005-1536x1025.jpg 1536w, https:\/\/impronte.eu\/news\/wp-content\/uploads\/2025\/10\/MARTINA-BRANCACCIO-0005-580x387.jpg 580w, https:\/\/impronte.eu\/news\/wp-content\/uploads\/2025\/10\/MARTINA-BRANCACCIO-0005-860x574.jpg 860w, https:\/\/impronte.eu\/news\/wp-content\/uploads\/2025\/10\/MARTINA-BRANCACCIO-0005-1160x774.jpg 1160w, https:\/\/impronte.eu\/news\/wp-content\/uploads\/2025\/10\/MARTINA-BRANCACCIO-0005.jpg 1616w\" sizes=\"auto, (max-width: 1024px) 100vw, 1024px\" \/><\/figure>\n\n\n\n<p>L\u2019omelia di Monsignor Staglian\u00f2 \u00e8 stata veramente intensa e, inoltre, \u00e8 arrivata al cuore dei presenti anche per lo sguardo di amore verso <strong>San Giovanni Paolo II<\/strong>, la cui ricorrenza ricorreva proprio il 22 ottobre. Il discorso pronunciato da Staglian\u00f2 ha affrontato il concetto di&nbsp;trascendenza&nbsp;attraverso il dialogo tra fede e scienza. Monsignor Staglian\u00f2, Presidente della Pontificia Accademia di Teologia, ha ringraziato per la litografia di Rob Prior chiamata <strong><em>Transcendence<\/em><\/strong> che incarna questo dialogo e che \u00e8 stata donata alla Chiesa degli Artisti. Il discorso si \u00e8 poi concentrato sulla&nbsp;scelta spirituale&nbsp;fondamentale che ogni individuo deve affrontare. Utilizzando la metafora biblica della schiavit\u00f9 di San Paolo, ha spiegato che ci sono solo due padroni: il&nbsp;Peccato, che porta all&#8217;autocentrismo e alla morte spirituale, e&nbsp;Cristo, che offre la rettitudine e la vera libert\u00e0. Inoltre, nel discorso Staglian\u00f2 &nbsp;ha utilizzato sapientemente l\u2019immagine evangelica del&nbsp;servo fedele&nbsp;e infedele per illustrare la responsabilit\u00e0 che i credenti hanno di gestire la loro vita e i loro doni, come se il Maestro (Ges\u00f9) fosse sempre presente, trasformando cos\u00ec la vita stessa in un capolavoro di co-creazione con Dio. Partendo dall\u2019opera d\u2019arte <strong><em>Trascendenza<\/em><\/strong> Monsignor Staglian\u00f2 ha tessuto tutta la sua omelia: \u201c\u00c8 un&#8217;opera che \u00e8 davvero all&#8217;altezza del suo nome. Quando la guardiamo, vediamo un dialogo\u2014conversazione bellissima, turbolenta e maestosa tra fede, scienza e l&#8217;infinito. Cattura quel desiderio umano di andare oltre ci\u00f2 che possiamo vedere e toccare, per afferrare qualcosa\u2026 o Qualcuno\u2026 di eterno. E non \u00e8 forse questo il viaggio che stiamo percorrendo? Questo pellegrinaggio? Questa vita? \u00c8 affascinante come in questo dialogo tra fede e scienza, entrambi stiano in ultima analisi esplorando la natura della realt\u00e0 e la questione di chi\u2014o cosa\u2014\u00e8 al comando. E questo ci porta direttamente alla Parola di Dio di oggi, che ci presenta una verit\u00e0 esistenziale e profonda. \u00c8 una verit\u00e0 che inquadra la nostra intera ricerca di trascendenza. San Paolo lo afferma chiaramente. Dice: \u201cSiete schiavi di colui cui obbedite.\u201d Ora, quella parola \u201cschiavo\u201d pu\u00f2 metterci a disagio. Siamo persone orgogliose, libere! Ma Paolo non sta parlando di libert\u00e0 politica. Sta parlando di una realt\u00e0 spirituale. Sta dicendo che ogni cuore umano ha un trono. E su quel trono c&#8217;\u00e8 un padrone. Ci sono solo due opzioni. Il primo padrone \u00e8 il Peccato. Non si tratta solo di fare cose cattive. \u00c8 quella potente forza di egocentrismo che vuole regnare nei nostri corpi mortali. \u00c8 la voce che dice: \u201cIl tuo piacere, la tua sicurezza, il tuo ego, il tuo controllo \u00e8 l&#8217;obiettivo finale.\u201d E Paolo dice che questo padrone paga i suoi salari in una valuta chiamata Morte\u2014la morte della pace, la morte della gioia, la morte del vero rapporto. Ma, \u201cSiano rese grazie a Dio,\u201d esclama Paolo, c&#8217;\u00e8 un altro Padrone. E quando ci offriamo a Lui, riceviamo un esito totalmente diverso: non la morte, ma la giustizia. Non catene, ma una libert\u00e0 cos\u00ec profonda da poter essere chiamata solo grazia. Questa \u00e8 la scelta cosmica: chi siede sul trono del tuo cuore? Ora, Ges\u00f9, nel Vangelo, prende questa idea astratta e la rende incredibilmente pratica. Egli \u00e8 il Padrone della Casa. E usa questa immagine bella e semplice di una casa. \u00c8 partito per un viaggio\u2014la Sua Ascensione\u2014ma torner\u00e0. E nel frattempo, ha lasciato noi, Suoi servi, a gestire la Sua casa. Ci ha affidato dei doni\u2014le nostre vite, il nostro tempo, i nostri talenti, questo stesso mondo e il dono della fede stessa. Il servo fedele \u00e8 colui che vive come se il Padrone fosse presente. Si prende cura della casa. D\u00e0 da mangiare agli altri. \u00c8 responsabile del dono. \u00c8 vigile. Il servo infedele, tuttavia, dice: \u201cIl mio padrone \u00e8 in ritardo.\u201d E quella distanza percepita, quel ritardo, diventa una scusa per un cambio di fedelt\u00e0. Comincia a picchiare i suoi compagni servi, mangiando e bevendo, ubriacandosi. Smette di servire il Padrone e inizia a servire s\u00e9 stesso. Cambia padrone. Abbandona l&#8217;amministrazione del dono per l&#8217;autoindulgenza. Quindi, colleghiamo tutto questo con l&#8217;immagine della <em>Trascendenza<\/em> che ci avete donato. Le nostre vite sono come quella tela. C&#8217;\u00e8 un dialogo in corso, una lotta di colori e forze. Il vecchio padrone, il Peccato, vuole dipingere un quadro di caos, di s\u00e9, di orizzonti chiusi. Le sue pennellate sono dipendenza, risentimento, orgoglio. Possono sembrare vibranti e libere per un momento, ma in definitiva portano a una macchia scura e priva di significato. Ma Cristo, l&#8217;Artista Divino, il vero Padrone della Casa, \u00e8 entrato nello studio. Sulla croce, Egli ha versato il colore supremo\u2014il colore dell&#8217;amore sacrificale. Quando scegli il perdono al posto del rancore, quella \u00e8 una pennellata nello stile del Padrone. Quando usi la tua mente scientifica per esplorare le meraviglie del creato con riverenza, stai scoprendo una parte del Suo capolavoro.<\/p>\n\n\n\n<p>&nbsp;Quando offri una parola di speranza, quando preghi, quando ricevi l&#8217;Eucaristia, stai intingendo il tuo pennello nella tavolozza infinita della Sua grazia. La \u201ctrascendenza\u201d che cerchiamo\u2014quel dialogo tra fede, scienza, e infinito\u2014trova la sua risposta ultima nella persona di Ges\u00f9 Cristo. Egli \u00e8 il Verbo attraverso cui tutte le galassie sono state filate, e l&#8217;Agnello che \u00e8 stato immolato per amore. In Lui, l&#8217;infinito diventa intimo. Egli non \u00e8 un Padrone in ritardo. Egli \u00e8 Colui che \u00e8 presente. Ed essere \u201cschiavi\u201d di questo Padrone \u00e8 l&#8217;unica vera libert\u00e0. Poich\u00e9 la Sua volont\u00e0 non \u00e8 un vincolo, ma la forma stessa della nostra realizzazione. La Sua casa \u00e8 l&#8217;intero cosmo, e Lui ve ne ha affidata una parte.<\/p>\n\n\n\n<p>Quindi, mentre continuate il vostro pellegrinaggio, guardate il capolavoro della vostra vita. Chi tiene in mano il pennello? \u00c8 il padrone crudele e temporaneo del s\u00e9? O \u00e8 Cristo, il Padrone fedele e vero, che vi invita al lavoro gioioso, vigile e trascendente di amministrare il Suo amore per il mondo? Viviamo oggi, e ogni giorno, nella libert\u00e0 del Suo servizio. Amen\u201d.<\/p>\n","protected":false},"excerpt":{"rendered":"<p>Decima edizione del World Changers Summit organizzato dal Professor Gabriele Andreoli, presidente deldall\u2019Istituto di Studi Avanzati e Cooperazione (IASC). Tre splendide location per la due giorni di questo evento straordinario: i Saloni della Principessa di Palazzo Brancaccio, La Pontificia Accademia delle Scienze, nei Giardini vaticani e la incantevole Chiesa degli Artisti a Piazza del Popolo&#8230;.<\/p>\n","protected":false},"author":2,"featured_media":0,"comment_status":"open","ping_status":"open","sticky":false,"template":"","format":"standard","meta":{"footnotes":""},"categories":[63],"tags":[],"class_list":["post-17184","post","type-post","status-publish","format-standard","hentry","category-cultura"],"_links":{"self":[{"href":"https:\/\/impronte.eu\/news\/wp-json\/wp\/v2\/posts\/17184","targetHints":{"allow":["GET"]}}],"collection":[{"href":"https:\/\/impronte.eu\/news\/wp-json\/wp\/v2\/posts"}],"about":[{"href":"https:\/\/impronte.eu\/news\/wp-json\/wp\/v2\/types\/post"}],"author":[{"embeddable":true,"href":"https:\/\/impronte.eu\/news\/wp-json\/wp\/v2\/users\/2"}],"replies":[{"embeddable":true,"href":"https:\/\/impronte.eu\/news\/wp-json\/wp\/v2\/comments?post=17184"}],"version-history":[{"count":1,"href":"https:\/\/impronte.eu\/news\/wp-json\/wp\/v2\/posts\/17184\/revisions"}],"predecessor-version":[{"id":17190,"href":"https:\/\/impronte.eu\/news\/wp-json\/wp\/v2\/posts\/17184\/revisions\/17190"}],"wp:attachment":[{"href":"https:\/\/impronte.eu\/news\/wp-json\/wp\/v2\/media?parent=17184"}],"wp:term":[{"taxonomy":"category","embeddable":true,"href":"https:\/\/impronte.eu\/news\/wp-json\/wp\/v2\/categories?post=17184"},{"taxonomy":"post_tag","embeddable":true,"href":"https:\/\/impronte.eu\/news\/wp-json\/wp\/v2\/tags?post=17184"}],"curies":[{"name":"wp","href":"https:\/\/api.w.org\/{rel}","templated":true}]}}